{"id":24711,"date":"2025-07-03T14:41:24","date_gmt":"2025-07-03T17:41:24","guid":{"rendered":"https:\/\/novosaopaulo.com.br\/n1\/?p=24711"},"modified":"2025-07-03T14:41:25","modified_gmt":"2025-07-03T17:41:25","slug":"tributo-a-adoniram-barbosa-e-cartola-por-matheus-mare","status":"publish","type":"post","link":"https:\/\/novosaopaulo.com.br\/n1\/tributo-a-adoniram-barbosa-e-cartola-por-matheus-mare\/","title":{"rendered":"Tributo a Adoniram Barbosa, e Cartola Por Matheus Mar\u00ea"},"content":{"rendered":"\n<p>No dia 05 de agosto, o cantor e compositor Matheus Mar\u00ea sobe ao prestigiado palco do Blue Note S\u00e3o Paulo para homenagear dois dos maiores pilares do samba e da m\u00fasica popular brasileira: Adoniran Barbosa e Cartola.<\/p>\n\n\n\n<p>Com uma forma\u00e7\u00e3o especial, cuidadosamente pensada para a atmosfera intimista do Blue Note, o show promete unir rever\u00eancia, ousadia, ritmo e melodia em uma viagem musical \u00fanica, celebrando a ess\u00eancia do samba e a genialidade desses dois mestres que marcaram gera\u00e7\u00f5es.<\/p>\n\n\n\n<p>A apresenta\u00e7\u00e3o contar\u00e1 com uma forma\u00e7\u00e3o diferenciada, composta por:<br>&nbsp;Voz<br>&nbsp;Piano<br>Flauta de choro (flauta transversal)<br>Percuss\u00e3o<\/p>\n\n\n\n<p>Prepare-se para uma noite repleta de cl\u00e1ssicos eternizados na voz de Adoniran e Cartola, interpretados com emo\u00e7\u00e3o, respeito e uma nova roupagem que Matheus Mar\u00ea imprime em cada acorde e verso.<\/p>\n\n\n\n<p>Al\u00e9m de revisitar obras ic\u00f4nicas como Saudosa Maloca, Trem das Onze, O Mundo \u00e9 um Moinho e As Rosas N\u00e3o Falam.<\/p>\n\n\n\n<p>Matheus faz quest\u00e3o em manter viva a heran\u00e7a do samba, sem abrir m\u00e3o da inova\u00e7\u00e3o.<\/p>\n\n\n\n<p>&nbsp;Data: 05\/08\/2025<br>Hor\u00e1rio: 22h30<br>Local: Blue Note S\u00e3o Paulo \u2014 Av. Paulista, 2073 \u2013 2\u00ba andar<br>Ingressos: Dispon\u00edveis no link da bio (Eventim)<\/p>\n\n\n\n<p>Venha celebrar o que existe de mais puro e aut\u00eantico na m\u00fasica brasileira! Traga sua fam\u00edlia, convide os amigos e viva essa experi\u00eancia que promete emocionar e aquecer o cora\u00e7\u00e3o de todos os amantes do samba.<\/p>\n\n\n\n<p>Matheus Mar\u00ea segue firme no prop\u00f3sito de projetar sua carreira como excelente interprete,&nbsp; artista autoral, apresentando suas composi\u00e7\u00f5es e reverenciando, no palco, suas maiores influ\u00eancias musicais.<\/p>\n\n\n\n<p>Garanta j\u00e1 o seu ingresso e n\u00e3o fique de fora dessa noite inesquec\u00edvel!<\/p>\n\n\n\n<p><\/p>\n","protected":false},"excerpt":{"rendered":"<p>No dia 05 de agosto, o cantor e compositor Matheus Mar\u00ea sobe ao prestigiado palco&#8230;<\/p>\n","protected":false},"author":1,"featured_media":24712,"comment_status":"open","ping_status":"open","sticky":false,"template":"","format":"standard","meta":{"footnotes":""},"categories":[2],"tags":[],"featured_image_urls":{"full":["https:\/\/novosaopaulo.com.br\/n1\/wp-content\/uploads\/2025\/07\/WhatsApp-Image-2025-07-03-at-13.41.49.jpeg",900,1600,false],"thumbnail":["https:\/\/novosaopaulo.com.br\/n1\/wp-content\/uploads\/2025\/07\/WhatsApp-Image-2025-07-03-at-13.41.49-150x150.jpeg",150,150,true],"medium":["https:\/\/novosaopaulo.com.br\/n1\/wp-content\/uploads\/2025\/07\/WhatsApp-Image-2025-07-03-at-13.41.49-169x300.jpeg",169,300,true],"medium_large":["https:\/\/novosaopaulo.com.br\/n1\/wp-content\/uploads\/2025\/07\/WhatsApp-Image-2025-07-03-at-13.41.49-768x1365.jpeg",640,1138,true],"large":["https:\/\/novosaopaulo.com.br\/n1\/wp-content\/uploads\/2025\/07\/WhatsApp-Image-2025-07-03-at-13.41.49-576x1024.jpeg",576,1024,true],"1536x1536":["https:\/\/novosaopaulo.com.br\/n1\/wp-content\/uploads\/2025\/07\/WhatsApp-Image-2025-07-03-at-13.41.49-864x1536.jpeg",864,1536,true],"2048x2048":["https:\/\/novosaopaulo.com.br\/n1\/wp-content\/uploads\/2025\/07\/WhatsApp-Image-2025-07-03-at-13.41.49.jpeg",900,1600,false],"newsever-slider-full":["https:\/\/novosaopaulo.com.br\/n1\/wp-content\/uploads\/2025\/07\/WhatsApp-Image-2025-07-03-at-13.41.49-900x845.jpeg",900,845,true],"newsever-featured":["https:\/\/novosaopaulo.com.br\/n1\/wp-content\/uploads\/2025\/07\/WhatsApp-Image-2025-07-03-at-13.41.49.jpeg",900,1600,false],"newsever-medium":["https:\/\/novosaopaulo.com.br\/n1\/wp-content\/uploads\/2025\/07\/WhatsApp-Image-2025-07-03-at-13.41.49-720x475.jpeg",720,475,true]},"author_info":{"display_name":"Reda\u00e7\u00e3o","author_link":"https:\/\/novosaopaulo.com.br\/n1\/author\/g5poa\/"},"category_info":"<a href=\"https:\/\/novosaopaulo.com.br\/n1\/category\/cidades\/\" rel=\"category tag\">Cidades<\/a>","tag_info":"Cidades","comment_count":"0","_links":{"self":[{"href":"https:\/\/novosaopaulo.com.br\/n1\/wp-json\/wp\/v2\/posts\/24711"}],"collection":[{"href":"https:\/\/novosaopaulo.com.br\/n1\/wp-json\/wp\/v2\/posts"}],"about":[{"href":"https:\/\/novosaopaulo.com.br\/n1\/wp-json\/wp\/v2\/types\/post"}],"author":[{"embeddable":true,"href":"https:\/\/novosaopaulo.com.br\/n1\/wp-json\/wp\/v2\/users\/1"}],"replies":[{"embeddable":true,"href":"https:\/\/novosaopaulo.com.br\/n1\/wp-json\/wp\/v2\/comments?post=24711"}],"version-history":[{"count":1,"href":"https:\/\/novosaopaulo.com.br\/n1\/wp-json\/wp\/v2\/posts\/24711\/revisions"}],"predecessor-version":[{"id":24713,"href":"https:\/\/novosaopaulo.com.br\/n1\/wp-json\/wp\/v2\/posts\/24711\/revisions\/24713"}],"wp:featuredmedia":[{"embeddable":true,"href":"https:\/\/novosaopaulo.com.br\/n1\/wp-json\/wp\/v2\/media\/24712"}],"wp:attachment":[{"href":"https:\/\/novosaopaulo.com.br\/n1\/wp-json\/wp\/v2\/media?parent=24711"}],"wp:term":[{"taxonomy":"category","embeddable":true,"href":"https:\/\/novosaopaulo.com.br\/n1\/wp-json\/wp\/v2\/categories?post=24711"},{"taxonomy":"post_tag","embeddable":true,"href":"https:\/\/novosaopaulo.com.br\/n1\/wp-json\/wp\/v2\/tags?post=24711"}],"curies":[{"name":"wp","href":"https:\/\/api.w.org\/{rel}","templated":true}]}}