{"id":24673,"date":"2025-06-29T15:48:25","date_gmt":"2025-06-29T18:48:25","guid":{"rendered":"https:\/\/novosaopaulo.com.br\/n1\/?p=24673"},"modified":"2025-06-29T15:48:26","modified_gmt":"2025-06-29T18:48:26","slug":"com-casa-cheia-nattan-e-consagrado-em-bh-com-o-desmanttelo-o-festival","status":"publish","type":"post","link":"https:\/\/novosaopaulo.com.br\/n1\/com-casa-cheia-nattan-e-consagrado-em-bh-com-o-desmanttelo-o-festival\/","title":{"rendered":"Com casa cheia, Nattan \u00e9 consagrado em BH com o \u201cDesmanttelo \u2013 O Festival\u201d"},"content":{"rendered":"\n<p>Versatilidade musical e muita intera\u00e7\u00e3o com o p\u00fablico marcaram a festa hist\u00f3rica na capital mineira<\/p>\n\n\n\n<p>Neste s\u00e1bado, 28 de junho, o Mineirinho foi palco de uma verdadeira festa com o \u201cDesmanttelo &#8211; O Festival\u201d. O evento, idealizado pelo artista cearense e fen\u00f4meno da m\u00fasica brasileira, Nattan, reuniu uma multid\u00e3o de f\u00e3s de Belo Horizonte e toda a regi\u00e3o, consolidando mais uma vez o sucesso do artista no pa\u00eds.<br>Em mais de tr\u00eas horas de apresenta\u00e7\u00e3o, Nattan mostrou sua versatilidade musical em um setlist com quase 70 m\u00fasicas, passeando por g\u00eaneros como sertanejo, forr\u00f3, pagode, funk, ax\u00e9 e mod\u00e3o. No repert\u00f3rio, tamb\u00e9m n\u00e3o ficaram de fora os seus hits como \u201cAmor na Praia\u201d, \u201c\u00daltima Noite\u201d, \u201cMorena\u201d, \u201cNunca Mais\u201d, \u201cLove Gostosinho\u201d, \u201cEu Vou Sentar\u201d e mais.<br>O cantor manteve a energia nas alturas do in\u00edcio ao fim, fazendo aquela resenha divertida que ele n\u00e3o abre m\u00e3o nos seus shows. \u201cFoi gostoso demais ver o Mineirinho lotado e sentir essa troca com o p\u00fablico de BH. Essa cidade sempre me acolhe com tanto carinho, e poder trazer o Desmanttelo pra c\u00e1, com meus irm\u00e3os Felipe e L\u00e9o, foi especial\u201d, celebrou Nattan.<br>\u201cDesmanttelo &#8211; O Festival\u201d contou com participa\u00e7\u00f5es especiais de Felipe Amorim e L\u00e9o Foguete, artistas do line-up que, assim como Nattan, fazem parte do casting da Vybbe, um dos maiores escrit\u00f3rios de m\u00fasica e entretenimento do pa\u00eds.<br>Somando \u00e0 presen\u00e7a de palco contagiante de Nattan, o festival tamb\u00e9m se destacou pela estrutura e cenografia, al\u00e9m de uma produ\u00e7\u00e3o impec\u00e1vel, que refor\u00e7ou a proposta do Desmanttelo como um dos eventos mais completos do pa\u00eds. Cada detalhe foi cuidadosamente pensado para proporcionar ao p\u00fablico uma experi\u00eancia \u00fanica \u2014 e cumpriu com excel\u00eancia esse prop\u00f3sito.<br>Em sua primeira edi\u00e7\u00e3o em Belo Horizonte, o \u201cDesmanttelo do Nattan\u201d mostrou ainda mais for\u00e7a ao reunir milhares de pessoas em um evento marcado por muita m\u00fasica, emo\u00e7\u00e3o e troca do cantor com o p\u00fablico.<\/p>\n\n\n\n<p>Sobre Nattan<\/p>\n\n\n\n<p>Com 26 anos, Nattan \u00e9 um dos maiores nomes da m\u00fasica brasileira atual. Nascido em Sobral e criado em Tiangu\u00e1, no interior do Cear\u00e1, o cantor soma mais de 10 milh\u00f5es de ouvintes mensais no Spotify, mais de 10 milh\u00f5es de seguidores no Instagram e 2 milh\u00f5es de inscritos no YouTube.<\/p>\n\n\n\n<p>Em 2023, lan\u00e7ou o EP \u201cPra Quebrar a Cara\u201d e criou a label \u201cDesmanttelo do Nattan\u201d, que se transformou em festival e percorreu o pa\u00eds. No mesmo ano, emplacou o hit \u201cLove Gostosinho\u201d, com Felipe Amorim, com mais de 175 milh\u00f5es de plays e presen\u00e7a no Top 5 de 13 estados. Tamb\u00e9m esteve entre os mais ouvidos em 8 estados e foi o mais adicionado a playlists de forr\u00f3 no Spotify.<\/p>\n\n\n\n<p>Em 2024, lan\u00e7ou o projeto \u201cEstilo Nattanzinho\u201d, com destaque para \u201cEu Vou Sentar\u201d (feat. Melody) e \u201cPega Cabuloso\u201d (com Ana Castela). O single \u201cAmor na Praia\u201d tamb\u00e9m chegou ao topo do Spotify Brasil e soma hoje mais de 68 milh\u00f5es de plays.<\/p>\n\n\n\n<p>J\u00e1 em 2025, realizou duas apresenta\u00e7\u00f5es em Portugal durante o FestyVybbe e lan\u00e7ou os sucessos \u201cPerversa\u201d e o medley com Roberta Miranda no projeto Deu Vybbe. Entre seus maiores hits est\u00e3o \u201cComunica\u00e7\u00e3o Falhou\u201d, \u201cMorena\u201d e \u201cTem Cabar\u00e9 Essa Noite\u201d.<\/p>\n\n\n\n<p>Cr\u00e9dito foto: BS Fotografias<\/p>\n","protected":false},"excerpt":{"rendered":"<p>Versatilidade musical e muita intera\u00e7\u00e3o com o p\u00fablico marcaram a festa hist\u00f3rica na capital mineira&#8230;<\/p>\n","protected":false},"author":1,"featured_media":24674,"comment_status":"open","ping_status":"open","sticky":false,"template":"","format":"standard","meta":{"footnotes":""},"categories":[2],"tags":[],"featured_image_urls":{"full":["https:\/\/novosaopaulo.com.br\/n1\/wp-content\/uploads\/2025\/06\/bs.jpg",698,464,false],"thumbnail":["https:\/\/novosaopaulo.com.br\/n1\/wp-content\/uploads\/2025\/06\/bs-150x150.jpg",150,150,true],"medium":["https:\/\/novosaopaulo.com.br\/n1\/wp-content\/uploads\/2025\/06\/bs-300x199.jpg",300,199,true],"medium_large":["https:\/\/novosaopaulo.com.br\/n1\/wp-content\/uploads\/2025\/06\/bs.jpg",640,425,false],"large":["https:\/\/novosaopaulo.com.br\/n1\/wp-content\/uploads\/2025\/06\/bs.jpg",640,425,false],"1536x1536":["https:\/\/novosaopaulo.com.br\/n1\/wp-content\/uploads\/2025\/06\/bs.jpg",698,464,false],"2048x2048":["https:\/\/novosaopaulo.com.br\/n1\/wp-content\/uploads\/2025\/06\/bs.jpg",698,464,false],"newsever-slider-full":["https:\/\/novosaopaulo.com.br\/n1\/wp-content\/uploads\/2025\/06\/bs.jpg",698,464,false],"newsever-featured":["https:\/\/novosaopaulo.com.br\/n1\/wp-content\/uploads\/2025\/06\/bs.jpg",698,464,false],"newsever-medium":["https:\/\/novosaopaulo.com.br\/n1\/wp-content\/uploads\/2025\/06\/bs.jpg",698,464,false]},"author_info":{"display_name":"Reda\u00e7\u00e3o","author_link":"https:\/\/novosaopaulo.com.br\/n1\/author\/g5poa\/"},"category_info":"<a href=\"https:\/\/novosaopaulo.com.br\/n1\/category\/cidades\/\" rel=\"category tag\">Cidades<\/a>","tag_info":"Cidades","comment_count":"0","_links":{"self":[{"href":"https:\/\/novosaopaulo.com.br\/n1\/wp-json\/wp\/v2\/posts\/24673"}],"collection":[{"href":"https:\/\/novosaopaulo.com.br\/n1\/wp-json\/wp\/v2\/posts"}],"about":[{"href":"https:\/\/novosaopaulo.com.br\/n1\/wp-json\/wp\/v2\/types\/post"}],"author":[{"embeddable":true,"href":"https:\/\/novosaopaulo.com.br\/n1\/wp-json\/wp\/v2\/users\/1"}],"replies":[{"embeddable":true,"href":"https:\/\/novosaopaulo.com.br\/n1\/wp-json\/wp\/v2\/comments?post=24673"}],"version-history":[{"count":1,"href":"https:\/\/novosaopaulo.com.br\/n1\/wp-json\/wp\/v2\/posts\/24673\/revisions"}],"predecessor-version":[{"id":24675,"href":"https:\/\/novosaopaulo.com.br\/n1\/wp-json\/wp\/v2\/posts\/24673\/revisions\/24675"}],"wp:featuredmedia":[{"embeddable":true,"href":"https:\/\/novosaopaulo.com.br\/n1\/wp-json\/wp\/v2\/media\/24674"}],"wp:attachment":[{"href":"https:\/\/novosaopaulo.com.br\/n1\/wp-json\/wp\/v2\/media?parent=24673"}],"wp:term":[{"taxonomy":"category","embeddable":true,"href":"https:\/\/novosaopaulo.com.br\/n1\/wp-json\/wp\/v2\/categories?post=24673"},{"taxonomy":"post_tag","embeddable":true,"href":"https:\/\/novosaopaulo.com.br\/n1\/wp-json\/wp\/v2\/tags?post=24673"}],"curies":[{"name":"wp","href":"https:\/\/api.w.org\/{rel}","templated":true}]}}