{"id":24618,"date":"2025-06-27T14:42:59","date_gmt":"2025-06-27T17:42:59","guid":{"rendered":"https:\/\/novosaopaulo.com.br\/n1\/?p=24618"},"modified":"2025-06-27T14:45:15","modified_gmt":"2025-06-27T17:45:15","slug":"itaqua-rodeio-fest-abre-inscricoes-para-eleger-rainha-e-princesas","status":"publish","type":"post","link":"https:\/\/novosaopaulo.com.br\/n1\/itaqua-rodeio-fest-abre-inscricoes-para-eleger-rainha-e-princesas\/","title":{"rendered":"Itaqu\u00e1 Rodeio Fest abre inscri\u00e7\u00f5es para eleger Rainha e Princesas"},"content":{"rendered":"\n<p>Corte ir\u00e1 representar Itaquaquecetuba-SP durante os cinco dias do evento; interessadas podem se inscrever at\u00e9 18\/7<\/p>\n\n\n\n<p>J\u00e1 est\u00e3o abertas as inscri\u00e7\u00f5es para o concurso que vai eleger a rainha e as princesas do Itaqu\u00e1 Rodeio Fest 2025, que vai celebrar os 465 anos de Itaquaquecetuba-SP, em setembro, com grandes shows e provas de rodeio. A organiza\u00e7\u00e3o da seletiva \u00e9 da Associa\u00e7\u00e3o Comercial e Industrial de Itaquaquecetuba (Acidi), com apoio da Secretaria Municipal de Cultura. Interessadas devem se inscrever at\u00e9 18\/7 (sexta-feira). A final ser\u00e1 em 22\/8 (sexta-feira).<\/p>\n\n\n\n<p>As candidatas devem ser moradoras de Itaqu\u00e1, terem entre 18 e 35 anos e disponibilidade para participarem dos eventos de promo\u00e7\u00e3o da festa. As interessadas tamb\u00e9m n\u00e3o podem ter parentesco com o corpo de jurados do concurso, nem pertencerem ao quadro de colaboradores da Prefeitura de Itaqu\u00e1 e de entidades sociais parceiras do poder p\u00fablico local.<\/p>\n\n\n\n<p>As candidatas \u00e0 Corte do Itaqu\u00e1 Rodeio Fest 2025 ser\u00e3o avaliadas a partir de crit\u00e9rios como beleza pl\u00e1stica, eleg\u00e2ncia, simpatia, desenvoltura e comunica\u00e7\u00e3o. A premia\u00e7\u00e3o ser\u00e1 de R$ 3,5 mil para a rainha, de R$ 2,5 mil para a 1\u00aa princesa e de R$ 1,5 mil para a 2\u00aa princesa. Em 2024, o concurso teve 50 inscritas.<\/p>\n\n\n\n<p>O regulamento completo e a ficha de inscri\u00e7\u00e3o est\u00e3o dispon\u00edveis no link<br>www.itaquaquecetuba.sp.gov.br\/arquivos\/Regulamento-Itaquaa-Rodeio-Fest-2025.pdf. \u00c9 necess\u00e1rio baixar, preencher o formul\u00e1rio e entregar, presencialmente, na Secretaria Municipal de Cultura (avenida Vereador Jo\u00e3o Fernandes da Silva, 53 &#8211; Vila Virg\u00ednia), de segunda \u00e0 sexta-feira, das 8h30 \u00e0s 16h30.<\/p>\n\n\n\n<p>No ato, as candidatas dever\u00e3o apresentar c\u00f3pia do RG, comprovante de endere\u00e7o e termo de responsabilidade assinado.<\/p>\n\n\n\n<p>Ap\u00f3s a finaliza\u00e7\u00e3o das inscri\u00e7\u00f5es, em 18\/7, haver\u00e1 reuni\u00e3o geral com todas as candidatas em 19\/7 (s\u00e1bado). No dia 20\/7 (domingo), acontece a fase eliminat\u00f3ria, que selecionar\u00e1 dez finalistas. Ensaios ocorrer\u00e3o entre os dias 21\/7 (segunda-feira) e 20\/8 (quarta-feira). A grande final do concurso est\u00e1 marcada para 22\/8 (sexta-feira), com in\u00edcio \u00e0s 19h, em local ainda a ser definido.<\/p>\n\n\n\n<p>O prefeito de Itaquaquecetuba, Delegado Eduardo Boigues (PL), um dos respons\u00e1veis por fazer com que a MP Promo\u00e7\u00f5es realize por mais um ano o Itaqu\u00e1 Rodeio Fest na cidade, destaca a import\u00e2ncia da elei\u00e7\u00e3o da Corte para o evento:<\/p>\n\n\n\n<p>\u201cAs representantes eleitas v\u00e3o simbolizar os valores e a cultura do nosso munic\u00edpio e estar\u00e3o em destaque durante toda a festa. \u00c9 um momento de valoriza\u00e7\u00e3o do talento das jovens que aqui vivem e do orgulho de pertencerem \u00e0 Itaquaquecetuba\u201d.<\/p>\n\n\n\n<p>Cinco dias de festa<br>O Itaqu\u00e1 Rodeio Fest 2025 ser\u00e1 realizado entre 5 e 13 de setembro. A programa\u00e7\u00e3o come\u00e7a em 5\/9 (sexta-feira), com shows de Z\u00e9 Neto &amp; Cristiano, e de Dennis DJ. No dia 6\/9 (s\u00e1bado), as atra\u00e7\u00f5es s\u00e3o Lauana Prado, e DJ Alok. Em 7\/\/9 (domingo), se apresentam Gustavo Mioto, e Luan Santana. No dia 12\/9 (sexta-feira), sobem ao palco Tatau, e Henrique &amp; Juliano. O encerramento, em 13\/9 (s\u00e1bado), ter\u00e1 MC Kevinho, Gusttavo Lima, e Turma do Pagode. O evento tamb\u00e9m ter\u00e1 provas de montaria, v\u00e1lidas pela Liga Nacional de Rodeio.<\/p>\n\n\n\n<p>Os ingressos j\u00e1 est\u00e3o \u00e0 venda no site oficial da festa (www.itaquarodeiofest.com.br). Os valores variam entre R$ 20 para pista e R$ 320 para camarote. A troca solid\u00e1ria de entradas por alimentos e recicl\u00e1veis ser\u00e1 realizada a partir de 1\u00ba\/8 (sexta-feira).<\/p>\n\n\n\n<p>SERVI\u00c7O:<\/p>\n\n\n\n<p>Concurso Rainha e Princesas do Itaqu\u00e1 Rodeio Fest:<\/p>\n\n\n\n<p>Inscri\u00e7\u00f5es:<br>At\u00e9 18\/7 (6\u00aa feira)<\/p>\n\n\n\n<p>Final:<br>22\/8 (6\u00aa feira)<\/p>\n\n\n\n<p>Regulamento e ficha de inscri\u00e7\u00e3o:<br>https:\/www.itaquaquecetuba.sp.gov.br\/arquivos\/Regulamento-Itaquaa-Rodeio-Fest-2025.pdf<\/p>\n\n\n\n<p>Itaqu\u00e1 Rodeio Fest 2025<\/p>\n\n\n\n<p>Quando: 5, 6, 7, 12 e 13 de setembro<\/p>\n\n\n\n<p>Onde: Estrada Governador M\u00e1rio Covas J\u00fanior \u2013 Jardim Adriane (acesso pr\u00f3ximo ao n\u00famero 1.355)<\/p>\n\n\n\n<p>Programa\u00e7\u00e3o musical:<\/p>\n\n\n\n<p>5\/9 &#8211; 6\u00aa feira<br>Z\u00e9 Neto &amp; Cristiano \/ Dennis DJ<\/p>\n\n\n\n<p>6\/9 \u2013 S\u00e1bado<br>Lauana Prado \/ DJ Alok<\/p>\n\n\n\n<p>7\/9 \u2013 Domingo<br>Gustavo Mioto \/ Luan Santana<\/p>\n\n\n\n<p>12\/9 &#8211; 6\u00aa feira<br>Tatau \/ Henrique &amp; Juliano<\/p>\n\n\n\n<p>13\/9 \u2013 S\u00e1bado<br>MC Kevinho \/ Gusttavo Lima \/ Turma do Pagode<\/p>\n\n\n\n<p>Ingressos:<br>www.itaquarodeiofest.com.br<\/p>\n\n\n\n<p>VALORES:<br>Pista Solid\u00e1ria: a partir de R$ 20<br>Frontstage (Inteira): a partir de R$ 240<br>Camarote Intense Amigo (para duas pessoas): a partir de R$ 170<br>Camarote Intense: a partir de R$ 320<\/p>\n\n\n\n<ul>\n<li>Troca solid\u00e1ria: a partir de 1\u00ba\/8 (6\u00aa feira)<\/li>\n<\/ul>\n\n\n\n<p>5\/9: Z\u00e9 Neto &amp; Cristiano \/ Dennis DJ<br>1 litro de leite + 1 litro de \u00f3leo + 2 embalagens pl\u00e1sticas vazias<\/p>\n\n\n\n<p>6\/9: Lauana Prado \/ DJ Alok<br>2 pacotes de macarr\u00e3o + 2 sach\u00eas de molho de tomate + 2 embalagens pl\u00e1sticas vazias<\/p>\n\n\n\n<p>7\/9: Gustavo Mioto \/ Luan Santana<br>1 kg de ra\u00e7\u00e3o para cachorro ou gato + 2 embalagens pl\u00e1sticas vazias<\/p>\n\n\n\n<p>12\/9: Tatau \/ Henrique &amp; Juliano<br>250g de caf\u00e9 + 1 kg de a\u00e7\u00facar + 2 embalagens pl\u00e1sticas vazias<\/p>\n\n\n\n<p>13\/9: MC Kevinho \/ Gusttavo Lima \/ Turma do Pagode<br>1 kg de arroz + 1 kg de feij\u00e3o + 2 embalagens pl\u00e1sticas vazias<\/p>\n\n\n\n<p>Pontos oficiais de troca: Itaqu\u00e1 Park Shopping, Fundo Social de Solidariedade de Itaquaquecetuba, Pra\u00e7a Central (antigo museu), e sedes da Guarda Civil Municipal (GCM) do Caiubi e do Piratininga.<\/p>\n\n\n\n<figure class=\"wp-block-gallery has-nested-images columns-default is-cropped wp-block-gallery-1 is-layout-flex wp-block-gallery-is-layout-flex\">\n<figure class=\"wp-block-image size-large\"><a href=\"https:\/\/novosaopaulo.com.br\/n1\/wp-content\/uploads\/2025\/06\/WhatsApp-Image-2025-06-27-at-14.19.13-1.jpeg\"><img fetchpriority=\"high\" decoding=\"async\" width=\"858\" height=\"1024\" data-id=\"24619\" src=\"https:\/\/novosaopaulo.com.br\/n1\/wp-content\/uploads\/2025\/06\/WhatsApp-Image-2025-06-27-at-14.19.13-1-858x1024.jpeg\" alt=\"\" class=\"wp-image-24619\" srcset=\"https:\/\/novosaopaulo.com.br\/n1\/wp-content\/uploads\/2025\/06\/WhatsApp-Image-2025-06-27-at-14.19.13-1-858x1024.jpeg 858w, https:\/\/novosaopaulo.com.br\/n1\/wp-content\/uploads\/2025\/06\/WhatsApp-Image-2025-06-27-at-14.19.13-1-251x300.jpeg 251w, https:\/\/novosaopaulo.com.br\/n1\/wp-content\/uploads\/2025\/06\/WhatsApp-Image-2025-06-27-at-14.19.13-1-768x917.jpeg 768w, https:\/\/novosaopaulo.com.br\/n1\/wp-content\/uploads\/2025\/06\/WhatsApp-Image-2025-06-27-at-14.19.13-1.jpeg 886w\" sizes=\"(max-width: 858px) 100vw, 858px\" \/><\/a><\/figure>\n\n\n\n<figure class=\"wp-block-image size-large\"><a href=\"https:\/\/novosaopaulo.com.br\/n1\/wp-content\/uploads\/2025\/06\/WhatsApp-Image-2025-06-27-at-14.19.13.jpeg\"><img decoding=\"async\" width=\"1024\" height=\"682\" data-id=\"24620\" src=\"https:\/\/novosaopaulo.com.br\/n1\/wp-content\/uploads\/2025\/06\/WhatsApp-Image-2025-06-27-at-14.19.13-1024x682.jpeg\" alt=\"\" class=\"wp-image-24620\" srcset=\"https:\/\/novosaopaulo.com.br\/n1\/wp-content\/uploads\/2025\/06\/WhatsApp-Image-2025-06-27-at-14.19.13-1024x682.jpeg 1024w, https:\/\/novosaopaulo.com.br\/n1\/wp-content\/uploads\/2025\/06\/WhatsApp-Image-2025-06-27-at-14.19.13-300x200.jpeg 300w, https:\/\/novosaopaulo.com.br\/n1\/wp-content\/uploads\/2025\/06\/WhatsApp-Image-2025-06-27-at-14.19.13-768x512.jpeg 768w, https:\/\/novosaopaulo.com.br\/n1\/wp-content\/uploads\/2025\/06\/WhatsApp-Image-2025-06-27-at-14.19.13-1536x1023.jpeg 1536w, https:\/\/novosaopaulo.com.br\/n1\/wp-content\/uploads\/2025\/06\/WhatsApp-Image-2025-06-27-at-14.19.13.jpeg 1600w\" sizes=\"(max-width: 1024px) 100vw, 1024px\" \/><\/a><\/figure>\n<\/figure>\n","protected":false},"excerpt":{"rendered":"<p>Corte ir\u00e1 representar Itaquaquecetuba-SP durante os cinco dias do evento; interessadas podem se inscrever at\u00e9&#8230;<\/p>\n","protected":false},"author":1,"featured_media":24621,"comment_status":"open","ping_status":"open","sticky":false,"template":"","format":"standard","meta":{"footnotes":""},"categories":[34],"tags":[],"featured_image_urls":{"full":["https:\/\/novosaopaulo.com.br\/n1\/wp-content\/uploads\/2025\/06\/WhatsApp-Image-2025-06-27-at-14.19.13-2.jpeg",1600,1066,false],"thumbnail":["https:\/\/novosaopaulo.com.br\/n1\/wp-content\/uploads\/2025\/06\/WhatsApp-Image-2025-06-27-at-14.19.13-2-150x150.jpeg",150,150,true],"medium":["https:\/\/novosaopaulo.com.br\/n1\/wp-content\/uploads\/2025\/06\/WhatsApp-Image-2025-06-27-at-14.19.13-2-300x200.jpeg",300,200,true],"medium_large":["https:\/\/novosaopaulo.com.br\/n1\/wp-content\/uploads\/2025\/06\/WhatsApp-Image-2025-06-27-at-14.19.13-2-768x512.jpeg",640,427,true],"large":["https:\/\/novosaopaulo.com.br\/n1\/wp-content\/uploads\/2025\/06\/WhatsApp-Image-2025-06-27-at-14.19.13-2-1024x682.jpeg",640,426,true],"1536x1536":["https:\/\/novosaopaulo.com.br\/n1\/wp-content\/uploads\/2025\/06\/WhatsApp-Image-2025-06-27-at-14.19.13-2-1536x1023.jpeg",1536,1023,true],"2048x2048":["https:\/\/novosaopaulo.com.br\/n1\/wp-content\/uploads\/2025\/06\/WhatsApp-Image-2025-06-27-at-14.19.13-2.jpeg",1600,1066,false],"newsever-slider-full":["https:\/\/novosaopaulo.com.br\/n1\/wp-content\/uploads\/2025\/06\/WhatsApp-Image-2025-06-27-at-14.19.13-2-1280x845.jpeg",1280,845,true],"newsever-featured":["https:\/\/novosaopaulo.com.br\/n1\/wp-content\/uploads\/2025\/06\/WhatsApp-Image-2025-06-27-at-14.19.13-2-1024x682.jpeg",1024,682,true],"newsever-medium":["https:\/\/novosaopaulo.com.br\/n1\/wp-content\/uploads\/2025\/06\/WhatsApp-Image-2025-06-27-at-14.19.13-2-720x475.jpeg",720,475,true]},"author_info":{"display_name":"Reda\u00e7\u00e3o","author_link":"https:\/\/novosaopaulo.com.br\/n1\/author\/g5poa\/"},"category_info":"<a href=\"https:\/\/novosaopaulo.com.br\/n1\/category\/alto-tiete\/\" rel=\"category tag\">Alto Tiet\u00ea<\/a>","tag_info":"Alto Tiet\u00ea","comment_count":"0","_links":{"self":[{"href":"https:\/\/novosaopaulo.com.br\/n1\/wp-json\/wp\/v2\/posts\/24618"}],"collection":[{"href":"https:\/\/novosaopaulo.com.br\/n1\/wp-json\/wp\/v2\/posts"}],"about":[{"href":"https:\/\/novosaopaulo.com.br\/n1\/wp-json\/wp\/v2\/types\/post"}],"author":[{"embeddable":true,"href":"https:\/\/novosaopaulo.com.br\/n1\/wp-json\/wp\/v2\/users\/1"}],"replies":[{"embeddable":true,"href":"https:\/\/novosaopaulo.com.br\/n1\/wp-json\/wp\/v2\/comments?post=24618"}],"version-history":[{"count":2,"href":"https:\/\/novosaopaulo.com.br\/n1\/wp-json\/wp\/v2\/posts\/24618\/revisions"}],"predecessor-version":[{"id":24623,"href":"https:\/\/novosaopaulo.com.br\/n1\/wp-json\/wp\/v2\/posts\/24618\/revisions\/24623"}],"wp:featuredmedia":[{"embeddable":true,"href":"https:\/\/novosaopaulo.com.br\/n1\/wp-json\/wp\/v2\/media\/24621"}],"wp:attachment":[{"href":"https:\/\/novosaopaulo.com.br\/n1\/wp-json\/wp\/v2\/media?parent=24618"}],"wp:term":[{"taxonomy":"category","embeddable":true,"href":"https:\/\/novosaopaulo.com.br\/n1\/wp-json\/wp\/v2\/categories?post=24618"},{"taxonomy":"post_tag","embeddable":true,"href":"https:\/\/novosaopaulo.com.br\/n1\/wp-json\/wp\/v2\/tags?post=24618"}],"curies":[{"name":"wp","href":"https:\/\/api.w.org\/{rel}","templated":true}]}}