{"id":24615,"date":"2025-06-27T00:05:52","date_gmt":"2025-06-27T03:05:52","guid":{"rendered":"https:\/\/novosaopaulo.com.br\/n1\/?p=24615"},"modified":"2025-06-27T00:05:53","modified_gmt":"2025-06-27T03:05:53","slug":"mega-bazar-social-com-pecas-gratuitas-e-promovido-pelo-fundo-social-de-poa","status":"publish","type":"post","link":"https:\/\/novosaopaulo.com.br\/n1\/mega-bazar-social-com-pecas-gratuitas-e-promovido-pelo-fundo-social-de-poa\/","title":{"rendered":"Mega Bazar Social com pe\u00e7as gratuitas \u00e9 promovido pelo Fundo Social de Po\u00e1"},"content":{"rendered":"\n<p>Espa\u00e7o foi aberto para a popula\u00e7\u00e3o nesta quinta-feira (26) e segue com atendimento at\u00e9 o dia 5 de julho; cada pessoa cadastrada no Cad\u00danico poder\u00e1 levar at\u00e9 cinco pe\u00e7as arrecadas na Campanha do Agasalho para casa<\/p>\n\n\n\n<p>A Prefeitura de Po\u00e1, por meio da Secretaria de Assist\u00eancia e Desenvolvimento Social e do Fundo Social, realiza o primeiro Mega Bazar Social da Campanha do Agasalho, que neste ano tem o tema \u201cPo\u00e1 tem pressa para cuidar e abra\u00e7ar\u201d. O espa\u00e7o foi aberto nesta quinta-feira (26\/06) pelo prefeito Saulo Souza e pela primeira-dama Flavia Souza e segue at\u00e9 o dia 5 de julho, das 9h \u00e0s 17h, na Pra\u00e7a de Eventos, localizada na Avenida Ant\u00f4nio Massa, 150, no centro da cidade.<\/p>\n\n\n\n<p>O Bazar oferece \u00e0 popula\u00e7\u00e3o cadastrada no Cad\u00danico (Cadastro \u00danico) a possibilidade de escolher, gratuitamente, at\u00e9 cinco pe\u00e7as, incluindo agasalhos, cal\u00e7ados, cobertores e itens de cama, mesa e banho. Tamb\u00e9m h\u00e1 roupas para crian\u00e7as, adultos, idosos e at\u00e9 para os animais de estima\u00e7\u00e3o. Para acessar o espa\u00e7o \u00e9 necess\u00e1rio apresentar um documento de identidade (RG) e realizar um r\u00e1pido cadastro.<\/p>\n\n\n\n<p>\u201cEsse Mega Bazar foi preparado pela pr\u00f3pria popula\u00e7\u00e3o de Po\u00e1, com doa\u00e7\u00f5es que vieram de todos os bairros da cidade. Nem os pets ficaram de fora. Ser\u00e1 uma semana inteira de atendimento, com muito carinho, liderado pela nossa primeira-dama. Essa \u00e9 uma grande corrente do bem que vai alcan\u00e7ar as fam\u00edlias que mais precisam, sendo que cada membro cadastrado no Cad\u00danico poder\u00e1 retirar at\u00e9 cinco pe\u00e7as\u201d, destacou o prefeito Saulo Souza.<\/p>\n\n\n\n<p>De acordo com a primeira-dama e presidente do Fundo Social, o objetivo do bazar \u00e9 garantir um inverno mais confort\u00e1vel para as fam\u00edlias que mais precisam. \u201cFoi tudo preparado com muito amor e carinho. Todos os itens foram triados com zelo, para garantir dignidade e cuidado \u00e0s pessoas atendidas. O espa\u00e7o foi montado para funcionar como uma esp\u00e9cie de loja solid\u00e1ria, onde os visitantes podem escolher com liberdade e conforto as pe\u00e7as que melhor atenderem \u00e0s suas necessidades\u201d, explicou.<\/p>\n\n\n\n<p>A a\u00e7\u00e3o \u00e9 parte da Campanha do Agasalho 2025, que segue ativa e conta atualmente com quase 200 pontos de coleta distribu\u00eddos por toda a cidade. \u00c9 poss\u00edvel fazer doa\u00e7\u00f5es em pr\u00e9dios p\u00fablicos, secretarias municipais, escolas, igrejas, supermercados, lojas e empresas parceiras. Nesses pontos s\u00e3o aceitas roupas de inverno, cobertores, meias, luvas, cal\u00e7ados e outros itens em bom estado de conserva\u00e7\u00e3o.<\/p>\n\n\n\n<p>Opera\u00e7\u00e3o Inverno 2025<\/p>\n\n\n\n<p>Al\u00e9m do Bazar Social, com a queda brusca nas temperaturas nos \u00faltimos dias, a Prefeitura de Po\u00e1 intensificou a Opera\u00e7\u00e3o Inverno, com uma s\u00e9rie de a\u00e7\u00f5es emergenciais voltadas ao acolhimento da popula\u00e7\u00e3o em situa\u00e7\u00e3o de rua. A iniciativa oferece abrigo com cinco refei\u00e7\u00f5es di\u00e1rias, cama confort\u00e1vel, banho quente e at\u00e9 chocolate quente.<\/p>\n\n\n\n<p>\u201cUma das novidades \u00e9 a inclus\u00e3o dos animais de estima\u00e7\u00e3o da popula\u00e7\u00e3o em situa\u00e7\u00e3o de rua no acolhimento emergencial. Para isso foram disponibilizadas casinhas para abrigar os c\u00e3es, al\u00e9m de ra\u00e7\u00e3o e outros itens. A medida atende a uma demanda recorrente dos beneficiados, que muitas vezes recusam o abrigo por n\u00e3o quererem se separar de seus companheiros\u201d, declarou o prefeito.<\/p>\n\n\n\n<p>As equipes da Secretaria de Assist\u00eancia e Desenvolvimento Social circulam diariamente por diversas regi\u00f5es do munic\u00edpio, buscando identificar e oferecer apoio \u00e0s pessoas em situa\u00e7\u00e3o de vulnerabilidade. A Prefeitura pede tamb\u00e9m a colabora\u00e7\u00e3o da popula\u00e7\u00e3o para identificar pessoas em situa\u00e7\u00e3o de rua que ainda n\u00e3o foram abordadas ou acolhidas. O cidad\u00e3o que se deparar com essa situa\u00e7\u00e3o pode entrar em contato com as equipes. O telefone \u00e9 (11) 4639-9227.<\/p>\n\n\n\n<p>Foto: Nivaldo Alves<\/p>\n","protected":false},"excerpt":{"rendered":"<p>Espa\u00e7o foi aberto para a popula\u00e7\u00e3o nesta quinta-feira (26) e segue com atendimento at\u00e9 o&#8230;<\/p>\n","protected":false},"author":1,"featured_media":24616,"comment_status":"open","ping_status":"open","sticky":false,"template":"","format":"standard","meta":{"footnotes":""},"categories":[8],"tags":[],"featured_image_urls":{"full":["https:\/\/novosaopaulo.com.br\/n1\/wp-content\/uploads\/2025\/06\/Mega-Bazar-_fundo-Social-Poa.jpg",640,360,false],"thumbnail":["https:\/\/novosaopaulo.com.br\/n1\/wp-content\/uploads\/2025\/06\/Mega-Bazar-_fundo-Social-Poa-150x150.jpg",150,150,true],"medium":["https:\/\/novosaopaulo.com.br\/n1\/wp-content\/uploads\/2025\/06\/Mega-Bazar-_fundo-Social-Poa-300x169.jpg",300,169,true],"medium_large":["https:\/\/novosaopaulo.com.br\/n1\/wp-content\/uploads\/2025\/06\/Mega-Bazar-_fundo-Social-Poa.jpg",640,360,false],"large":["https:\/\/novosaopaulo.com.br\/n1\/wp-content\/uploads\/2025\/06\/Mega-Bazar-_fundo-Social-Poa.jpg",640,360,false],"1536x1536":["https:\/\/novosaopaulo.com.br\/n1\/wp-content\/uploads\/2025\/06\/Mega-Bazar-_fundo-Social-Poa.jpg",640,360,false],"2048x2048":["https:\/\/novosaopaulo.com.br\/n1\/wp-content\/uploads\/2025\/06\/Mega-Bazar-_fundo-Social-Poa.jpg",640,360,false],"newsever-slider-full":["https:\/\/novosaopaulo.com.br\/n1\/wp-content\/uploads\/2025\/06\/Mega-Bazar-_fundo-Social-Poa.jpg",640,360,false],"newsever-featured":["https:\/\/novosaopaulo.com.br\/n1\/wp-content\/uploads\/2025\/06\/Mega-Bazar-_fundo-Social-Poa.jpg",640,360,false],"newsever-medium":["https:\/\/novosaopaulo.com.br\/n1\/wp-content\/uploads\/2025\/06\/Mega-Bazar-_fundo-Social-Poa.jpg",640,360,false]},"author_info":{"display_name":"Reda\u00e7\u00e3o","author_link":"https:\/\/novosaopaulo.com.br\/n1\/author\/g5poa\/"},"category_info":"<a href=\"https:\/\/novosaopaulo.com.br\/n1\/category\/poa\/\" rel=\"category tag\">Po\u00e1<\/a>","tag_info":"Po\u00e1","comment_count":"0","_links":{"self":[{"href":"https:\/\/novosaopaulo.com.br\/n1\/wp-json\/wp\/v2\/posts\/24615"}],"collection":[{"href":"https:\/\/novosaopaulo.com.br\/n1\/wp-json\/wp\/v2\/posts"}],"about":[{"href":"https:\/\/novosaopaulo.com.br\/n1\/wp-json\/wp\/v2\/types\/post"}],"author":[{"embeddable":true,"href":"https:\/\/novosaopaulo.com.br\/n1\/wp-json\/wp\/v2\/users\/1"}],"replies":[{"embeddable":true,"href":"https:\/\/novosaopaulo.com.br\/n1\/wp-json\/wp\/v2\/comments?post=24615"}],"version-history":[{"count":1,"href":"https:\/\/novosaopaulo.com.br\/n1\/wp-json\/wp\/v2\/posts\/24615\/revisions"}],"predecessor-version":[{"id":24617,"href":"https:\/\/novosaopaulo.com.br\/n1\/wp-json\/wp\/v2\/posts\/24615\/revisions\/24617"}],"wp:featuredmedia":[{"embeddable":true,"href":"https:\/\/novosaopaulo.com.br\/n1\/wp-json\/wp\/v2\/media\/24616"}],"wp:attachment":[{"href":"https:\/\/novosaopaulo.com.br\/n1\/wp-json\/wp\/v2\/media?parent=24615"}],"wp:term":[{"taxonomy":"category","embeddable":true,"href":"https:\/\/novosaopaulo.com.br\/n1\/wp-json\/wp\/v2\/categories?post=24615"},{"taxonomy":"post_tag","embeddable":true,"href":"https:\/\/novosaopaulo.com.br\/n1\/wp-json\/wp\/v2\/tags?post=24615"}],"curies":[{"name":"wp","href":"https:\/\/api.w.org\/{rel}","templated":true}]}}