{"id":24612,"date":"2025-06-27T00:04:02","date_gmt":"2025-06-27T03:04:02","guid":{"rendered":"https:\/\/novosaopaulo.com.br\/n1\/?p=24612"},"modified":"2025-06-27T00:04:03","modified_gmt":"2025-06-27T03:04:03","slug":"sessao-solene-da-camara-de-suzano-em-comemoracao-aos-117-anos-da-imigracao-japonesa-sera-amanha-27","status":"publish","type":"post","link":"https:\/\/novosaopaulo.com.br\/n1\/sessao-solene-da-camara-de-suzano-em-comemoracao-aos-117-anos-da-imigracao-japonesa-sera-amanha-27\/","title":{"rendered":"Sess\u00e3o solene da C\u00e2mara de Suzano em comemora\u00e7\u00e3o aos 117 anos da Imigra\u00e7\u00e3o Japonesa ser\u00e1 amanh\u00e3 (27)"},"content":{"rendered":"\n<p>A sess\u00e3o solene da C\u00e2mara de Suzano em comemora\u00e7\u00e3o aos 117 anos da Imigra\u00e7\u00e3o Japonesa ser\u00e1 amanh\u00e3 (27). Trata-se de um dos eventos mais tradicionais do Legislativo suzanense e nesta edi\u00e7\u00e3o, pela primeira vez, contar\u00e1 com uma feira gastron\u00f4mica de culin\u00e1ria t\u00edpica japonesa, venda de artesanato e apresenta\u00e7\u00f5es culturais durante o dia. As atividades ter\u00e3o in\u00edcio \u00e0s 11 horas, em frente ao Plen\u00e1rio do Pal\u00e1cio Deputado Jos\u00e9 de Souza Candido, sede da Casa de Leis (rua dos Tr\u00eas Poderes, 65).<\/p>\n\n\n\n<p>Os pratos t\u00edpicos que ser\u00e3o comercializados s\u00e3o yakisoba, lamen, guioza, toppokki, temaki, gyudon, oniguiri, torikatsu kare, pastel, tempura, espetinho e bifum. \u201cPara maior conforto do p\u00fablico, foram colocadas mesas e cadeiras na Galeria dos Presidentes da C\u00e2mara, para que as pessoas possam fazer suas refei\u00e7\u00f5es sentadas\u201d, disse o presidente do Legislativo, Artur Takayama (PL). \u201cSer\u00e1 uma grande festa para celebrar a influ\u00eancia e a contribui\u00e7\u00e3o cultural e econ\u00f4mica da comunidade nip\u00f4nica para Suzano\u201d, afirma.<\/p>\n\n\n\n<p>Sess\u00e3o solene<\/p>\n\n\n\n<p>A sess\u00e3o solene ter\u00e1 in\u00edcio \u00e0s 18h30, no Plen\u00e1rio da Casa de Leis. Nesta edi\u00e7\u00e3o, ser\u00e3o homenageadas 12 empresas de origem japonesa que atuam no munic\u00edpio. S\u00e3o elas: Bi-Fum; Casa Yoshitani; Granja Ino; Komatsu; Magic City; NSK Brasil; Pastif\u00edcio Hirotani Seimen; Senshi Brasil Ind\u00fastria e Com\u00e9rcio de Produtos Aliment\u00edcios; Shibata Supermercados; Takaki; Tessin Ind\u00fastria e Com\u00e9rcio; e TKM.<\/p>\n\n\n\n<p>Confirmaram presen\u00e7a no evento o c\u00f4nsul-geral do Jap\u00e3o, Shimizu Toru; o prefeito Pedro Ishi (PL); a primeira-dama D\u00e9borah Raffoul Ishi; o secret\u00e1rio do Verde e do Meio Ambiente da cidade de S\u00e3o Paulo e ex-prefeito de Suzano, Rodrigo Ashiuchi; a ex-primeira-dama Larissa Ashiuchi; e a prefeita de Mogi das Cruzes, Mara Bertaiolli (PL).<\/p>\n\n\n\n<p>O presidente da C\u00e2mara tamb\u00e9m fez a entrega oficial do convite para o evento a diversas autoridades, entre elas, o governador de S\u00e3o Paulo, Tarc\u00edsio de Freitas (Republicanos); a primeira-dama do Estado, Cristiane Freitas; o deputado federal M\u00e1rcio Alvino (PL); e o presidente do Legislativo mogiano, Francim\u00e1rio Vieira (PL), o Farofa.<\/p>\n\n\n\n<p>Confira a programa\u00e7\u00e3o completa:<\/p>\n\n\n\n<p>11 horas: Abertura | Feira gastron\u00f4mica e de artesanato<\/p>\n\n\n\n<p>12h30: Apresenta\u00e7\u00e3o da Banda Musical da Guarda Mirim de Suzano<\/p>\n\n\n\n<p>16 horas: Apresenta\u00e7\u00e3o do Coral Japon\u00eas<\/p>\n\n\n\n<p>16h30: Apresenta\u00e7\u00e3o do Coral Nova Gera\u00e7\u00e3o<\/p>\n\n\n\n<p>18h30: Sess\u00e3o solene<\/p>\n\n\n\n<p>20 horas: Apresenta\u00e7\u00e3o do Taiko Kouran Daiko, do Bunkyo de Suzano<\/p>\n\n\n\n<p>20h30: Show com o cantor Rick Nakase<\/p>\n\n\n\n<p>21 horas: Apresenta\u00e7\u00e3o das cantoras Midori &amp; Mayumi com Yujo Taiko &amp; Odori<\/p>\n\n\n\n<p>22 horas: Encerramento<\/p>\n","protected":false},"excerpt":{"rendered":"<p>A sess\u00e3o solene da C\u00e2mara de Suzano em comemora\u00e7\u00e3o aos 117 anos da Imigra\u00e7\u00e3o Japonesa&#8230;<\/p>\n","protected":false},"author":1,"featured_media":24613,"comment_status":"open","ping_status":"open","sticky":false,"template":"","format":"standard","meta":{"footnotes":""},"categories":[34],"tags":[],"featured_image_urls":{"full":["https:\/\/novosaopaulo.com.br\/n1\/wp-content\/uploads\/2025\/06\/Preparativos-Sessao-Solene-Imigracao-Japonesa_Tais-Aranha_Camara-de-Suzano.jpeg",1280,960,false],"thumbnail":["https:\/\/novosaopaulo.com.br\/n1\/wp-content\/uploads\/2025\/06\/Preparativos-Sessao-Solene-Imigracao-Japonesa_Tais-Aranha_Camara-de-Suzano-150x150.jpeg",150,150,true],"medium":["https:\/\/novosaopaulo.com.br\/n1\/wp-content\/uploads\/2025\/06\/Preparativos-Sessao-Solene-Imigracao-Japonesa_Tais-Aranha_Camara-de-Suzano-300x225.jpeg",300,225,true],"medium_large":["https:\/\/novosaopaulo.com.br\/n1\/wp-content\/uploads\/2025\/06\/Preparativos-Sessao-Solene-Imigracao-Japonesa_Tais-Aranha_Camara-de-Suzano-768x576.jpeg",640,480,true],"large":["https:\/\/novosaopaulo.com.br\/n1\/wp-content\/uploads\/2025\/06\/Preparativos-Sessao-Solene-Imigracao-Japonesa_Tais-Aranha_Camara-de-Suzano-1024x768.jpeg",640,480,true],"1536x1536":["https:\/\/novosaopaulo.com.br\/n1\/wp-content\/uploads\/2025\/06\/Preparativos-Sessao-Solene-Imigracao-Japonesa_Tais-Aranha_Camara-de-Suzano.jpeg",1280,960,false],"2048x2048":["https:\/\/novosaopaulo.com.br\/n1\/wp-content\/uploads\/2025\/06\/Preparativos-Sessao-Solene-Imigracao-Japonesa_Tais-Aranha_Camara-de-Suzano.jpeg",1280,960,false],"newsever-slider-full":["https:\/\/novosaopaulo.com.br\/n1\/wp-content\/uploads\/2025\/06\/Preparativos-Sessao-Solene-Imigracao-Japonesa_Tais-Aranha_Camara-de-Suzano-1280x845.jpeg",1280,845,true],"newsever-featured":["https:\/\/novosaopaulo.com.br\/n1\/wp-content\/uploads\/2025\/06\/Preparativos-Sessao-Solene-Imigracao-Japonesa_Tais-Aranha_Camara-de-Suzano-1024x768.jpeg",1024,768,true],"newsever-medium":["https:\/\/novosaopaulo.com.br\/n1\/wp-content\/uploads\/2025\/06\/Preparativos-Sessao-Solene-Imigracao-Japonesa_Tais-Aranha_Camara-de-Suzano-720x475.jpeg",720,475,true]},"author_info":{"display_name":"Reda\u00e7\u00e3o","author_link":"https:\/\/novosaopaulo.com.br\/n1\/author\/g5poa\/"},"category_info":"<a href=\"https:\/\/novosaopaulo.com.br\/n1\/category\/alto-tiete\/\" rel=\"category tag\">Alto Tiet\u00ea<\/a>","tag_info":"Alto Tiet\u00ea","comment_count":"0","_links":{"self":[{"href":"https:\/\/novosaopaulo.com.br\/n1\/wp-json\/wp\/v2\/posts\/24612"}],"collection":[{"href":"https:\/\/novosaopaulo.com.br\/n1\/wp-json\/wp\/v2\/posts"}],"about":[{"href":"https:\/\/novosaopaulo.com.br\/n1\/wp-json\/wp\/v2\/types\/post"}],"author":[{"embeddable":true,"href":"https:\/\/novosaopaulo.com.br\/n1\/wp-json\/wp\/v2\/users\/1"}],"replies":[{"embeddable":true,"href":"https:\/\/novosaopaulo.com.br\/n1\/wp-json\/wp\/v2\/comments?post=24612"}],"version-history":[{"count":1,"href":"https:\/\/novosaopaulo.com.br\/n1\/wp-json\/wp\/v2\/posts\/24612\/revisions"}],"predecessor-version":[{"id":24614,"href":"https:\/\/novosaopaulo.com.br\/n1\/wp-json\/wp\/v2\/posts\/24612\/revisions\/24614"}],"wp:featuredmedia":[{"embeddable":true,"href":"https:\/\/novosaopaulo.com.br\/n1\/wp-json\/wp\/v2\/media\/24613"}],"wp:attachment":[{"href":"https:\/\/novosaopaulo.com.br\/n1\/wp-json\/wp\/v2\/media?parent=24612"}],"wp:term":[{"taxonomy":"category","embeddable":true,"href":"https:\/\/novosaopaulo.com.br\/n1\/wp-json\/wp\/v2\/categories?post=24612"},{"taxonomy":"post_tag","embeddable":true,"href":"https:\/\/novosaopaulo.com.br\/n1\/wp-json\/wp\/v2\/tags?post=24612"}],"curies":[{"name":"wp","href":"https:\/\/api.w.org\/{rel}","templated":true}]}}