{"id":24609,"date":"2025-06-27T00:02:22","date_gmt":"2025-06-27T03:02:22","guid":{"rendered":"https:\/\/novosaopaulo.com.br\/n1\/?p=24609"},"modified":"2025-06-27T00:02:23","modified_gmt":"2025-06-27T03:02:23","slug":"condemat-promove-forum-inedito-para-fortalecimento-de-politicas-publicas-para-mulheres","status":"publish","type":"post","link":"https:\/\/novosaopaulo.com.br\/n1\/condemat-promove-forum-inedito-para-fortalecimento-de-politicas-publicas-para-mulheres\/","title":{"rendered":"CONDEMAT+ promove f\u00f3rum in\u00e9dito para fortalecimento de pol\u00edticas p\u00fablicas para mulheres"},"content":{"rendered":"\n<p>\u201cVozes que Transformam\u201d foi realizado em Suzano e marca nova fase da atua\u00e7\u00e3o regional pela equidade de g\u00eanero<\/p>\n\n\n\n<p>O Cons\u00f3rcio de Desenvolvimento dos Munic\u00edpios do Alto Tiet\u00ea (CONDEMAT+) realizou nesta quinta-feira (26\/06), em Suzano, a primeira edi\u00e7\u00e3o do F\u00f3rum Regional de Mulheres \u2013 Vozes que Transformam, iniciativa in\u00e9dita da C\u00e2mara T\u00e9cnica de Pol\u00edticas P\u00fablicas para Mulheres. O encontro reuniu autoridades e lideran\u00e7as femininas da regi\u00e3o para debater temas como empoderamento, seguran\u00e7a, viol\u00eancia de g\u00eanero e atua\u00e7\u00e3o pol\u00edtica das mulheres, consolidando uma agenda regional permanente de fortalecimento das pol\u00edticas p\u00fablicas para mulheres.<\/p>\n\n\n\n<p>O evento foi realizado no Teatro Municipal Dr. Armando de R\u00e9 e contou com uma roda de conversa mediada pela presidente do Fundo Social de Solidariedade de Suzano, D\u00e9borah Raffoul Ishi, e pela coordenadora da C\u00e2mara T\u00e9cnica e primeira-dama de Aruj\u00e1, Clau Camargo. Participaram da conversa a coronel PM Beatriz Morassi, comandante do Comando de Policiamento de \u00c1rea Metropolitana-12 (CPAM-12); a delegada Margarete Barreto, titular da Seccional de Mogi das Cruzes; a ex-primeira-dama de Suzano, Larissa Ashiuchi; e a defensora p\u00fablica Tatiana Campos Bias Fortes, coordenadora do N\u00facleo Especializado de Promo\u00e7\u00e3o e Defesa dos Direitos das Mulheres (NUDEM).<\/p>\n\n\n\n<p>A manh\u00e3 ainda foi marcada pela palestra \u201cElas Fazem Acontecer\u201d, ministrada por Leila Navarro, uma das mais reconhecidas conferencistas da Am\u00e9rica Latina, abordando autoestima, lideran\u00e7a e o papel transformador da mulher na sociedade.<\/p>\n\n\n\n<p>O prefeito de Suzano, Pedro Ishi, destacou o protagonismo regional do CONDEMAT+ na promo\u00e7\u00e3o de iniciativas integradas. \u201c\u00c9 uma honra para Suzano sediar esse f\u00f3rum pioneiro, que coloca em pauta temas urgentes e nos permite compartilhar experi\u00eancias e estrat\u00e9gias entre os munic\u00edpios. A uni\u00e3o entre as cidades do Alto Tiet\u00ea fortalece nossas pol\u00edticas e amplia o alcance das a\u00e7\u00f5es em prol da dignidade e das oportunidades para todas as mulheres.\u201d<\/p>\n\n\n\n<p>A coordenadora da c\u00e2mara t\u00e9cnica, Clau Camargo, refor\u00e7ou o car\u00e1ter articulado da proposta. \u201cO F\u00f3rum ser\u00e1 uma plataforma itinerante e articulada entre os munic\u00edpios consorciados. A ideia \u00e9 promover escuta qualificada, conex\u00e3o entre lideran\u00e7as e, sobretudo, impulsionar pol\u00edticas p\u00fablicas eficazes e regionalizadas. O envolvimento dos munic\u00edpios \u00e9 essencial para o sucesso da iniciativa\u201d.<\/p>\n\n\n\n<p>Para D\u00e9borah Raffoul Ishi, o evento marca uma virada de chave para a visibilidade feminina na gest\u00e3o p\u00fablica. \u201cFoi emocionante iniciar esse ciclo em Suzano. Hoje temos mulheres liderando espa\u00e7os estrat\u00e9gicos na seguran\u00e7a p\u00fablica da nossa regi\u00e3o e isso precisa ser reconhecido, debatido e ampliado. Ao reunir representantes de diferentes \u00e1reas, conseguimos criar pontes, fortalecer redes de apoio e fomentar pol\u00edticas inclusivas com ainda mais pot\u00eancia.\u201d<\/p>\n\n\n\n<p>Estiveram presentes no encontro o vice-prefeito de Suzano, Said Raful; o secret\u00e1rio executivo do CONDEMAT+, Adriano Leite; a presidente da Frente Parlamentar Feminina do Alto Tiet\u00ea e vereadora de Aruj\u00e1, Cristiane Ara\u00fajo, a Prof\u00aa Cris; a coordenadora adjunta da c\u00e2mara t\u00e9cnica e primeira-dama de Biritiba Mirim, Roberta Taino; e as presidentes de Fundos Sociais, Mila Prates (Itaquaquecetuba) e T\u00e2nia Gomes Prianti (Igarat\u00e1).<\/p>\n\n\n\n<p>Tamb\u00e9m participaram autoridades municipais de Suzano, como o chefe de Gabinete Afr\u00e2nio Evaristo e os secret\u00e1rios Paulo Pavione (Comunica\u00e7\u00e3o P\u00fablica), Francisco Balbino (Seguran\u00e7a Cidad\u00e3), C\u00edntia Lira (Administra\u00e7\u00e3o), Geraldo Garippo (Assist\u00eancia e Desenvolvimento Social), Renata Priscila (Educa\u00e7\u00e3o) e Arnaldo Marin J\u00fanior (Esportes e Lazer).<\/p>\n\n\n\n<p>O f\u00f3rum \u201cVozes que Transformam\u201d ser\u00e1 realizado de forma itinerante nos munic\u00edpios consorciados, com edi\u00e7\u00f5es previstas ao longo do ano, promovendo forma\u00e7\u00e3o, di\u00e1logo e a\u00e7\u00f5es efetivas no combate \u00e0 desigualdade de g\u00eanero e no fortalecimento da cidadania das mulheres do Alto Tiet\u00ea.<\/p>\n","protected":false},"excerpt":{"rendered":"<p>\u201cVozes que Transformam\u201d foi realizado em Suzano e marca nova fase da atua\u00e7\u00e3o regional pela&#8230;<\/p>\n","protected":false},"author":1,"featured_media":24610,"comment_status":"open","ping_status":"open","sticky":false,"template":"","format":"standard","meta":{"footnotes":""},"categories":[2],"tags":[],"featured_image_urls":{"full":["https:\/\/novosaopaulo.com.br\/n1\/wp-content\/uploads\/2025\/06\/54614927052_1bd3ab9f2a_z.jpg",640,427,false],"thumbnail":["https:\/\/novosaopaulo.com.br\/n1\/wp-content\/uploads\/2025\/06\/54614927052_1bd3ab9f2a_z-150x150.jpg",150,150,true],"medium":["https:\/\/novosaopaulo.com.br\/n1\/wp-content\/uploads\/2025\/06\/54614927052_1bd3ab9f2a_z-300x200.jpg",300,200,true],"medium_large":["https:\/\/novosaopaulo.com.br\/n1\/wp-content\/uploads\/2025\/06\/54614927052_1bd3ab9f2a_z.jpg",640,427,false],"large":["https:\/\/novosaopaulo.com.br\/n1\/wp-content\/uploads\/2025\/06\/54614927052_1bd3ab9f2a_z.jpg",640,427,false],"1536x1536":["https:\/\/novosaopaulo.com.br\/n1\/wp-content\/uploads\/2025\/06\/54614927052_1bd3ab9f2a_z.jpg",640,427,false],"2048x2048":["https:\/\/novosaopaulo.com.br\/n1\/wp-content\/uploads\/2025\/06\/54614927052_1bd3ab9f2a_z.jpg",640,427,false],"newsever-slider-full":["https:\/\/novosaopaulo.com.br\/n1\/wp-content\/uploads\/2025\/06\/54614927052_1bd3ab9f2a_z.jpg",640,427,false],"newsever-featured":["https:\/\/novosaopaulo.com.br\/n1\/wp-content\/uploads\/2025\/06\/54614927052_1bd3ab9f2a_z.jpg",640,427,false],"newsever-medium":["https:\/\/novosaopaulo.com.br\/n1\/wp-content\/uploads\/2025\/06\/54614927052_1bd3ab9f2a_z.jpg",640,427,false]},"author_info":{"display_name":"Reda\u00e7\u00e3o","author_link":"https:\/\/novosaopaulo.com.br\/n1\/author\/g5poa\/"},"category_info":"<a href=\"https:\/\/novosaopaulo.com.br\/n1\/category\/cidades\/\" rel=\"category tag\">Cidades<\/a>","tag_info":"Cidades","comment_count":"0","_links":{"self":[{"href":"https:\/\/novosaopaulo.com.br\/n1\/wp-json\/wp\/v2\/posts\/24609"}],"collection":[{"href":"https:\/\/novosaopaulo.com.br\/n1\/wp-json\/wp\/v2\/posts"}],"about":[{"href":"https:\/\/novosaopaulo.com.br\/n1\/wp-json\/wp\/v2\/types\/post"}],"author":[{"embeddable":true,"href":"https:\/\/novosaopaulo.com.br\/n1\/wp-json\/wp\/v2\/users\/1"}],"replies":[{"embeddable":true,"href":"https:\/\/novosaopaulo.com.br\/n1\/wp-json\/wp\/v2\/comments?post=24609"}],"version-history":[{"count":1,"href":"https:\/\/novosaopaulo.com.br\/n1\/wp-json\/wp\/v2\/posts\/24609\/revisions"}],"predecessor-version":[{"id":24611,"href":"https:\/\/novosaopaulo.com.br\/n1\/wp-json\/wp\/v2\/posts\/24609\/revisions\/24611"}],"wp:featuredmedia":[{"embeddable":true,"href":"https:\/\/novosaopaulo.com.br\/n1\/wp-json\/wp\/v2\/media\/24610"}],"wp:attachment":[{"href":"https:\/\/novosaopaulo.com.br\/n1\/wp-json\/wp\/v2\/media?parent=24609"}],"wp:term":[{"taxonomy":"category","embeddable":true,"href":"https:\/\/novosaopaulo.com.br\/n1\/wp-json\/wp\/v2\/categories?post=24609"},{"taxonomy":"post_tag","embeddable":true,"href":"https:\/\/novosaopaulo.com.br\/n1\/wp-json\/wp\/v2\/tags?post=24609"}],"curies":[{"name":"wp","href":"https:\/\/api.w.org\/{rel}","templated":true}]}}