{"id":24599,"date":"2025-06-26T16:57:21","date_gmt":"2025-06-26T19:57:21","guid":{"rendered":"https:\/\/novosaopaulo.com.br\/n1\/?p=24599"},"modified":"2025-06-26T16:57:22","modified_gmt":"2025-06-26T19:57:22","slug":"promotora-de-justica-do-mp-sp-vem-ao-alto-tiete-falar-sobre-violencia-domestica-e-igualdade-de-genero","status":"publish","type":"post","link":"https:\/\/novosaopaulo.com.br\/n1\/promotora-de-justica-do-mp-sp-vem-ao-alto-tiete-falar-sobre-violencia-domestica-e-igualdade-de-genero\/","title":{"rendered":"Promotora de Justi\u00e7a do MP-SP vem ao Alto Tiet\u00ea falar sobre \u201cViol\u00eancia Dom\u00e9stica e Igualdade de G\u00eanero\u201d"},"content":{"rendered":"\n<p>Celeste Leite dos Santos, que tamb\u00e9m \u00e9 presidente do Instituto Pr\u00f3-V\u00edtima e idealizadora do projeto \u201cDefenda-se\u201d, participa nesta sexta-feira (27\/6) da 2\u00aa Confer\u00eancia Municipal dos Direitos das Mulheres de Ferraz de Vasconcelos-SP; evento acontece das 9h \u00e0s 17h, na Faculdade de Tecnologia (Fatec)<\/p>\n\n\n\n<p>A promotora de Justi\u00e7a Celeste Leite dos Santos, do Minist\u00e9rio P\u00fablico (MP) de S\u00e3o Paulo, estar\u00e1 no Alto Tiet\u00ea, nesta sexta-feira (27\/6), para palestrar na 2\u00aa Confer\u00eancia Municipal dos Direitos das Mulheres de Ferraz de Vasconcelos-SP. Durante o evento, a jurista, que tamb\u00e9m \u00e9 presidente do Instituto Brasileiro de Aten\u00e7\u00e3o Integral \u00e0 V\u00edtima (Pr\u00f3-V\u00edtima) e idealizadora do projeto \u201cDefenda-se\u201d, vai falar sobre Viol\u00eancia Dom\u00e9stica e Igualdade de G\u00eanero. O evento ser\u00e1 realizado das 9h \u00e0s 17h, na Faculdade de Tecnologia (Fatec) da cidade (rua Carlos de Carvalho, 200 &#8211; Jardim S\u00e3o Jo\u00e3o).<\/p>\n\n\n\n<p>Promotora de Justi\u00e7a em \u00daltimo Grau do Col\u00e9gio Recursal do MP-SP, Celeste \u00e9 doutora em Direito Civil, pela Universidade de S\u00e3o Paulo (USP); e mestre em Direito Penal, pela Pontif\u00edcia Universidade Cat\u00f3lica (PUC) de S\u00e3o Paulo. Idealizadora do Estatuto da V\u00edtima; da Lei de Importuna\u00e7\u00e3o Sexual; e da Lei Distrital de Acolhimento de V\u00edtimas, An\u00e1lise e Resolu\u00e7\u00e3o de Conflitos (Avarc), a jurista j\u00e1 atuou no Alto Tiet\u00ea. De janeiro de 2010 a julho de 2013, comandou o MP de Suzano, sendo respons\u00e1vel pela instaura\u00e7\u00e3o de diversos inqu\u00e9ritos, no per\u00edodo.<\/p>\n\n\n\n<p>Celeste foi convidada pelo Conselho Municipal dos Direitos das Mulheres de Ferraz a voltar \u00e0 regi\u00e3o nesta sexta-feira para palestrar num dos quatro pain\u00e9is da 2\u00aa Confer\u00eancia Municipal, que, neste ano, tem como tema central \u201cMais Democracia, Mais Igualdade e Mais Conquista para Todas\u201d. A exposi\u00e7\u00e3o da promotora de Justi\u00e7a ter\u00e1 in\u00edcio \u00e0s 11 horas, logo ap\u00f3s o credenciamento, a abertura oficial e a vota\u00e7\u00e3o para a aprova\u00e7\u00e3o do regimento do evento, que tamb\u00e9m conta com a organiza\u00e7\u00e3o da Coordenadoria da Mulher da Prefeitura de Ferraz de Vasconcelos, da Casa da Mulher, e de Secretarias Municipais do Executivo local:<\/p>\n\n\n\n<p>\u201c\u00c9 de extrema import\u00e2ncia poder voltar \u00e0 regi\u00e3o (Alto Tiet\u00ea), onde atuei como promotora de Justi\u00e7a, para tratar de tema t\u00e3o sens\u00edvel e urgente. Os \u00edndices, afinal, seguem alarmantes quanto \u00e0 viol\u00eancia dom\u00e9stica e \u00e0 viol\u00eancia urbana. O poder p\u00fablico precisa, sim, discutir a quest\u00e3o e ampliar os canais de den\u00fancias e o acesso de informa\u00e7\u00e3o \u00e0s v\u00edtimas. Estamos falando de prote\u00e7\u00e3o \u00e0s mulheres, que s\u00e3o agredidas e, muitas vezes, mortas por seus companheiros ou ex-companheiros. Isso precisa ter um basta\u201d, reflete Celeste.<\/p>\n\n\n\n<p>A jurista tamb\u00e9m vai tratar, em Ferraz, durante a 2\u00aa Confer\u00eancia Municipal, sobre Igualdade de G\u00eanero &#8211; tema que lhe \u00e9 caro e incansavelmente discutido nas din\u00e2micas, nos semin\u00e1rios e nos cursos oferecidos pelo \u201cDefenda-se\u201d, projeto do qual \u00e9 idealizadora. Colocada em pr\u00e1tica pelo Pr\u00f3-V\u00edtima em parceria com o Instituto \u201cPaulo Kobayashi\u201d, a iniciativa ensina, de gra\u00e7a, em S\u00e3o Paulo, aula de autodefesa para mulheres.<\/p>\n\n\n\n<p>Programa\u00e7\u00e3o<br>Al\u00e9m do painel de Celeste, outros tr\u00eas ser\u00e3o desenvolvidos no decorrer da Confer\u00eancia Municipal: \u201cMulheres no C\u00e1rcere\u201d, com a psic\u00f3loga Sabrina Carmo e Joel Novaes, do Instituto Recome\u00e7ar; \u201cSa\u00fade, Educa\u00e7\u00e3o e Trabalho com Foco na Mulher Negra\u201d, com Cida Costa, presidente do Conselho de Promo\u00e7\u00e3o e Igualdade Racial do Governo do Estado de S\u00e3o Paulo; e \u201cFalta de Representatividade das Mulheres Trans na Pol\u00edtica P\u00fablica\u201d, com Joelma Barcelo, coordenadora do Servi\u00e7o de Atendimento Especializado (SAE) em Sa\u00fade de Ferraz, e a vereadora Rebecca Barbosa (PARTIDO), de Santa Isabel-SP.<\/p>\n\n\n\n<p>Segundo estimativa dos organizadores, a 2\u00aa Confer\u00eancia Municipal de Direitos das Mulheres de Ferraz deve reunir at\u00e9 200 pessoas. Na abertura oficial, s\u00e3o esperadas as presen\u00e7as da prefeita de Ferraz, Priscila Gambale (Podemos); da coordenadora da Mulher do munic\u00edpio, Juliane Gallo (Republicanos); da presidente do Conselho Municipal da Mulher, Alessandra Fran\u00e7a; da vereadora Selma Santos (Republicanos); e da presidente da Comiss\u00e3o da Mulher da Ordem dos Advogados do Brasil (OAB) de Ferraz, Dilma Santos.<\/p>\n","protected":false},"excerpt":{"rendered":"<p>Celeste Leite dos Santos, que tamb\u00e9m \u00e9 presidente do Instituto Pr\u00f3-V\u00edtima e idealizadora do projeto&#8230;<\/p>\n","protected":false},"author":1,"featured_media":24600,"comment_status":"open","ping_status":"open","sticky":false,"template":"","format":"standard","meta":{"footnotes":""},"categories":[2],"tags":[],"featured_image_urls":{"full":["https:\/\/novosaopaulo.com.br\/n1\/wp-content\/uploads\/2025\/06\/WhatsApp-Image-2025-06-26-at-15.05.57.jpeg",1280,852,false],"thumbnail":["https:\/\/novosaopaulo.com.br\/n1\/wp-content\/uploads\/2025\/06\/WhatsApp-Image-2025-06-26-at-15.05.57-150x150.jpeg",150,150,true],"medium":["https:\/\/novosaopaulo.com.br\/n1\/wp-content\/uploads\/2025\/06\/WhatsApp-Image-2025-06-26-at-15.05.57-300x200.jpeg",300,200,true],"medium_large":["https:\/\/novosaopaulo.com.br\/n1\/wp-content\/uploads\/2025\/06\/WhatsApp-Image-2025-06-26-at-15.05.57-768x511.jpeg",640,426,true],"large":["https:\/\/novosaopaulo.com.br\/n1\/wp-content\/uploads\/2025\/06\/WhatsApp-Image-2025-06-26-at-15.05.57-1024x682.jpeg",640,426,true],"1536x1536":["https:\/\/novosaopaulo.com.br\/n1\/wp-content\/uploads\/2025\/06\/WhatsApp-Image-2025-06-26-at-15.05.57.jpeg",1280,852,false],"2048x2048":["https:\/\/novosaopaulo.com.br\/n1\/wp-content\/uploads\/2025\/06\/WhatsApp-Image-2025-06-26-at-15.05.57.jpeg",1280,852,false],"newsever-slider-full":["https:\/\/novosaopaulo.com.br\/n1\/wp-content\/uploads\/2025\/06\/WhatsApp-Image-2025-06-26-at-15.05.57-1280x845.jpeg",1280,845,true],"newsever-featured":["https:\/\/novosaopaulo.com.br\/n1\/wp-content\/uploads\/2025\/06\/WhatsApp-Image-2025-06-26-at-15.05.57-1024x682.jpeg",1024,682,true],"newsever-medium":["https:\/\/novosaopaulo.com.br\/n1\/wp-content\/uploads\/2025\/06\/WhatsApp-Image-2025-06-26-at-15.05.57-720x475.jpeg",720,475,true]},"author_info":{"display_name":"Reda\u00e7\u00e3o","author_link":"https:\/\/novosaopaulo.com.br\/n1\/author\/g5poa\/"},"category_info":"<a href=\"https:\/\/novosaopaulo.com.br\/n1\/category\/cidades\/\" rel=\"category tag\">Cidades<\/a>","tag_info":"Cidades","comment_count":"0","_links":{"self":[{"href":"https:\/\/novosaopaulo.com.br\/n1\/wp-json\/wp\/v2\/posts\/24599"}],"collection":[{"href":"https:\/\/novosaopaulo.com.br\/n1\/wp-json\/wp\/v2\/posts"}],"about":[{"href":"https:\/\/novosaopaulo.com.br\/n1\/wp-json\/wp\/v2\/types\/post"}],"author":[{"embeddable":true,"href":"https:\/\/novosaopaulo.com.br\/n1\/wp-json\/wp\/v2\/users\/1"}],"replies":[{"embeddable":true,"href":"https:\/\/novosaopaulo.com.br\/n1\/wp-json\/wp\/v2\/comments?post=24599"}],"version-history":[{"count":1,"href":"https:\/\/novosaopaulo.com.br\/n1\/wp-json\/wp\/v2\/posts\/24599\/revisions"}],"predecessor-version":[{"id":24601,"href":"https:\/\/novosaopaulo.com.br\/n1\/wp-json\/wp\/v2\/posts\/24599\/revisions\/24601"}],"wp:featuredmedia":[{"embeddable":true,"href":"https:\/\/novosaopaulo.com.br\/n1\/wp-json\/wp\/v2\/media\/24600"}],"wp:attachment":[{"href":"https:\/\/novosaopaulo.com.br\/n1\/wp-json\/wp\/v2\/media?parent=24599"}],"wp:term":[{"taxonomy":"category","embeddable":true,"href":"https:\/\/novosaopaulo.com.br\/n1\/wp-json\/wp\/v2\/categories?post=24599"},{"taxonomy":"post_tag","embeddable":true,"href":"https:\/\/novosaopaulo.com.br\/n1\/wp-json\/wp\/v2\/tags?post=24599"}],"curies":[{"name":"wp","href":"https:\/\/api.w.org\/{rel}","templated":true}]}}