{"id":24596,"date":"2025-06-26T13:18:30","date_gmt":"2025-06-26T16:18:30","guid":{"rendered":"https:\/\/novosaopaulo.com.br\/n1\/?p=24596"},"modified":"2025-06-26T13:18:31","modified_gmt":"2025-06-26T16:18:31","slug":"biolab-gravou-episodio-inedito-de-podcast-sobre-saude-mental-no-brain-congress-2025-em-fortaleza-ce","status":"publish","type":"post","link":"https:\/\/novosaopaulo.com.br\/n1\/biolab-gravou-episodio-inedito-de-podcast-sobre-saude-mental-no-brain-congress-2025-em-fortaleza-ce\/","title":{"rendered":"Biolab gravou epis\u00f3dio in\u00e9dito de podcast sobre sa\u00fade mental no Brain Congress 2025, em Fortaleza (CE)"},"content":{"rendered":"\n<p>A Biolab Farmac\u00eautica reafirma seu compromisso com a promo\u00e7\u00e3o de iniciativas que valorizam a sa\u00fade mental de forma humanizada com a participa\u00e7\u00e3o durante o Brain Congress 2025, um dos mais importantes encontros voltados \u00e0s inova\u00e7\u00f5es e ao debate cient\u00edfico na \u00e1rea de sa\u00fade mental e neuroci\u00eancia. O Brain Congress conecta as neuroci\u00eancias \u00e0s pr\u00e1ticas cl\u00ednicas por meio de uma abordagem multidisciplinar. Com especialistas renomados, o evento capacita profissionais a oferecer diagn\u00f3sticos e tratamentos mais eficazes em sa\u00fade mental e neurol\u00f3gica. O evento aconteceu entre os dias 18 e 21 de junho, no Centro de Eventos do Cear\u00e1, em Fortaleza (CE).<br>Entre as iniciativas promovidas pela empresa no evento, est\u00e1 o simp\u00f3sio cient\u00edfico que aconteceu no dia 18 de junho, com a presen\u00e7a das psiquiatras Dra. Carmita Abdo, professora da Faculdade de Medicina da Universidade de S\u00e3o Paulo (FMUSP), e da pesquisadora M\u00e1rcia Kauer, professora Associada do Depto. de Psiquiatria da Universidade Federal do Rio Grande do Sul (UFRGS). O tema central do simp\u00f3sio foi o \u201cO papel do receptor sigma-1 e o uso da fluvoxamina no tratamento da depress\u00e3o\u201d, destacando abordagens terap\u00eauticas inovadoras no combate a uma das condi\u00e7\u00f5es que mais impactam a qualidade de vida da popula\u00e7\u00e3o mundial. Segundo o Minist\u00e9rio da Sa\u00fade, a preval\u00eancia de depress\u00e3o ao longo da vida no Brasil \u00e9 de 15,5%. No \u00faltimo ano, o Minist\u00e9rio da Previd\u00eancia Social apontou quase meio milh\u00e3o de afastamentos por ansiedade e depress\u00e3o \u2013 maior n\u00famero em 10 anos.<br>Al\u00e9m de contribuir para o debate cient\u00edfico, a Biolab tamb\u00e9m apresentar\u00e1 uma a\u00e7\u00e3o in\u00e9dita durante o congresso: a grava\u00e7\u00e3o ao vivo de um epis\u00f3dio especial do podcast Biolab Conectados que \u00e9 realizado em parceria com sua unidade de neg\u00f3cio de sa\u00fade animal, a Avert. A iniciativa discute temas ligados \u00e0 sa\u00fade mental e o impacto positivo dos animais no bem-estar humano, refor\u00e7ando a import\u00e2ncia das abordagens complementares e integrativas no cuidado com a sa\u00fade mental.<br>\u201cParticipar do Brain Congress 2025 foi uma oportunidade para compartilhar conhecimento e fomentar novas perspectivas no tratamento de transtornos psiqui\u00e1tricos. A Biolab \u00e9 uma empresa inovadora com a miss\u00e3o de levar sa\u00fade e qualidade de vida \u00e0 popula\u00e7\u00e3o e, sem d\u00favidas, a sa\u00fade mental \u00e9 o primeiro passo para o bem-estar integral,\u201d afirma Tati Marques, Diretora de Comunica\u00e7\u00e3o Corporativa e Sustentabilidade da Biolab.<br>Sobre a Biolab<br>Promover um futuro com mais qualidade de vida requer uma busca incans\u00e1vel por tratamentos seguros e inovadores. Por isso, a Biolab, ind\u00fastria farmac\u00eautica brasileira fundada em 1997 e com presen\u00e7a internacional, investe em pesquisas e parcerias para superar os crescentes desafios da sa\u00fade.<br>Com quase 4.000 colaboradores e a 4\u00aa maior For\u00e7a de Vendas do pa\u00eds, a empresa se destaca entre as maiores farmac\u00eauticas brasileiras. Em 2025, foi reconhecida no LinkedIn Top Companies como uma das 15 melhores do Brasil para se trabalhar, avaliada em crit\u00e9rios como oportunidades de crescimento, desenvolvimento de compet\u00eancias, diversidade e estabilidade.<br>A Biolab atua em diversas especialidades, como: dermatologia, ginecologia, ortopedia, gastroenterologia, pediatria, cl\u00ednica m\u00e9dica e sistema nervoso central, al\u00e9m de ser l\u00edder em cardiologia. As unidades de neg\u00f3cio Biolab Gen\u00e9ricos, Avert Humana e Avert Biolab Sa\u00fade Animal contribuem com o portf\u00f3lio de mais de 500 produtos.<br>A Biolab est\u00e1 em crescimento constante. S\u00e3o tr\u00eas unidades de produ\u00e7\u00e3o, al\u00e9m de um moderno complexo fabril em constru\u00e7\u00e3o. E n\u00e3o para por a\u00ed: no Canad\u00e1, \u00e9 a 1\u00aa farmac\u00eautica brasileira com um Centro de pesquisas e adquiriu a empresa Exzell Pharma para expandir suas fronteiras.<br>Viva a evolu\u00e7\u00e3o!<\/p>\n","protected":false},"excerpt":{"rendered":"<p>A Biolab Farmac\u00eautica reafirma seu compromisso com a promo\u00e7\u00e3o de iniciativas que valorizam a sa\u00fade&#8230;<\/p>\n","protected":false},"author":1,"featured_media":24597,"comment_status":"open","ping_status":"open","sticky":false,"template":"","format":"standard","meta":{"footnotes":""},"categories":[2],"tags":[],"featured_image_urls":{"full":["https:\/\/novosaopaulo.com.br\/n1\/wp-content\/uploads\/2025\/06\/WhatsApp-Image-2025-06-26-at-10.37.15.jpeg",378,504,false],"thumbnail":["https:\/\/novosaopaulo.com.br\/n1\/wp-content\/uploads\/2025\/06\/WhatsApp-Image-2025-06-26-at-10.37.15-150x150.jpeg",150,150,true],"medium":["https:\/\/novosaopaulo.com.br\/n1\/wp-content\/uploads\/2025\/06\/WhatsApp-Image-2025-06-26-at-10.37.15-225x300.jpeg",225,300,true],"medium_large":["https:\/\/novosaopaulo.com.br\/n1\/wp-content\/uploads\/2025\/06\/WhatsApp-Image-2025-06-26-at-10.37.15.jpeg",378,504,false],"large":["https:\/\/novosaopaulo.com.br\/n1\/wp-content\/uploads\/2025\/06\/WhatsApp-Image-2025-06-26-at-10.37.15.jpeg",378,504,false],"1536x1536":["https:\/\/novosaopaulo.com.br\/n1\/wp-content\/uploads\/2025\/06\/WhatsApp-Image-2025-06-26-at-10.37.15.jpeg",378,504,false],"2048x2048":["https:\/\/novosaopaulo.com.br\/n1\/wp-content\/uploads\/2025\/06\/WhatsApp-Image-2025-06-26-at-10.37.15.jpeg",378,504,false],"newsever-slider-full":["https:\/\/novosaopaulo.com.br\/n1\/wp-content\/uploads\/2025\/06\/WhatsApp-Image-2025-06-26-at-10.37.15.jpeg",378,504,false],"newsever-featured":["https:\/\/novosaopaulo.com.br\/n1\/wp-content\/uploads\/2025\/06\/WhatsApp-Image-2025-06-26-at-10.37.15.jpeg",378,504,false],"newsever-medium":["https:\/\/novosaopaulo.com.br\/n1\/wp-content\/uploads\/2025\/06\/WhatsApp-Image-2025-06-26-at-10.37.15-378x475.jpeg",378,475,true]},"author_info":{"display_name":"Reda\u00e7\u00e3o","author_link":"https:\/\/novosaopaulo.com.br\/n1\/author\/g5poa\/"},"category_info":"<a href=\"https:\/\/novosaopaulo.com.br\/n1\/category\/cidades\/\" rel=\"category tag\">Cidades<\/a>","tag_info":"Cidades","comment_count":"0","_links":{"self":[{"href":"https:\/\/novosaopaulo.com.br\/n1\/wp-json\/wp\/v2\/posts\/24596"}],"collection":[{"href":"https:\/\/novosaopaulo.com.br\/n1\/wp-json\/wp\/v2\/posts"}],"about":[{"href":"https:\/\/novosaopaulo.com.br\/n1\/wp-json\/wp\/v2\/types\/post"}],"author":[{"embeddable":true,"href":"https:\/\/novosaopaulo.com.br\/n1\/wp-json\/wp\/v2\/users\/1"}],"replies":[{"embeddable":true,"href":"https:\/\/novosaopaulo.com.br\/n1\/wp-json\/wp\/v2\/comments?post=24596"}],"version-history":[{"count":1,"href":"https:\/\/novosaopaulo.com.br\/n1\/wp-json\/wp\/v2\/posts\/24596\/revisions"}],"predecessor-version":[{"id":24598,"href":"https:\/\/novosaopaulo.com.br\/n1\/wp-json\/wp\/v2\/posts\/24596\/revisions\/24598"}],"wp:featuredmedia":[{"embeddable":true,"href":"https:\/\/novosaopaulo.com.br\/n1\/wp-json\/wp\/v2\/media\/24597"}],"wp:attachment":[{"href":"https:\/\/novosaopaulo.com.br\/n1\/wp-json\/wp\/v2\/media?parent=24596"}],"wp:term":[{"taxonomy":"category","embeddable":true,"href":"https:\/\/novosaopaulo.com.br\/n1\/wp-json\/wp\/v2\/categories?post=24596"},{"taxonomy":"post_tag","embeddable":true,"href":"https:\/\/novosaopaulo.com.br\/n1\/wp-json\/wp\/v2\/tags?post=24596"}],"curies":[{"name":"wp","href":"https:\/\/api.w.org\/{rel}","templated":true}]}}