{"id":24593,"date":"2025-06-26T00:18:19","date_gmt":"2025-06-26T03:18:19","guid":{"rendered":"https:\/\/novosaopaulo.com.br\/n1\/?p=24593"},"modified":"2025-06-26T00:18:20","modified_gmt":"2025-06-26T03:18:20","slug":"sucesso-da-brasmin-2025-consolida-protagonismo-de-goias-na-mineracao-brasileira","status":"publish","type":"post","link":"https:\/\/novosaopaulo.com.br\/n1\/sucesso-da-brasmin-2025-consolida-protagonismo-de-goias-na-mineracao-brasileira\/","title":{"rendered":"Sucesso da Brasmin 2025 consolida protagonismo de Goi\u00e1s na minera\u00e7\u00e3o brasileira"},"content":{"rendered":"\n<p>Governador de Goi\u00e1s, Ronaldo Caiado, parabeniza Jos\u00e9 Roberto Sevieri, CEO da Proma Feiras, pelo \u00eaxito na realiza\u00e7\u00e3o da Brasmin \u2013 evento que se consolida como refer\u00eancia no setor de minera\u00e7\u00e3o.<\/p>\n\n\n\n<p>Realizada nos dias 24, 25 e 26 de junho, no Centro de Conven\u00e7\u00f5es da PUC \u2013 Campus 2, em Goi\u00e2nia (GO), a terceira edi\u00e7\u00e3o da feira Brasmin \u2013 Feira da Ind\u00fastria da Minera\u00e7\u00e3o, reafirmou seu papel como principal vitrine de neg\u00f3cios e inova\u00e7\u00f5es tecnol\u00f3gicas para a m\u00e9dia e pequena minera\u00e7\u00e3o no Brasil. Com mais de 210 expositores, 6.000 visitantes qualificados e volume de neg\u00f3cios superior a R$ 1 bilh\u00f5es em neg\u00f3cios de curto e m\u00e9dio prazo, o evento consolidou sua import\u00e2ncia estrat\u00e9gica no calend\u00e1rio do setor mineral nacional.<br>A solenidade de abertura marcou tamb\u00e9m o in\u00edcio do 9\u00ba Encontro Nacional da M\u00e9dia e Pequena Minera\u00e7\u00e3o, que promoveu debates de alto n\u00edvel sobre o papel dessas empresas no fortalecimento da cadeia produtiva mineral. O governador Ronaldo Caiado destacou o protagonismo de Goi\u00e1s no cen\u00e1rio mineral brasileiro e fez um apelo ao governo federal por uma pol\u00edtica nacional voltada ao setor: \u201cO Brasil precisa compreender que minera\u00e7\u00e3o \u00e9 essencial para o desenvolvimento. Goi\u00e1s est\u00e1 pronto para liderar esse movimento com responsabilidade e sustentabilidade\u201d, afirmou.<br>O evento contou ainda com a presen\u00e7a de autoridades como Sandro Mabel (prefeito de Goi\u00e2nia e presidente do COMIN), o deputado federal Z\u00e9 Silva e a deputada Laura Carneiro, ambos integrantes da Frente Parlamentar da Minera\u00e7\u00e3o Sustent\u00e1vel, al\u00e9m do deputado estadual Lineu Ol\u00edmpio (presidente da Comiss\u00e3o de Minas e Energia da ALEGO &#8211; Assembleia Legislativa do Estado de Goi\u00e1s), da secret\u00e1ria de Gest\u00e3o e Minera\u00e7\u00e3o do Estado, Ana Paula Bittencourt, e de representantes da ABPM &#8211; Associa\u00e7\u00e3o Brasileira de Empresas de Pesquisa Mineral e Minera\u00e7\u00e3o e da FIEG &#8211; Federa\u00e7\u00e3o das Ind\u00fastrias do Estado de Goi\u00e1s.<br>Durante os tr\u00eas dias de evento, a feira apresenta solu\u00e7\u00f5es em equipamentos, servi\u00e7os, tecnologia, automa\u00e7\u00e3o e sustentabilidade para o setor, al\u00e9m de promover uma agenda robusta de palestras, pain\u00e9is e encontros t\u00e9cnicos. A diversidade de participantes, que incluiu mineradoras, fornecedores, t\u00e9cnicos, estudantes e autoridades p\u00fablicas, refletiu o dinamismo do setor e a relev\u00e2ncia da Brasmin como espa\u00e7o para troca de conhecimento e fomento de neg\u00f3cios.<br>O sucesso da edi\u00e7\u00e3o 2025 j\u00e1 projeta novas expectativas para a pr\u00f3xima edi\u00e7\u00e3o, com previs\u00e3o de crescimento em n\u00famero de expositores e \u00e1rea de exposi\u00e7\u00e3o, refor\u00e7ando o compromisso da organiza\u00e7\u00e3o com a excel\u00eancia e o desenvolvimento da minera\u00e7\u00e3o brasileira.<br>Mais op\u00e7\u00f5es de fotos no link abaixo. Cr\u00e9dito:<br>https:\/\/drive.google.com\/drive\/folders\/1hMJjezExlMyiS&#8211;xNv8t_xcXjLzQtJsr<\/p>\n\n\n\n<p>Servi\u00e7o<br>\ud83d\udcc5 Data: 24 a 26 de junho de 2025<br>\ud83d\udccd Local: Centro de Conven\u00e7\u00f5es da PUCC II, rua Engler, 507, Goi\u00e2nia, GO<br>\ud83c\udf10 Site: brasmin.com.br<br>\ud83d\udd52 Hor\u00e1rio: Das 14h \u00e0s 20h<br>\ud83c\udf9f\ufe0f Credenciamento gratuito: j\u00e1 dispon\u00edvel no site<\/p>\n","protected":false},"excerpt":{"rendered":"<p>Governador de Goi\u00e1s, Ronaldo Caiado, parabeniza Jos\u00e9 Roberto Sevieri, CEO da Proma Feiras, pelo \u00eaxito&#8230;<\/p>\n","protected":false},"author":1,"featured_media":24594,"comment_status":"open","ping_status":"open","sticky":false,"template":"","format":"standard","meta":{"footnotes":""},"categories":[2],"tags":[],"featured_image_urls":{"full":["https:\/\/novosaopaulo.com.br\/n1\/wp-content\/uploads\/2025\/06\/not001.jpg",672,445,false],"thumbnail":["https:\/\/novosaopaulo.com.br\/n1\/wp-content\/uploads\/2025\/06\/not001-150x150.jpg",150,150,true],"medium":["https:\/\/novosaopaulo.com.br\/n1\/wp-content\/uploads\/2025\/06\/not001-300x199.jpg",300,199,true],"medium_large":["https:\/\/novosaopaulo.com.br\/n1\/wp-content\/uploads\/2025\/06\/not001.jpg",640,424,false],"large":["https:\/\/novosaopaulo.com.br\/n1\/wp-content\/uploads\/2025\/06\/not001.jpg",640,424,false],"1536x1536":["https:\/\/novosaopaulo.com.br\/n1\/wp-content\/uploads\/2025\/06\/not001.jpg",672,445,false],"2048x2048":["https:\/\/novosaopaulo.com.br\/n1\/wp-content\/uploads\/2025\/06\/not001.jpg",672,445,false],"newsever-slider-full":["https:\/\/novosaopaulo.com.br\/n1\/wp-content\/uploads\/2025\/06\/not001.jpg",672,445,false],"newsever-featured":["https:\/\/novosaopaulo.com.br\/n1\/wp-content\/uploads\/2025\/06\/not001.jpg",672,445,false],"newsever-medium":["https:\/\/novosaopaulo.com.br\/n1\/wp-content\/uploads\/2025\/06\/not001.jpg",672,445,false]},"author_info":{"display_name":"Reda\u00e7\u00e3o","author_link":"https:\/\/novosaopaulo.com.br\/n1\/author\/g5poa\/"},"category_info":"<a href=\"https:\/\/novosaopaulo.com.br\/n1\/category\/cidades\/\" rel=\"category tag\">Cidades<\/a>","tag_info":"Cidades","comment_count":"0","_links":{"self":[{"href":"https:\/\/novosaopaulo.com.br\/n1\/wp-json\/wp\/v2\/posts\/24593"}],"collection":[{"href":"https:\/\/novosaopaulo.com.br\/n1\/wp-json\/wp\/v2\/posts"}],"about":[{"href":"https:\/\/novosaopaulo.com.br\/n1\/wp-json\/wp\/v2\/types\/post"}],"author":[{"embeddable":true,"href":"https:\/\/novosaopaulo.com.br\/n1\/wp-json\/wp\/v2\/users\/1"}],"replies":[{"embeddable":true,"href":"https:\/\/novosaopaulo.com.br\/n1\/wp-json\/wp\/v2\/comments?post=24593"}],"version-history":[{"count":1,"href":"https:\/\/novosaopaulo.com.br\/n1\/wp-json\/wp\/v2\/posts\/24593\/revisions"}],"predecessor-version":[{"id":24595,"href":"https:\/\/novosaopaulo.com.br\/n1\/wp-json\/wp\/v2\/posts\/24593\/revisions\/24595"}],"wp:featuredmedia":[{"embeddable":true,"href":"https:\/\/novosaopaulo.com.br\/n1\/wp-json\/wp\/v2\/media\/24594"}],"wp:attachment":[{"href":"https:\/\/novosaopaulo.com.br\/n1\/wp-json\/wp\/v2\/media?parent=24593"}],"wp:term":[{"taxonomy":"category","embeddable":true,"href":"https:\/\/novosaopaulo.com.br\/n1\/wp-json\/wp\/v2\/categories?post=24593"},{"taxonomy":"post_tag","embeddable":true,"href":"https:\/\/novosaopaulo.com.br\/n1\/wp-json\/wp\/v2\/tags?post=24593"}],"curies":[{"name":"wp","href":"https:\/\/api.w.org\/{rel}","templated":true}]}}