{"id":24591,"date":"2025-06-26T00:15:31","date_gmt":"2025-06-26T03:15:31","guid":{"rendered":"https:\/\/novosaopaulo.com.br\/n1\/?p=24591"},"modified":"2025-06-26T00:15:31","modified_gmt":"2025-06-26T03:15:31","slug":"o-novo-e-moderno-centro-de-sao-paulo","status":"publish","type":"post","link":"https:\/\/novosaopaulo.com.br\/n1\/o-novo-e-moderno-centro-de-sao-paulo\/","title":{"rendered":"O novo e moderno centro de S\u00e3o Paulo"},"content":{"rendered":"\n<p>A implanta\u00e7\u00e3o do Centro Administrativo dos Campos El\u00edseos, cujo edital de contrata\u00e7\u00e3o de sua constru\u00e7\u00e3o foi publicado na \u00faltima ter\u00e7a-feira (24) pelo Governo do Estado, dever\u00e1 constituir um salto de qualidade na revitaliza\u00e7\u00e3o da zona central de S\u00e3o Paulo-Capital. De acordo com a chamada, os grupos econ\u00f4micos interessados em investir nas obras e explorar economicamente o empreendimento durante os pr\u00f3ximos 30 anos dever\u00e3o entregar suas propostas no dia 6 de outubro e, no dia 10 daquele mesmo m\u00eas, os envelopes ser\u00e3o abertos e julgados. Quem vencer, dever\u00e1 investir R$ 5.4 bilh\u00f5es e cobrar o menor valor da verba administrativa do empreendimento, tecnicamente estimado em R$ 824,3 bilh\u00f5es mensais. O formato \u00e9 o da PPP (Parceria P\u00fablico Privada), onde o empreendedor faz o investimento e depois explora as suas rendas no per\u00edodo determinado.<\/p>\n\n\n\n<pre class=\"wp-block-code\"><code>     O complexo reunir\u00e1 sedes de secretarias e \u00f3rg\u00e3os estaduais atualmente espalhados por mais de 40 im\u00f3veis da cidade. A nova estrutura ter\u00e1 capacidade para cerca de 22,7 mil servidores, distribu\u00eddos em sete edif\u00edcios e dez torres, mais teatro, audit\u00f3rios, salas multiuso e \u00e1reas comerciais. O funcionamento do conjunto dever\u00e1 conferir mais velocidade e economia aos servi\u00e7os das reparti\u00e7\u00f5es estaduais e, paralelamente, revitalizar aquela importante \u00e1rea urbana  que se deteriorou ao depois que a sede do governo estadual mudou-se do antigo pal\u00e1cio dos Campos El\u00edseos para o Bandeirantes, no Morumbi.\n\n  A hist\u00f3ria paulistana diz que o ent\u00e3o governador Adhemar de Barros decidiu mudar a sede do governo para o pal\u00e1cio adquirido de terceiros com o objetivo de receber menos visitas e ter mais tranq\u00fcilidade para trabalhar. N\u00e3o previu, no entanto, que o local desocupado se depredaria e seria uma \u00e1rea-problema da cidade. Na sucess\u00e3o de governos, as reparti\u00e7\u00f5es foram se instalando em pontos diferentes da capital e tornaram dif\u00edcil a governan\u00e7a. Agora, o governo de Tarc\u00edsio de Freitas realizou consulta p\u00fablica entre janeiro e mar\u00e7o recebeu 268 contribui\u00e7\u00f5es, com 64% das sugest\u00f5es total ou parcialmente acolhidas. Isso sugere que o projeto elaborado dever\u00e1 atender \u00e0s aspira\u00e7\u00f5es e necessidades da comunidade.\n\n  O empreendimento dever\u00e1, tamb\u00e9m,  requalificar o entorno do pal\u00e1cio e ampliar em mais de 40% a \u00e1rea verde do Parque Princesa Isabel. O governo prev\u00ea ainda o restauro de 17 im\u00f3veis tombados e a cria\u00e7\u00e3o de 25 mil m\u00b2 voltados a com\u00e9rcio, servi\u00e7os e espa\u00e7os de conviv\u00eancia nos t\u00e9rreos dos pr\u00e9dios.\n\n  A deteriora\u00e7\u00e3o das \u00e1reas urbanas outrora valorizadas \u00e9 um fen\u00f4meno mundial. Muitas outras grandes e m\u00e9dias cidades sofreram esse processo decorrente das mudan\u00e7as econ\u00f4micas e sociais e \u2013 convenhamos \u2013 da falta de continuidade dos sucessivos governos na ado\u00e7\u00e3o de medidas mitigadoras dos estragos.\n\n  Hoje, al\u00e9m da implanta\u00e7\u00e3o da nova sede do governo nos Campos El\u00edseos, S\u00e3o Paulo tamb\u00e9m realiza a restaura\u00e7\u00e3o de edif\u00edcios que perderam suas utilidades originais e com o tempo transformaram-se em problemas urbanos. Muitos deles ser\u00e3o restaurados e transfor5mados em resid\u00eancia para os servidores e trabalhadores que vierem trabalhar no novo centro. Al\u00e9m dos pr\u00f3prios empreendimentos, essas obras solucionar\u00e3o problemas de tr\u00e1fego e, no geral, o acesso da popula\u00e7\u00e3o da moradia ao trabalho, estudos e lazer. Bem administrado e continuamente cuidado, o processo de revitaliza\u00e7\u00e3o levar\u00e1 ao renascimento das cidades. O Brasil, que possui muitos centros urbanos problem\u00e1ticos \u2013 capitais e cidades grandes e m\u00e9dias \u2013 e poder\u00e1 oferecer um salto de qualidade na vida da popula\u00e7\u00e3o se conseguir estender algo como o que S\u00e3o Paulo come\u00e7a a realizar para as localidades que enfrentam dificuldades da mesma ordem. Um plano nacional ser\u00e1 melhor executado e mais econ\u00f4mico do que cada localidade buscando a solu\u00e7\u00e3o espec\u00edfica para a sua deteriora\u00e7\u00e3o. \u00c9 preciso cuidar do gen\u00e9rico \u2013 comum a todos \u2013 e que s\u00f3 os arremates fiquem por conta de cada comunidade...<\/code><\/pre>\n\n\n\n<p>Tenente Dirceu Cardoso Gon\u00e7alves &#8211; dirigente da ASPOMIL (Associa\u00e7\u00e3o de Assist. Social dos Policiais Militares de S\u00e3o Paulo).<\/p>\n","protected":false},"excerpt":{"rendered":"<p>A implanta\u00e7\u00e3o do Centro Administrativo dos Campos El\u00edseos, cujo edital de contrata\u00e7\u00e3o de sua constru\u00e7\u00e3o&#8230;<\/p>\n","protected":false},"author":1,"featured_media":23327,"comment_status":"open","ping_status":"open","sticky":false,"template":"","format":"standard","meta":{"footnotes":""},"categories":[2],"tags":[],"featured_image_urls":{"full":["https:\/\/novosaopaulo.com.br\/n1\/wp-content\/uploads\/2025\/04\/Tenente-Dirceu-Cardoso-Goncalves.jpg",600,564,false],"thumbnail":["https:\/\/novosaopaulo.com.br\/n1\/wp-content\/uploads\/2025\/04\/Tenente-Dirceu-Cardoso-Goncalves-150x150.jpg",150,150,true],"medium":["https:\/\/novosaopaulo.com.br\/n1\/wp-content\/uploads\/2025\/04\/Tenente-Dirceu-Cardoso-Goncalves-300x282.jpg",300,282,true],"medium_large":["https:\/\/novosaopaulo.com.br\/n1\/wp-content\/uploads\/2025\/04\/Tenente-Dirceu-Cardoso-Goncalves.jpg",600,564,false],"large":["https:\/\/novosaopaulo.com.br\/n1\/wp-content\/uploads\/2025\/04\/Tenente-Dirceu-Cardoso-Goncalves.jpg",600,564,false],"1536x1536":["https:\/\/novosaopaulo.com.br\/n1\/wp-content\/uploads\/2025\/04\/Tenente-Dirceu-Cardoso-Goncalves.jpg",600,564,false],"2048x2048":["https:\/\/novosaopaulo.com.br\/n1\/wp-content\/uploads\/2025\/04\/Tenente-Dirceu-Cardoso-Goncalves.jpg",600,564,false],"newsever-slider-full":["https:\/\/novosaopaulo.com.br\/n1\/wp-content\/uploads\/2025\/04\/Tenente-Dirceu-Cardoso-Goncalves.jpg",600,564,false],"newsever-featured":["https:\/\/novosaopaulo.com.br\/n1\/wp-content\/uploads\/2025\/04\/Tenente-Dirceu-Cardoso-Goncalves.jpg",600,564,false],"newsever-medium":["https:\/\/novosaopaulo.com.br\/n1\/wp-content\/uploads\/2025\/04\/Tenente-Dirceu-Cardoso-Goncalves-600x475.jpg",600,475,true]},"author_info":{"display_name":"Reda\u00e7\u00e3o","author_link":"https:\/\/novosaopaulo.com.br\/n1\/author\/g5poa\/"},"category_info":"<a href=\"https:\/\/novosaopaulo.com.br\/n1\/category\/cidades\/\" rel=\"category tag\">Cidades<\/a>","tag_info":"Cidades","comment_count":"0","_links":{"self":[{"href":"https:\/\/novosaopaulo.com.br\/n1\/wp-json\/wp\/v2\/posts\/24591"}],"collection":[{"href":"https:\/\/novosaopaulo.com.br\/n1\/wp-json\/wp\/v2\/posts"}],"about":[{"href":"https:\/\/novosaopaulo.com.br\/n1\/wp-json\/wp\/v2\/types\/post"}],"author":[{"embeddable":true,"href":"https:\/\/novosaopaulo.com.br\/n1\/wp-json\/wp\/v2\/users\/1"}],"replies":[{"embeddable":true,"href":"https:\/\/novosaopaulo.com.br\/n1\/wp-json\/wp\/v2\/comments?post=24591"}],"version-history":[{"count":1,"href":"https:\/\/novosaopaulo.com.br\/n1\/wp-json\/wp\/v2\/posts\/24591\/revisions"}],"predecessor-version":[{"id":24592,"href":"https:\/\/novosaopaulo.com.br\/n1\/wp-json\/wp\/v2\/posts\/24591\/revisions\/24592"}],"wp:featuredmedia":[{"embeddable":true,"href":"https:\/\/novosaopaulo.com.br\/n1\/wp-json\/wp\/v2\/media\/23327"}],"wp:attachment":[{"href":"https:\/\/novosaopaulo.com.br\/n1\/wp-json\/wp\/v2\/media?parent=24591"}],"wp:term":[{"taxonomy":"category","embeddable":true,"href":"https:\/\/novosaopaulo.com.br\/n1\/wp-json\/wp\/v2\/categories?post=24591"},{"taxonomy":"post_tag","embeddable":true,"href":"https:\/\/novosaopaulo.com.br\/n1\/wp-json\/wp\/v2\/tags?post=24591"}],"curies":[{"name":"wp","href":"https:\/\/api.w.org\/{rel}","templated":true}]}}