{"id":24582,"date":"2025-06-24T18:24:19","date_gmt":"2025-06-24T21:24:19","guid":{"rendered":"https:\/\/novosaopaulo.com.br\/n1\/?p=24582"},"modified":"2025-06-24T18:24:20","modified_gmt":"2025-06-24T21:24:20","slug":"terceira-guerra-mundial-risco-permanente-e-improvavel","status":"publish","type":"post","link":"https:\/\/novosaopaulo.com.br\/n1\/terceira-guerra-mundial-risco-permanente-e-improvavel\/","title":{"rendered":"Terceira Guerra Mundial, risco permanente e improv\u00e1vel"},"content":{"rendered":"\n<p>Mais uma vez acordamos sob a surrada especula\u00e7\u00e3o da imin\u00eancia da deflagra\u00e7\u00e3o da Terceira Guerra Mundial pairando sobre nossas cabe\u00e7as. Um sentimento que incomoda a humanidade desde o fim da Segunda Guerra (1945), notadamente ap\u00f3s os incidentes at\u00f4micos de Hiroshima e Nagazaki, que levaram o Jap\u00e3o \u00e0 rendi\u00e7\u00e3o. A partir de ent\u00e3o, acredita-se que o novo conflito mundial \u2013 se houver \u2013 n\u00e3o ser\u00e1 convencional mas at\u00f4mico e que os arsenais \u00e0 \u00e9poca poder\u00e3o ser potentes e capazes de destruir o planeta e tudo o que nele existe, inclusive a popula\u00e7\u00e3o.<br>Ao longo das 8 d\u00e9cadas, o Mundo cuidou de restringir o avan\u00e7o nuclear, atrav\u00e9s de medidas reguladores e, muitas vezes, de retalia\u00e7\u00e3o. O ataque que o presidente norteamericano Donald Trump, promoveu ao Ir\u00e3 no ultimo final de semana, bombardeando suas instala\u00e7\u00f5es nucleares, est\u00e3o dentro desse escopo. Impedir que o Pa\u00eds isl\u00e2mico conclua a constru\u00e7\u00e3o da bomba at\u00f4mica e a empregue contra inimigos da \u00e9poca.<br>O conflito que faz pano de fundo para os atuais acontecimentos no Oriente M\u00e9dio e mais do mesmo da rivalidade entre os dois povos. J\u00e1 aconteceram v\u00e1rias guerras e desintelig\u00eancia entre \u00e1rabes e judeus e outras ainda dever\u00e3o ocorrer. Quem paga caro \u00e9 o mundo consumidor de combust\u00edveis e energia que v\u00ea o mercado volatilizar-se e tem de pagar elevados pre\u00e7os por conta da guerra. Aquilo que em 1973 e se repetiu na ocasi\u00e3o de outras desintelig\u00eancias no Oriente M\u00e9dio tende a ocorrer novamente. Devemos nos preparar.<br>Em princ\u00edpio, n\u00e3o cremos na Terceira Gerra Mundial, pois se ocorrer com as novas tecnologias, n\u00e3o sobrar\u00e1 ningu\u00e9m vivo. Nos anos 40, pouco antes de morrer, o escritor Monteiro Lobato disse que o mundo encontraria a paz quando todos os pa\u00edses tivessem sua bomba at\u00f4mica pois se respeitariam. Mas as pol\u00edticas nucleares, em vez de armar a todos, estabeleceu restri\u00e7\u00f5es que nem sempre s\u00e3o bem observadas. O \u00e1tomo \u00e9 cultivado para fins pac\u00edficos, mas h\u00e1 desconfian\u00e7as de seu emprego clandestino para fins b\u00e9licos. Caso do Ir\u00e3, pa\u00eds isl\u00e2mico \u00b4detentor de muitos inimigos.<br>Os ataques providos pelos EUA dever\u00e3o causar repercuss\u00f5es nos pr\u00f3ximos dias at\u00e9 que os organismos internacionais se movimentem e consigam a paz, mesmo sob o \u00f3dio. O Brasil, infelizmente, est\u00e1 metido na quest\u00e3o iraniana, por conta da fala do presidente Lula que ap\u00f3ia o pa\u00eds dos aiatol\u00e1s e \u2013 n\u00e3o sabemos se verdade ou mentira \u2013 \u00e9 acusado de ter fornecido clandestinamente material at\u00f4mico para aquele pa\u00eds. As investiga\u00e7\u00f5es j\u00e1 requisitadas esclarecer\u00e3o a quest\u00e3o.<br>Toda na\u00e7\u00e3o tem direito a alinhar-se conforme sua vontade. Durante d\u00e9cadas, o Brasil optou ela neutralidade. Isso rendeu boa amizade com praticamente todo o mundo. Recentemente, no entanto, Lula tem criticado Israel (o que j\u00e1 rendeu um incidente), cultivado diferen\u00e7as com Trump e agora aproveita o incidente com o Ir\u00e3 para tentar obter mudan\u00e7as na ONU (Organiza\u00e7\u00e3o das Na\u00e7\u00f5es Unidas). Tem o direito de faz\u00ea-lo, mas deve raciocinar se isso \u00e9 bom o para o pa\u00eds e principalmente para a popula\u00e7\u00e3o.<br>Precisamos voltar aos tempos pac\u00edficos e, inclusive, evitar as pol\u00edticas extremadas, sejam elas de esquerda, de centro ou de direita. Ainda somos uma sociedade em constru\u00e7\u00e3o e necessitamos de parcerias das mais diversas. E n\u00e3o ser\u00e1 com alinhamento ou radicalismos que vamos encontrar o nosso caminho da paz, do desenvolvimento e do bem-estar. Em vez de importar desaven\u00e7as alien\u00edgenas, o melhor seria tentarmos construir a paz interna e colocar nosso Pa\u00eds \u2013 o maior da Am\u00e9rica do Sul em economia e territ\u00f3rio em boas condi\u00e7\u00f5es para liderar nossa regi\u00e3o e contribuir com o bem-estar da comunidade sul americana ou, se poss\u00edvel de toda a Am\u00e9rica Latina. As \u201cbrigas\u201d de Israel, Ir\u00e3, Ucr\u00e2nia, R\u00fassia, Estados Unidos e do mundo em geral n\u00e3o s\u00e3o nossas. Devemos nos conter para que os objetivos de pa\u00eds l\u00edder se cumpram e um dia possamos fazer parte dos pesos e contrapesos da estabilidade mundial. Jamais torcer pela 3\u00aa Guerra Mundial porque, diferente da Primeira (1914-18) e 1da Segunda (1939-45), que milhares de combatentes voltaram como her\u00f3is aos seus pa\u00edses, na Terceira, n\u00e3o s\u00f3 os combatentes, mas toda a popula\u00e7\u00e3o mundial poder\u00e1 resultar morta.<br>Os pa\u00edses envolvidos, seus aliados e os organismos internacionais tem uma grande tarefa a cumprir nos pr\u00f3ximos dias, meses e talvez anos: promover a paz e o entendimento entre os povos\u2026<\/p>\n\n\n\n<p>Tenente Dirceu Cardoso Gon\u00e7alves &#8211; dirigente da ASPOMIL (Associa\u00e7\u00e3o de Assist. Social dos Policiais Militares de S\u00e3o Paulo).<\/p>\n","protected":false},"excerpt":{"rendered":"<p>Mais uma vez acordamos sob a surrada especula\u00e7\u00e3o da imin\u00eancia da deflagra\u00e7\u00e3o da Terceira Guerra&#8230;<\/p>\n","protected":false},"author":1,"featured_media":23327,"comment_status":"open","ping_status":"open","sticky":false,"template":"","format":"standard","meta":{"footnotes":""},"categories":[2],"tags":[],"featured_image_urls":{"full":["https:\/\/novosaopaulo.com.br\/n1\/wp-content\/uploads\/2025\/04\/Tenente-Dirceu-Cardoso-Goncalves.jpg",600,564,false],"thumbnail":["https:\/\/novosaopaulo.com.br\/n1\/wp-content\/uploads\/2025\/04\/Tenente-Dirceu-Cardoso-Goncalves-150x150.jpg",150,150,true],"medium":["https:\/\/novosaopaulo.com.br\/n1\/wp-content\/uploads\/2025\/04\/Tenente-Dirceu-Cardoso-Goncalves-300x282.jpg",300,282,true],"medium_large":["https:\/\/novosaopaulo.com.br\/n1\/wp-content\/uploads\/2025\/04\/Tenente-Dirceu-Cardoso-Goncalves.jpg",600,564,false],"large":["https:\/\/novosaopaulo.com.br\/n1\/wp-content\/uploads\/2025\/04\/Tenente-Dirceu-Cardoso-Goncalves.jpg",600,564,false],"1536x1536":["https:\/\/novosaopaulo.com.br\/n1\/wp-content\/uploads\/2025\/04\/Tenente-Dirceu-Cardoso-Goncalves.jpg",600,564,false],"2048x2048":["https:\/\/novosaopaulo.com.br\/n1\/wp-content\/uploads\/2025\/04\/Tenente-Dirceu-Cardoso-Goncalves.jpg",600,564,false],"newsever-slider-full":["https:\/\/novosaopaulo.com.br\/n1\/wp-content\/uploads\/2025\/04\/Tenente-Dirceu-Cardoso-Goncalves.jpg",600,564,false],"newsever-featured":["https:\/\/novosaopaulo.com.br\/n1\/wp-content\/uploads\/2025\/04\/Tenente-Dirceu-Cardoso-Goncalves.jpg",600,564,false],"newsever-medium":["https:\/\/novosaopaulo.com.br\/n1\/wp-content\/uploads\/2025\/04\/Tenente-Dirceu-Cardoso-Goncalves-600x475.jpg",600,475,true]},"author_info":{"display_name":"Reda\u00e7\u00e3o","author_link":"https:\/\/novosaopaulo.com.br\/n1\/author\/g5poa\/"},"category_info":"<a href=\"https:\/\/novosaopaulo.com.br\/n1\/category\/cidades\/\" rel=\"category tag\">Cidades<\/a>","tag_info":"Cidades","comment_count":"0","_links":{"self":[{"href":"https:\/\/novosaopaulo.com.br\/n1\/wp-json\/wp\/v2\/posts\/24582"}],"collection":[{"href":"https:\/\/novosaopaulo.com.br\/n1\/wp-json\/wp\/v2\/posts"}],"about":[{"href":"https:\/\/novosaopaulo.com.br\/n1\/wp-json\/wp\/v2\/types\/post"}],"author":[{"embeddable":true,"href":"https:\/\/novosaopaulo.com.br\/n1\/wp-json\/wp\/v2\/users\/1"}],"replies":[{"embeddable":true,"href":"https:\/\/novosaopaulo.com.br\/n1\/wp-json\/wp\/v2\/comments?post=24582"}],"version-history":[{"count":1,"href":"https:\/\/novosaopaulo.com.br\/n1\/wp-json\/wp\/v2\/posts\/24582\/revisions"}],"predecessor-version":[{"id":24583,"href":"https:\/\/novosaopaulo.com.br\/n1\/wp-json\/wp\/v2\/posts\/24582\/revisions\/24583"}],"wp:featuredmedia":[{"embeddable":true,"href":"https:\/\/novosaopaulo.com.br\/n1\/wp-json\/wp\/v2\/media\/23327"}],"wp:attachment":[{"href":"https:\/\/novosaopaulo.com.br\/n1\/wp-json\/wp\/v2\/media?parent=24582"}],"wp:term":[{"taxonomy":"category","embeddable":true,"href":"https:\/\/novosaopaulo.com.br\/n1\/wp-json\/wp\/v2\/categories?post=24582"},{"taxonomy":"post_tag","embeddable":true,"href":"https:\/\/novosaopaulo.com.br\/n1\/wp-json\/wp\/v2\/tags?post=24582"}],"curies":[{"name":"wp","href":"https:\/\/api.w.org\/{rel}","templated":true}]}}