{"id":24567,"date":"2025-06-24T12:46:03","date_gmt":"2025-06-24T15:46:03","guid":{"rendered":"https:\/\/novosaopaulo.com.br\/n1\/?p=24567"},"modified":"2025-06-24T12:46:03","modified_gmt":"2025-06-24T15:46:03","slug":"reestreia-do-espetaculo-teatral-vidaruana","status":"publish","type":"post","link":"https:\/\/novosaopaulo.com.br\/n1\/reestreia-do-espetaculo-teatral-vidaruana\/","title":{"rendered":"Reestr\u00e9ia do espet\u00e1culo teatral VidAruanA"},"content":{"rendered":"\n<p>A apresenta\u00e7\u00e3o \u00daNICA ser\u00e1 no dia 26 de junho de 2025, \u00e0s 19h30. Em seguida os integrantes do grupo far\u00e3o uma Roda de Conversa que abordar\u00e1 o processo de montagem do espet\u00e1culo. Os ingressos ser\u00e3o distribu\u00eddos com 1 hora de anteced\u00eancia.<br>\u201cVidAruanA &#8211; O fio que mant\u00e9m nossa esperan\u00e7a \u00e9 a mem\u00f3ria\u201d \u00e9 um espet\u00e1culo que se descobre nas reminisc\u00eancias de seus atores, das origens brasileiras e dos povos origin\u00e1rios e escravizados desta terra. Carrega a poesia das ess\u00eancias por meio do Teatro de Sombras, das hist\u00f3rias do cotidiano trazidas pela atriz, escritora e pesquisadora do teatro negro J\u00e9ssica Nascimento, da inquieta\u00e7\u00e3o do professor e arte-educador Cl\u00e1udio Domingos Fernandes e da inspira\u00e7\u00e3o nos contos populares de Graciliano Ramos e, sobretudo, no clamor da mem\u00f3ria que defende a vida. O projeto teve tamb\u00e9m a colabora\u00e7\u00e3o do dramaturgo Antonio Nicodemo e de H\u00e9lio Rosa de Miranda. No elenco est\u00e3o Patty Nascimento, Jhony Uriel (que comp\u00f4s a m\u00fasica tema), Lidiane Santos (que tamb\u00e9m dirige) e Marco Senna (que assina a produ\u00e7\u00e3o).<br>O projeto contar\u00e1 tamb\u00e9m com uma Oficina de Inicia\u00e7\u00e3o ao Teatro no dia 01\/07, das 19 \u00e0s 21h onde ser\u00e3o oferecidas 20 vagas para interessados a partir de 14 anos. As inscri\u00e7\u00f5es poder\u00e3o ser feitas somente no dia, obedecendo a ordem de chegada.<br>Outra a\u00e7\u00e3o do projeto \u00e9 uma Exposi\u00e7\u00e3o Fotogr\u00e1fica mostrando a trajet\u00f3ria de 30 anos do grupo poaense que ser\u00e1 oferecida a partir do dia 26\/06 e seguir\u00e1 at\u00e9 02\/07 (verifique a grade de hor\u00e1rios).<br>Todas as atividades ser\u00e3o realizadas gratuitamente no Espa\u00e7o Cultural Opereta e foram contempladas no Edital 2024 da Lei Paulo Gustavo de Po\u00e1 da Secretaria de Cultura de Po\u00e1.<\/p>\n","protected":false},"excerpt":{"rendered":"<p>A apresenta\u00e7\u00e3o \u00daNICA ser\u00e1 no dia 26 de junho de 2025, \u00e0s 19h30. Em seguida&#8230;<\/p>\n","protected":false},"author":1,"featured_media":24568,"comment_status":"open","ping_status":"open","sticky":false,"template":"","format":"standard","meta":{"footnotes":""},"categories":[2],"tags":[],"featured_image_urls":{"full":["https:\/\/novosaopaulo.com.br\/n1\/wp-content\/uploads\/2025\/06\/WhatsApp-Image-2025-06-24-at-10.19.20.jpeg",900,1600,false],"thumbnail":["https:\/\/novosaopaulo.com.br\/n1\/wp-content\/uploads\/2025\/06\/WhatsApp-Image-2025-06-24-at-10.19.20-150x150.jpeg",150,150,true],"medium":["https:\/\/novosaopaulo.com.br\/n1\/wp-content\/uploads\/2025\/06\/WhatsApp-Image-2025-06-24-at-10.19.20-169x300.jpeg",169,300,true],"medium_large":["https:\/\/novosaopaulo.com.br\/n1\/wp-content\/uploads\/2025\/06\/WhatsApp-Image-2025-06-24-at-10.19.20-768x1365.jpeg",640,1138,true],"large":["https:\/\/novosaopaulo.com.br\/n1\/wp-content\/uploads\/2025\/06\/WhatsApp-Image-2025-06-24-at-10.19.20-576x1024.jpeg",576,1024,true],"1536x1536":["https:\/\/novosaopaulo.com.br\/n1\/wp-content\/uploads\/2025\/06\/WhatsApp-Image-2025-06-24-at-10.19.20-864x1536.jpeg",864,1536,true],"2048x2048":["https:\/\/novosaopaulo.com.br\/n1\/wp-content\/uploads\/2025\/06\/WhatsApp-Image-2025-06-24-at-10.19.20.jpeg",900,1600,false],"newsever-slider-full":["https:\/\/novosaopaulo.com.br\/n1\/wp-content\/uploads\/2025\/06\/WhatsApp-Image-2025-06-24-at-10.19.20-900x845.jpeg",900,845,true],"newsever-featured":["https:\/\/novosaopaulo.com.br\/n1\/wp-content\/uploads\/2025\/06\/WhatsApp-Image-2025-06-24-at-10.19.20.jpeg",900,1600,false],"newsever-medium":["https:\/\/novosaopaulo.com.br\/n1\/wp-content\/uploads\/2025\/06\/WhatsApp-Image-2025-06-24-at-10.19.20-720x475.jpeg",720,475,true]},"author_info":{"display_name":"Reda\u00e7\u00e3o","author_link":"https:\/\/novosaopaulo.com.br\/n1\/author\/g5poa\/"},"category_info":"<a href=\"https:\/\/novosaopaulo.com.br\/n1\/category\/cidades\/\" rel=\"category tag\">Cidades<\/a>","tag_info":"Cidades","comment_count":"0","_links":{"self":[{"href":"https:\/\/novosaopaulo.com.br\/n1\/wp-json\/wp\/v2\/posts\/24567"}],"collection":[{"href":"https:\/\/novosaopaulo.com.br\/n1\/wp-json\/wp\/v2\/posts"}],"about":[{"href":"https:\/\/novosaopaulo.com.br\/n1\/wp-json\/wp\/v2\/types\/post"}],"author":[{"embeddable":true,"href":"https:\/\/novosaopaulo.com.br\/n1\/wp-json\/wp\/v2\/users\/1"}],"replies":[{"embeddable":true,"href":"https:\/\/novosaopaulo.com.br\/n1\/wp-json\/wp\/v2\/comments?post=24567"}],"version-history":[{"count":1,"href":"https:\/\/novosaopaulo.com.br\/n1\/wp-json\/wp\/v2\/posts\/24567\/revisions"}],"predecessor-version":[{"id":24569,"href":"https:\/\/novosaopaulo.com.br\/n1\/wp-json\/wp\/v2\/posts\/24567\/revisions\/24569"}],"wp:featuredmedia":[{"embeddable":true,"href":"https:\/\/novosaopaulo.com.br\/n1\/wp-json\/wp\/v2\/media\/24568"}],"wp:attachment":[{"href":"https:\/\/novosaopaulo.com.br\/n1\/wp-json\/wp\/v2\/media?parent=24567"}],"wp:term":[{"taxonomy":"category","embeddable":true,"href":"https:\/\/novosaopaulo.com.br\/n1\/wp-json\/wp\/v2\/categories?post=24567"},{"taxonomy":"post_tag","embeddable":true,"href":"https:\/\/novosaopaulo.com.br\/n1\/wp-json\/wp\/v2\/tags?post=24567"}],"curies":[{"name":"wp","href":"https:\/\/api.w.org\/{rel}","templated":true}]}}