{"id":24551,"date":"2025-06-23T20:08:22","date_gmt":"2025-06-23T23:08:22","guid":{"rendered":"https:\/\/novosaopaulo.com.br\/n1\/?p=24551"},"modified":"2025-06-23T20:08:24","modified_gmt":"2025-06-23T23:08:24","slug":"a-falta-de-civilidade-nos-dias-atuais","status":"publish","type":"post","link":"https:\/\/novosaopaulo.com.br\/n1\/a-falta-de-civilidade-nos-dias-atuais\/","title":{"rendered":"A Falta de Civilidade nos Dias Atuais"},"content":{"rendered":"\n<p>Tenho a sensa\u00e7\u00e3o de que estamos vivendo tempos pr\u00e9-hist\u00f3ricos. Atitudes b\u00e1sicas que comp\u00f5em a civilidade \u2014 como um simples &#8220;bom dia&#8221;, &#8220;muito obrigado&#8221;, &#8220;com licen\u00e7a&#8221; e &#8220;por favor&#8221; \u2014 parecem ter ca\u00eddo em desuso, dando lugar \u00e0 hostilidade, \u00e0 secura nas rela\u00e7\u00f5es e a uma completa aus\u00eancia de gentileza. Que tempos s\u00e3o esses? Pergunto-me, \u00e0s vezes, se parei no tempo, se estou no mundo errado ou se virei um ET. O que estamos vivendo, a meu ver, \u00e9 uma assustadora e total invers\u00e3o de valores \u2014 um sintoma claro do desamor.<\/p>\n\n\n\n<p>A realidade atual soa aos meus ouvidos como um paradoxo. De um lado, escuto pessoas clamando por paz; de outro, percebo uma frieza congelante no trato com o pr\u00f3ximo. Quanta hipocrisia. A guerra acontece no Ir\u00e3, em Israel, na Ucr\u00e2nia, na R\u00fassia \u2014 e agora conta com a participa\u00e7\u00e3o dos Estados Unidos \u2014, mas esquecemos que os grandes conflitos nascem de pequenas hostilidades. A indiferen\u00e7a, a aus\u00eancia de sorrisos, de empatia, humanidade, educa\u00e7\u00e3o e solidariedade tamb\u00e9m s\u00e3o sementes de guerra. O que vemos nos campos de batalha come\u00e7a de forma quase impercept\u00edvel, no cotidiano.<\/p>\n\n\n\n<p>N\u00e3o \u00e9 por acaso que tamb\u00e9m estamos vivendo uma esp\u00e9cie de guerra civil silenciosa. Ela se manifesta no tr\u00e1fico, nos altos \u00edndices de viol\u00eancia, na inseguran\u00e7a generalizada. O que deveria nos unir est\u00e1, na verdade, nos separando.<\/p>\n\n\n\n<p>N\u00e3o romantizo as rela\u00e7\u00f5es humanas \u2014 sei que viver em sociedade n\u00e3o \u00e9 simples, especialmente diante da diversidade de pensamentos e comportamentos. Mas uma coisa s\u00e3o as diferen\u00e7as, outra, completamente distinta, \u00e9 a falta de educa\u00e7\u00e3o, de generosidade, de toler\u00e2ncia e de amor ao pr\u00f3ximo.<\/p>\n\n\n\n<p>Imagem: reprodu\u00e7\u00e3o da internet<\/p>\n\n\n\n<p>Autor: Jo\u00e3o Costa<br>https:\/\/www.instagram.com\/p\/DLQBDZFRxIj\/?igsh=NXhkeDkxMXJvcjY0<\/p>\n","protected":false},"excerpt":{"rendered":"<p>Tenho a sensa\u00e7\u00e3o de que estamos vivendo tempos pr\u00e9-hist\u00f3ricos. Atitudes b\u00e1sicas que comp\u00f5em a civilidade&#8230;<\/p>\n","protected":false},"author":1,"featured_media":0,"comment_status":"open","ping_status":"open","sticky":false,"template":"","format":"standard","meta":{"footnotes":""},"categories":[38],"tags":[],"featured_image_urls":{"full":"","thumbnail":"","medium":"","medium_large":"","large":"","1536x1536":"","2048x2048":"","newsever-slider-full":"","newsever-featured":"","newsever-medium":""},"author_info":{"display_name":"Reda\u00e7\u00e3o","author_link":"https:\/\/novosaopaulo.com.br\/n1\/author\/g5poa\/"},"category_info":"<a href=\"https:\/\/novosaopaulo.com.br\/n1\/category\/joao-costa\/\" rel=\"category tag\">Jo\u00e3o Costa<\/a>","tag_info":"Jo\u00e3o Costa","comment_count":"0","_links":{"self":[{"href":"https:\/\/novosaopaulo.com.br\/n1\/wp-json\/wp\/v2\/posts\/24551"}],"collection":[{"href":"https:\/\/novosaopaulo.com.br\/n1\/wp-json\/wp\/v2\/posts"}],"about":[{"href":"https:\/\/novosaopaulo.com.br\/n1\/wp-json\/wp\/v2\/types\/post"}],"author":[{"embeddable":true,"href":"https:\/\/novosaopaulo.com.br\/n1\/wp-json\/wp\/v2\/users\/1"}],"replies":[{"embeddable":true,"href":"https:\/\/novosaopaulo.com.br\/n1\/wp-json\/wp\/v2\/comments?post=24551"}],"version-history":[{"count":1,"href":"https:\/\/novosaopaulo.com.br\/n1\/wp-json\/wp\/v2\/posts\/24551\/revisions"}],"predecessor-version":[{"id":24552,"href":"https:\/\/novosaopaulo.com.br\/n1\/wp-json\/wp\/v2\/posts\/24551\/revisions\/24552"}],"wp:attachment":[{"href":"https:\/\/novosaopaulo.com.br\/n1\/wp-json\/wp\/v2\/media?parent=24551"}],"wp:term":[{"taxonomy":"category","embeddable":true,"href":"https:\/\/novosaopaulo.com.br\/n1\/wp-json\/wp\/v2\/categories?post=24551"},{"taxonomy":"post_tag","embeddable":true,"href":"https:\/\/novosaopaulo.com.br\/n1\/wp-json\/wp\/v2\/tags?post=24551"}],"curies":[{"name":"wp","href":"https:\/\/api.w.org\/{rel}","templated":true}]}}