{"id":24528,"date":"2025-06-22T23:32:23","date_gmt":"2025-06-23T02:32:23","guid":{"rendered":"https:\/\/novosaopaulo.com.br\/n1\/?p=24528"},"modified":"2025-06-22T23:32:24","modified_gmt":"2025-06-23T02:32:24","slug":"morre-aos-93-anos-benito-benatti-fundador-do-thermas-dos-laranjais-de-olimpia-sp","status":"publish","type":"post","link":"https:\/\/novosaopaulo.com.br\/n1\/morre-aos-93-anos-benito-benatti-fundador-do-thermas-dos-laranjais-de-olimpia-sp\/","title":{"rendered":"Morre aos 93 anos Benito Benatti, fundador do Thermas dos Laranjais de Ol\u00edmpia (SP)"},"content":{"rendered":"\n<p>Precursor do turismo na cidade, Benatti faleceu aos 93 anos e deixa um legado que mudou para sempre a hist\u00f3ria do turismo brasileiro<\/p>\n\n\n\n<p>A cidade de Ol\u00edmpia se despede, com imenso pesar, de Benito Benatti, fundador e presidente de honra do Thermas dos Laranjais, um dos maiores vision\u00e1rios da hist\u00f3ria do munic\u00edpio e refer\u00eancia no turismo nacional. Benatti faleceu na noite desta quinta-feira, 19 de junho, aos 93 anos, em S\u00e3o Jos\u00e9 do Rio Preto, onde estava internado para tratamento m\u00e9dico.<\/p>\n\n\n\n<p>Embora n\u00e3o tenha nascido em Ol\u00edmpia, Benatti adotou a cidade como lar e a transformou com sua vis\u00e3o empreendedora. Idealizou e inaugurou o Thermas dos Laranjais em 1987, criando o parque aqu\u00e1tico mais visitado da Am\u00e9rica Latina e o segundo mais visitado do mundo, com mais de tr\u00eas milh\u00f5es de visitantes ao ano.<\/p>\n\n\n\n<p>\u201cSeu Benito foi um mestre silencioso, que ensinava fazendo. Um homem firme, de vis\u00e3o e cora\u00e7\u00e3o generoso. Tudo o que constru\u00edmos at\u00e9 hoje tem as m\u00e3os dele, e tudo o que continuarmos construindo seguir\u00e1 com sua ess\u00eancia. Seu legado \u00e9 imortal\u201d, afirmou Jorge Noronha, presidente do Thermas dos Laranjais.<\/p>\n\n\n\n<p>Sua dedica\u00e7\u00e3o incans\u00e1vel e seu olhar vision\u00e1rio colocaram Ol\u00edmpia no cen\u00e1rio nacional e internacional do turismo, gerando milhares de empregos e impulsionando o desenvolvimento econ\u00f4mico de toda a regi\u00e3o. Com seu trabalho, empreendedor e generosidade, Benito Benatti deixa um legado que permanecer\u00e1 vivo na hist\u00f3ria e no cora\u00e7\u00e3o dos olimpienses.<\/p>\n\n\n\n<p>O prefeito Geninho Zuliani decretou luto oficial de sete dias em homenagem ao empres\u00e1rio: \u201cBenatti n\u00e3o construiu apenas um parque aqu\u00e1tico. Ele construiu autoestima, oportunidades e orgulho para toda uma cidade. Seu nome estar\u00e1 para sempre na nossa mem\u00f3ria.\u201d<\/p>\n\n\n\n<p>O vel\u00f3rio ser\u00e1 realizado na C\u00e2mara Municipal de Ol\u00edmpia, em hor\u00e1rio a ser confirmado, e o sepultamento ocorrer\u00e1 no Cemit\u00e9rio Municipal de Ol\u00edmpia. As homenagens ao fundador do parque devem seguir ao longo dos pr\u00f3ximos dias. A programa\u00e7\u00e3o ser\u00e1 divulgada assim que definida pela fam\u00edlia.<\/p>\n\n\n\n<p>Neste momento de dor, o Thermas dos Laranjais, seus colaboradores, amigos e toda a popula\u00e7\u00e3o de Ol\u00edmpia expressam solidariedade \u00e0 fam\u00edlia e reafirmam o compromisso de manter vivo o legado de Benito Benatti, um homem que n\u00e3o apenas sonhou, mas transformou uma cidade inteira com coragem, trabalho e amor.<\/p>\n\n\n\n<p>Sobre o Thermas dos Laranjais<\/p>\n\n\n\n<p>Localizado na Est\u00e2ncia Tur\u00edstica de Ol\u00edmpia, no interior de S\u00e3o Paulo, o Thermas dos Laranjais \u00e9 o parque aqu\u00e1tico mais visitado da Am\u00e9rica Latina e o primeiro do Brasil a aderir aos princ\u00edpios do Pacto Global e aos Objetivos de Desenvolvimento Sustent\u00e1vel (ODS) da ONU. S\u00e3o mais de 55 atra\u00e7\u00f5es para todas as idades, com diversos complexos de tobo\u00e1guas, montanha-russa aqu\u00e1tica, duas praias artificiais, piscinas de surfe, sonol\u00eancia e ressurg\u00eancia, rio de correnteza, \u00e1rea kids e parque infantil, entre outras, abastecidas por \u00e1guas quentes naturais. Principal respons\u00e1vel pelo desenvolvimento do turismo na regi\u00e3o, o parque, inaugurado em 1987, funciona os 365 dias do ano e emprega mais de 500 colaboradores diretos.<\/p>\n\n\n\n<figure class=\"wp-block-gallery has-nested-images columns-default is-cropped wp-block-gallery-1 is-layout-flex wp-block-gallery-is-layout-flex\">\n<figure class=\"wp-block-image size-large\"><img fetchpriority=\"high\" decoding=\"async\" width=\"600\" height=\"450\" data-id=\"24532\" src=\"https:\/\/novosaopaulo.com.br\/n1\/wp-content\/uploads\/2025\/06\/WhatsApp-Image-2025-06-22-at-12.27.08.jpeg\" alt=\"\" class=\"wp-image-24532\" srcset=\"https:\/\/novosaopaulo.com.br\/n1\/wp-content\/uploads\/2025\/06\/WhatsApp-Image-2025-06-22-at-12.27.08.jpeg 600w, https:\/\/novosaopaulo.com.br\/n1\/wp-content\/uploads\/2025\/06\/WhatsApp-Image-2025-06-22-at-12.27.08-300x225.jpeg 300w\" sizes=\"(max-width: 600px) 100vw, 600px\" \/><\/figure>\n\n\n\n<figure class=\"wp-block-image size-large\"><img decoding=\"async\" width=\"800\" height=\"643\" data-id=\"24529\" src=\"https:\/\/novosaopaulo.com.br\/n1\/wp-content\/uploads\/2025\/06\/WhatsApp-Image-2025-06-22-at-12.26.27.jpeg\" alt=\"\" class=\"wp-image-24529\" srcset=\"https:\/\/novosaopaulo.com.br\/n1\/wp-content\/uploads\/2025\/06\/WhatsApp-Image-2025-06-22-at-12.26.27.jpeg 800w, https:\/\/novosaopaulo.com.br\/n1\/wp-content\/uploads\/2025\/06\/WhatsApp-Image-2025-06-22-at-12.26.27-300x241.jpeg 300w, https:\/\/novosaopaulo.com.br\/n1\/wp-content\/uploads\/2025\/06\/WhatsApp-Image-2025-06-22-at-12.26.27-768x617.jpeg 768w\" sizes=\"(max-width: 800px) 100vw, 800px\" \/><\/figure>\n\n\n\n<figure class=\"wp-block-image size-large\"><img decoding=\"async\" width=\"790\" height=\"920\" data-id=\"24530\" src=\"https:\/\/novosaopaulo.com.br\/n1\/wp-content\/uploads\/2025\/06\/WhatsApp-Image-2025-06-22-at-12.26.22.jpeg\" alt=\"\" class=\"wp-image-24530\" srcset=\"https:\/\/novosaopaulo.com.br\/n1\/wp-content\/uploads\/2025\/06\/WhatsApp-Image-2025-06-22-at-12.26.22.jpeg 790w, https:\/\/novosaopaulo.com.br\/n1\/wp-content\/uploads\/2025\/06\/WhatsApp-Image-2025-06-22-at-12.26.22-258x300.jpeg 258w, https:\/\/novosaopaulo.com.br\/n1\/wp-content\/uploads\/2025\/06\/WhatsApp-Image-2025-06-22-at-12.26.22-768x894.jpeg 768w\" sizes=\"(max-width: 790px) 100vw, 790px\" \/><\/figure>\n<\/figure>\n","protected":false},"excerpt":{"rendered":"<p>Precursor do turismo na cidade, Benatti faleceu aos 93 anos e deixa um legado que&#8230;<\/p>\n","protected":false},"author":1,"featured_media":24531,"comment_status":"open","ping_status":"open","sticky":false,"template":"","format":"standard","meta":{"footnotes":""},"categories":[2],"tags":[],"featured_image_urls":{"full":["https:\/\/novosaopaulo.com.br\/n1\/wp-content\/uploads\/2025\/06\/WhatsApp-Image-2025-06-22-at-12.26.18.jpeg",1000,667,false],"thumbnail":["https:\/\/novosaopaulo.com.br\/n1\/wp-content\/uploads\/2025\/06\/WhatsApp-Image-2025-06-22-at-12.26.18-150x150.jpeg",150,150,true],"medium":["https:\/\/novosaopaulo.com.br\/n1\/wp-content\/uploads\/2025\/06\/WhatsApp-Image-2025-06-22-at-12.26.18-300x200.jpeg",300,200,true],"medium_large":["https:\/\/novosaopaulo.com.br\/n1\/wp-content\/uploads\/2025\/06\/WhatsApp-Image-2025-06-22-at-12.26.18-768x512.jpeg",640,427,true],"large":["https:\/\/novosaopaulo.com.br\/n1\/wp-content\/uploads\/2025\/06\/WhatsApp-Image-2025-06-22-at-12.26.18.jpeg",640,427,false],"1536x1536":["https:\/\/novosaopaulo.com.br\/n1\/wp-content\/uploads\/2025\/06\/WhatsApp-Image-2025-06-22-at-12.26.18.jpeg",1000,667,false],"2048x2048":["https:\/\/novosaopaulo.com.br\/n1\/wp-content\/uploads\/2025\/06\/WhatsApp-Image-2025-06-22-at-12.26.18.jpeg",1000,667,false],"newsever-slider-full":["https:\/\/novosaopaulo.com.br\/n1\/wp-content\/uploads\/2025\/06\/WhatsApp-Image-2025-06-22-at-12.26.18.jpeg",1000,667,false],"newsever-featured":["https:\/\/novosaopaulo.com.br\/n1\/wp-content\/uploads\/2025\/06\/WhatsApp-Image-2025-06-22-at-12.26.18.jpeg",1000,667,false],"newsever-medium":["https:\/\/novosaopaulo.com.br\/n1\/wp-content\/uploads\/2025\/06\/WhatsApp-Image-2025-06-22-at-12.26.18-720x475.jpeg",720,475,true]},"author_info":{"display_name":"Reda\u00e7\u00e3o","author_link":"https:\/\/novosaopaulo.com.br\/n1\/author\/g5poa\/"},"category_info":"<a href=\"https:\/\/novosaopaulo.com.br\/n1\/category\/cidades\/\" rel=\"category tag\">Cidades<\/a>","tag_info":"Cidades","comment_count":"0","_links":{"self":[{"href":"https:\/\/novosaopaulo.com.br\/n1\/wp-json\/wp\/v2\/posts\/24528"}],"collection":[{"href":"https:\/\/novosaopaulo.com.br\/n1\/wp-json\/wp\/v2\/posts"}],"about":[{"href":"https:\/\/novosaopaulo.com.br\/n1\/wp-json\/wp\/v2\/types\/post"}],"author":[{"embeddable":true,"href":"https:\/\/novosaopaulo.com.br\/n1\/wp-json\/wp\/v2\/users\/1"}],"replies":[{"embeddable":true,"href":"https:\/\/novosaopaulo.com.br\/n1\/wp-json\/wp\/v2\/comments?post=24528"}],"version-history":[{"count":1,"href":"https:\/\/novosaopaulo.com.br\/n1\/wp-json\/wp\/v2\/posts\/24528\/revisions"}],"predecessor-version":[{"id":24533,"href":"https:\/\/novosaopaulo.com.br\/n1\/wp-json\/wp\/v2\/posts\/24528\/revisions\/24533"}],"wp:featuredmedia":[{"embeddable":true,"href":"https:\/\/novosaopaulo.com.br\/n1\/wp-json\/wp\/v2\/media\/24531"}],"wp:attachment":[{"href":"https:\/\/novosaopaulo.com.br\/n1\/wp-json\/wp\/v2\/media?parent=24528"}],"wp:term":[{"taxonomy":"category","embeddable":true,"href":"https:\/\/novosaopaulo.com.br\/n1\/wp-json\/wp\/v2\/categories?post=24528"},{"taxonomy":"post_tag","embeddable":true,"href":"https:\/\/novosaopaulo.com.br\/n1\/wp-json\/wp\/v2\/tags?post=24528"}],"curies":[{"name":"wp","href":"https:\/\/api.w.org\/{rel}","templated":true}]}}