{"id":24501,"date":"2025-06-21T15:52:15","date_gmt":"2025-06-21T18:52:15","guid":{"rendered":"https:\/\/novosaopaulo.com.br\/n1\/?p=24501"},"modified":"2025-06-21T15:53:24","modified_gmt":"2025-06-21T18:53:24","slug":"estatuto-da-vitima-e-tema-de-livro-que-promotora-de-justica-lanca-em-agosto-em-sp","status":"publish","type":"post","link":"https:\/\/novosaopaulo.com.br\/n1\/estatuto-da-vitima-e-tema-de-livro-que-promotora-de-justica-lanca-em-agosto-em-sp\/","title":{"rendered":"Estatuto da V\u00edtima \u00e9 tema de livro que promotora de Justi\u00e7a lan\u00e7a em agosto em SP"},"content":{"rendered":"\n<p>Obra de Celeste Leite dos Santos (MP-SP) re\u00fane autores do anteprojeto e especialistas que abordam os desafios de texto j\u00e1 aprovado na C\u00e2mara dos Deputados e que segue em tramita\u00e7\u00e3o no Senado Federal; pr\u00e9-venda est\u00e1 dispon\u00edvel pela Editora Nova Pr\u00e1xis<\/p>\n\n\n\n<p>Num Pa\u00eds em que os casos de viola\u00e7\u00e3o de direitos de v\u00edtimas se acumulam, nasce uma iniciativa com resposta estatal, preventiva e protetiva capaz de reduzir e at\u00e9 de evitar o ciclo de vitimiza\u00e7\u00e3o e de revitimiza\u00e7\u00e3o. Este \u00e9 o bojo do livro \u201cEstatuto da V\u00edtima\u201d, com coment\u00e1rios e recomenda\u00e7\u00f5es de autores do anteprojeto e de especialistas que abordam os desafios do texto 3.890\/2020, aprovado no fim de 2024 na C\u00e2mara dos Deputados e que segue em tramita\u00e7\u00e3o no Senado Federal. De autoria da presidente do Instituto Brasileiro de Aten\u00e7\u00e3o e Prote\u00e7\u00e3o Integral \u00e0s V\u00edtimas (Pr\u00f3-V\u00edtima), a promotora de Justi\u00e7a (MP-SP) Celeste Leite dos Santos, a obra ser\u00e1 lan\u00e7ada oficialmente em agosto. A pr\u00e9-venda est\u00e1 dispon\u00edvel pela Editora Nova Pr\u00e1xis, com frete gr\u00e1tis.<\/p>\n\n\n\n<p>O livro \u201cEstatuto da V\u00edtima\u201d se alinha a legisla\u00e7\u00f5es de pa\u00edses desenvolvidos e normatiza condi\u00e7\u00f5es efetivas, acess\u00edveis e \u00e1geis de apoio a v\u00edtimas de crimes, de acidentes, de calamidades p\u00fablicas e de desastres naturais. A publica\u00e7\u00e3o defende a interconex\u00e3o de diferentes setores de pol\u00edticas p\u00fablicas &#8211; Sa\u00fade, Assist\u00eancia Social, Educa\u00e7\u00e3o, Seguran\u00e7a e Justi\u00e7a -, para que o atendimento ideal \u00e0s v\u00edtimas e \u00e0s suas fam\u00edlias no Brasil seja uma realidade, com direito, inclusive, \u00e0 indeniza\u00e7\u00e3o e a outras formas de repara\u00e7\u00e3o e de compensa\u00e7\u00e3o pelos danos sofridos.<\/p>\n\n\n\n<p>Organizado pela presidente do Pr\u00f3-V\u00edtima, o t\u00edtulo traz a contribui\u00e7\u00e3o de especialistas de diversas \u00e1reas, como Direito, Medicina, Psicologia, Servi\u00e7o Social e Seguran\u00e7a P\u00fablica. Nos textos, os coautores refletem a matriz multidisciplinar do pr\u00f3prio Projeto de Lei (PL) 3.890\/2020, oferecendo ao leitor recomenda\u00e7\u00f5es e solu\u00e7\u00f5es integradas, essenciais \u00e0 institui\u00e7\u00e3o do Estatuto no Brasil.<\/p>\n\n\n\n<p>Integrantes do Pr\u00f3-V\u00edtima elaboraram o anteprojeto do Estatuto da V\u00edtima e o encaminharam ao Congresso Nacional, em 2020. Desde ent\u00e3o, a mat\u00e9ria tramitava na C\u00e2mara dos Deputados. Em dezembro do ano passado, o texto foi colocado em pauta, em car\u00e1ter de urg\u00eancia, e aprovado em Plen\u00e1rio. Agora, segue em aprecia\u00e7\u00e3o no Senado Federal. Caso seja aprovado, o PL parte para san\u00e7\u00e3o presidencial.<\/p>\n\n\n\n<p>Tarde de Aut\u00f3grafos na PUC-SP<br>Com entrada franca, o lan\u00e7amento oficial do livro \u201cEstatuto da V\u00edtima\u201d est\u00e1 marcado para 14\/8 (quinta-feira), \u00e0s 12h, na Pontif\u00edcia Universidade Cat\u00f3lica (PUC) de S\u00e3o Paulo (rua Monte Alegre, 984, sala 333 &#8211; Perdizes). O t\u00edtulo \u00e9 recomendado a gestores, magistrados, advogados, m\u00e9dicos, assistentes sociais, psic\u00f3logos, enfermeiros, socorristas, policiais, bem como a organiza\u00e7\u00f5es que atendem v\u00edtimas e \u00e0 sociedade civil em geral:<\/p>\n\n\n\n<p>\u201cO livro (\u2018Estatuto da V\u00edtima\u2019) \u00e9 mais um instrumento que colabora com o enriquecimento do pr\u00f3prio Estatuto da V\u00edtima, que avan\u00e7ou na C\u00e2mara dos Deputados, quatro anos ap\u00f3s ter sido protocolado. A obra \u00e9 o registro da esperan\u00e7a por avan\u00e7os significativos na prote\u00e7\u00e3o e no apoio de quem mais precisa. Trata-se de conquista hist\u00f3rica para os direitos das v\u00edtimas de crimes, de acidentes, de calamidades e de epidemias no Pa\u00eds\u201d, refor\u00e7a Celeste.<\/p>\n\n\n\n<p>Pr\u00e9-venda<br>Dispon\u00edvel pela Editora Nova Pr\u00e1xis, o livro \u201cEstatuto da V\u00edtima\u201d est\u00e1 com pr\u00e9-venda ativa com 10% de desconto (R$ 180) e frete gr\u00e1tis. Mais informa\u00e7\u00f5es no link https:\/\/novapraxiseditorial.com\/produto\/lei-do-estatuto-da-vitima\/.<\/p>\n","protected":false},"excerpt":{"rendered":"<p>Obra de Celeste Leite dos Santos (MP-SP) re\u00fane autores do anteprojeto e especialistas que abordam&#8230;<\/p>\n","protected":false},"author":1,"featured_media":24502,"comment_status":"open","ping_status":"open","sticky":false,"template":"","format":"standard","meta":{"footnotes":""},"categories":[2,45],"tags":[],"featured_image_urls":{"full":["https:\/\/novosaopaulo.com.br\/n1\/wp-content\/uploads\/2025\/06\/WhatsApp-Image-2025-06-21-at-14.35.32.jpeg",1066,1600,false],"thumbnail":["https:\/\/novosaopaulo.com.br\/n1\/wp-content\/uploads\/2025\/06\/WhatsApp-Image-2025-06-21-at-14.35.32-150x150.jpeg",150,150,true],"medium":["https:\/\/novosaopaulo.com.br\/n1\/wp-content\/uploads\/2025\/06\/WhatsApp-Image-2025-06-21-at-14.35.32-200x300.jpeg",200,300,true],"medium_large":["https:\/\/novosaopaulo.com.br\/n1\/wp-content\/uploads\/2025\/06\/WhatsApp-Image-2025-06-21-at-14.35.32-768x1153.jpeg",640,961,true],"large":["https:\/\/novosaopaulo.com.br\/n1\/wp-content\/uploads\/2025\/06\/WhatsApp-Image-2025-06-21-at-14.35.32-682x1024.jpeg",640,961,true],"1536x1536":["https:\/\/novosaopaulo.com.br\/n1\/wp-content\/uploads\/2025\/06\/WhatsApp-Image-2025-06-21-at-14.35.32-1023x1536.jpeg",1023,1536,true],"2048x2048":["https:\/\/novosaopaulo.com.br\/n1\/wp-content\/uploads\/2025\/06\/WhatsApp-Image-2025-06-21-at-14.35.32.jpeg",1066,1600,false],"newsever-slider-full":["https:\/\/novosaopaulo.com.br\/n1\/wp-content\/uploads\/2025\/06\/WhatsApp-Image-2025-06-21-at-14.35.32-1066x845.jpeg",1066,845,true],"newsever-featured":["https:\/\/novosaopaulo.com.br\/n1\/wp-content\/uploads\/2025\/06\/WhatsApp-Image-2025-06-21-at-14.35.32-1024x1537.jpeg",1024,1537,true],"newsever-medium":["https:\/\/novosaopaulo.com.br\/n1\/wp-content\/uploads\/2025\/06\/WhatsApp-Image-2025-06-21-at-14.35.32-720x475.jpeg",720,475,true]},"author_info":{"display_name":"Reda\u00e7\u00e3o","author_link":"https:\/\/novosaopaulo.com.br\/n1\/author\/g5poa\/"},"category_info":"<a href=\"https:\/\/novosaopaulo.com.br\/n1\/category\/cidades\/\" rel=\"category tag\">Cidades<\/a> <a href=\"https:\/\/novosaopaulo.com.br\/n1\/category\/cultura\/\" rel=\"category tag\">Cultura<\/a>","tag_info":"Cultura","comment_count":"0","_links":{"self":[{"href":"https:\/\/novosaopaulo.com.br\/n1\/wp-json\/wp\/v2\/posts\/24501"}],"collection":[{"href":"https:\/\/novosaopaulo.com.br\/n1\/wp-json\/wp\/v2\/posts"}],"about":[{"href":"https:\/\/novosaopaulo.com.br\/n1\/wp-json\/wp\/v2\/types\/post"}],"author":[{"embeddable":true,"href":"https:\/\/novosaopaulo.com.br\/n1\/wp-json\/wp\/v2\/users\/1"}],"replies":[{"embeddable":true,"href":"https:\/\/novosaopaulo.com.br\/n1\/wp-json\/wp\/v2\/comments?post=24501"}],"version-history":[{"count":1,"href":"https:\/\/novosaopaulo.com.br\/n1\/wp-json\/wp\/v2\/posts\/24501\/revisions"}],"predecessor-version":[{"id":24503,"href":"https:\/\/novosaopaulo.com.br\/n1\/wp-json\/wp\/v2\/posts\/24501\/revisions\/24503"}],"wp:featuredmedia":[{"embeddable":true,"href":"https:\/\/novosaopaulo.com.br\/n1\/wp-json\/wp\/v2\/media\/24502"}],"wp:attachment":[{"href":"https:\/\/novosaopaulo.com.br\/n1\/wp-json\/wp\/v2\/media?parent=24501"}],"wp:term":[{"taxonomy":"category","embeddable":true,"href":"https:\/\/novosaopaulo.com.br\/n1\/wp-json\/wp\/v2\/categories?post=24501"},{"taxonomy":"post_tag","embeddable":true,"href":"https:\/\/novosaopaulo.com.br\/n1\/wp-json\/wp\/v2\/tags?post=24501"}],"curies":[{"name":"wp","href":"https:\/\/api.w.org\/{rel}","templated":true}]}}