{"id":24473,"date":"2025-06-19T17:24:54","date_gmt":"2025-06-19T20:24:54","guid":{"rendered":"https:\/\/novosaopaulo.com.br\/n1\/?p=24473"},"modified":"2025-06-19T17:24:55","modified_gmt":"2025-06-19T20:24:55","slug":"a-profissao-de-fe-do-futuro-presidente-do-stf","status":"publish","type":"post","link":"https:\/\/novosaopaulo.com.br\/n1\/a-profissao-de-fe-do-futuro-presidente-do-stf\/","title":{"rendered":"A \u2018profiss\u00e3o de f\u00e9\u2019 do futuro presidente do STF"},"content":{"rendered":"\n<p>\u201cN\u00e3o \u00e9 leg\u00edtimo (para o STF) invadir a seara do legislador&#8221;. A declara\u00e7\u00e3o ocorreu na segunda-feira, 16, durante o lan\u00e7amento do livro que comemora os 10 anos de atua\u00e7\u00e3o do ministro Edson Fachin, no Supremo Tribunal Federal. \u201cCabe ao Poder Judici\u00e1rio, e em especial a esse tribunal, proteger os direitos fundamentais, preservar a democracia constitucional e buscar a efici\u00eancia da Justi\u00e7a brasileira. Para faz\u00ea-lo, precisamos de conten\u00e7\u00e3o. N\u00e3o nos \u00e9 leg\u00edtimo invadir a seara do legislador\u201d, afirmou o magistrado.<br>\u201cAo Direito o que \u00e9 do Direito, \u00e0 pol\u00edtica o que \u00e9 da Pol\u00edtica\u201d \u2013 afirmou Fachin \u2013 que defemdeu atua\u00e7\u00e3o s\u00f3bria da Corte: \u201cN\u00f3s, ju\u00edzas e ju\u00edzes, servidoras e servidores, n\u00e3o podemos agir fora da raz\u00e3o jur\u00eddica objetiva, nem sermos vistos como sat\u00e9lites da polariza\u00e7\u00e3o que hoje assola o mundo\u201d, afirmou. Essas opini\u00f5es ganham import\u00e2ncia especial porque, al\u00e9m dos 10 anos de atua\u00e7\u00e3o na Corte, onde j\u00e1 proferiu 74 mil decis\u00f5es, Fachin se prepara para, no m\u00eas de setembro, assumir a presid\u00eancia. Sua sinaliza\u00e7\u00e3o de que pretende ter atua\u00e7\u00e3o mais contida do tribunal traz a esperan\u00e7a de tempos mais pac\u00edficos entre os Tr\u00eas Poderes e mais produtivos para aNa\u00e7\u00e3o. Nas suas palavras, o compromisso da Corte deve ser \u201ccom a justi\u00e7a silenciosa, efetiva, com autonomia e independ\u00eancia da magistratura\u201d.<br>\u00d3rg\u00e3o superior do Poder Judici\u00e1rio, dentro do trip\u00e9 que a Constitui\u00e7\u00e3o define juntamente com o Legislativo e o Executivo, o STF \u00e9 o guardi\u00e3o da Constitui\u00e7\u00e3o, que define e cria vinculantes da constitucionalidade (ou n\u00e3o) de leis e regulamentos elaborados sob sua \u00e9gide, o STF tem atuado nos \u00faltimos anos de maneira diferente do tradicional e seus membros, por raz\u00f5es profissionais ou pessoais, se envolvido em pol\u00eamicas e sofrido contesta\u00e7\u00f5es. A profiss\u00e3o de f\u00e9 do futuro presidente, produzida no seu d\u00e9cimo ano de ministro, aponta para tempos mais pacientes e calmos, o que dever\u00e1 ser bom para a pr\u00f3pria institui\u00e7\u00e3o, a vida p\u00fablica e a popula\u00e7\u00e3o.<br>Oxal\u00e1, doravante, os parlamentares minorit\u00e1rios, ao perderem vota\u00e7\u00f5es nas casas legislativas, abandonem o h\u00e1bito de judicializar os assuntos apenas no af\u00e3 de ganhar a discuss\u00e3o. E que o pr\u00f3prio tribunal rejeite aquilo que, embora apresentado, possa n\u00e3o ser alvo de sua compet\u00eancia. Que jamais o Legislativo e o Executivo tentem julgar ou influir sobre os julgtamentos e o Judici\u00e1rio, al\u00e9m de julgar, tente legislar ou administrar a coisa p\u00fablica. A Constitui\u00e7\u00e3o \u00e9 o divisor de \u00e1guas das compet\u00eancias e n\u00e3o deve ser inovada por quem quer que seja. Toda nova interpreta\u00e7\u00e3o \u2013 exceto das cl\u00e1usulas p\u00e9treas, que s\u00e3o imut\u00e1veis \u2013 carece do amplo processo burocr\u00e1tico onde quem pretende mud\u00e1-lo, desde que tenha compet\u00eancia para tanto, faz a proposta, o Congresso Nacional, com poderes constituintes tramita o assunto na forma de PEC (Proposta de Emenda Constitucional) e s\u00f3 depois de votado e atendidas as formalidades, a altera\u00e7\u00e3o se torna concreta. Assim j\u00e1 ocorreu com mais 130 emendas e dever\u00e1 acontecer com outras que sejam apresentadas dnetro das formalidades. Mas jamais pela vontade isolada de membros dos Tr\u00eas Poderes ou de qualquer outra lideran\u00e7a da sociedade. Permita-nos reivindicar que a Suprema Corte seja reservada para os julgamentos em \u00faltima inst\u00e2ncia, como o definido na estrutura judicial e todos os processos ali presentes voltem para as inst\u00e2ncias iniciais, s\u00f3 \u201csubindo\u201d os que chegarem aos recursos finais.<br>Que venha Edson Fachin e suas propostas que, sem d\u00favida, poder\u00e1 reeditar a paz institucional\u2026<\/p>\n\n\n\n<p>Tenente Dirceu Cardoso Gon\u00e7alves &#8211; dirigente da ASPOMIL (Associa\u00e7\u00e3o de Assist. Social dos Policiais Militares de S\u00e3o Paulo).<\/p>\n","protected":false},"excerpt":{"rendered":"<p>\u201cN\u00e3o \u00e9 leg\u00edtimo (para o STF) invadir a seara do legislador&#8221;. A declara\u00e7\u00e3o ocorreu na&#8230;<\/p>\n","protected":false},"author":1,"featured_media":23327,"comment_status":"open","ping_status":"open","sticky":false,"template":"","format":"standard","meta":{"footnotes":""},"categories":[2],"tags":[],"featured_image_urls":{"full":["https:\/\/novosaopaulo.com.br\/n1\/wp-content\/uploads\/2025\/04\/Tenente-Dirceu-Cardoso-Goncalves.jpg",600,564,false],"thumbnail":["https:\/\/novosaopaulo.com.br\/n1\/wp-content\/uploads\/2025\/04\/Tenente-Dirceu-Cardoso-Goncalves-150x150.jpg",150,150,true],"medium":["https:\/\/novosaopaulo.com.br\/n1\/wp-content\/uploads\/2025\/04\/Tenente-Dirceu-Cardoso-Goncalves-300x282.jpg",300,282,true],"medium_large":["https:\/\/novosaopaulo.com.br\/n1\/wp-content\/uploads\/2025\/04\/Tenente-Dirceu-Cardoso-Goncalves.jpg",600,564,false],"large":["https:\/\/novosaopaulo.com.br\/n1\/wp-content\/uploads\/2025\/04\/Tenente-Dirceu-Cardoso-Goncalves.jpg",600,564,false],"1536x1536":["https:\/\/novosaopaulo.com.br\/n1\/wp-content\/uploads\/2025\/04\/Tenente-Dirceu-Cardoso-Goncalves.jpg",600,564,false],"2048x2048":["https:\/\/novosaopaulo.com.br\/n1\/wp-content\/uploads\/2025\/04\/Tenente-Dirceu-Cardoso-Goncalves.jpg",600,564,false],"newsever-slider-full":["https:\/\/novosaopaulo.com.br\/n1\/wp-content\/uploads\/2025\/04\/Tenente-Dirceu-Cardoso-Goncalves.jpg",600,564,false],"newsever-featured":["https:\/\/novosaopaulo.com.br\/n1\/wp-content\/uploads\/2025\/04\/Tenente-Dirceu-Cardoso-Goncalves.jpg",600,564,false],"newsever-medium":["https:\/\/novosaopaulo.com.br\/n1\/wp-content\/uploads\/2025\/04\/Tenente-Dirceu-Cardoso-Goncalves-600x475.jpg",600,475,true]},"author_info":{"display_name":"Reda\u00e7\u00e3o","author_link":"https:\/\/novosaopaulo.com.br\/n1\/author\/g5poa\/"},"category_info":"<a href=\"https:\/\/novosaopaulo.com.br\/n1\/category\/cidades\/\" rel=\"category tag\">Cidades<\/a>","tag_info":"Cidades","comment_count":"0","_links":{"self":[{"href":"https:\/\/novosaopaulo.com.br\/n1\/wp-json\/wp\/v2\/posts\/24473"}],"collection":[{"href":"https:\/\/novosaopaulo.com.br\/n1\/wp-json\/wp\/v2\/posts"}],"about":[{"href":"https:\/\/novosaopaulo.com.br\/n1\/wp-json\/wp\/v2\/types\/post"}],"author":[{"embeddable":true,"href":"https:\/\/novosaopaulo.com.br\/n1\/wp-json\/wp\/v2\/users\/1"}],"replies":[{"embeddable":true,"href":"https:\/\/novosaopaulo.com.br\/n1\/wp-json\/wp\/v2\/comments?post=24473"}],"version-history":[{"count":1,"href":"https:\/\/novosaopaulo.com.br\/n1\/wp-json\/wp\/v2\/posts\/24473\/revisions"}],"predecessor-version":[{"id":24474,"href":"https:\/\/novosaopaulo.com.br\/n1\/wp-json\/wp\/v2\/posts\/24473\/revisions\/24474"}],"wp:featuredmedia":[{"embeddable":true,"href":"https:\/\/novosaopaulo.com.br\/n1\/wp-json\/wp\/v2\/media\/23327"}],"wp:attachment":[{"href":"https:\/\/novosaopaulo.com.br\/n1\/wp-json\/wp\/v2\/media?parent=24473"}],"wp:term":[{"taxonomy":"category","embeddable":true,"href":"https:\/\/novosaopaulo.com.br\/n1\/wp-json\/wp\/v2\/categories?post=24473"},{"taxonomy":"post_tag","embeddable":true,"href":"https:\/\/novosaopaulo.com.br\/n1\/wp-json\/wp\/v2\/tags?post=24473"}],"curies":[{"name":"wp","href":"https:\/\/api.w.org\/{rel}","templated":true}]}}