{"id":24403,"date":"2025-06-12T23:04:45","date_gmt":"2025-06-13T02:04:45","guid":{"rendered":"https:\/\/novosaopaulo.com.br\/n1\/?p=24403"},"modified":"2025-06-12T23:04:46","modified_gmt":"2025-06-13T02:04:46","slug":"condemat-sela-parceria-para-ampliar-programa-social-para-mulheres-com-ong-gerando-falcoes","status":"publish","type":"post","link":"https:\/\/novosaopaulo.com.br\/n1\/condemat-sela-parceria-para-ampliar-programa-social-para-mulheres-com-ong-gerando-falcoes\/","title":{"rendered":"Condemat+ sela parceria para ampliar programa social para mulheres com ONG Gerando Falc\u00f5es"},"content":{"rendered":"\n<p>Cons\u00f3rcio tamb\u00e9m garantiu integra\u00e7\u00e3o com a Frente Parlamentar Feminina do Alto Tiet\u00ea para refor\u00e7ar a\u00e7\u00f5es de prote\u00e7\u00e3o social e garantia de direitos<\/p>\n\n\n\n<p>O Cons\u00f3rcio de Desenvolvimento dos Munic\u00edpios do Alto Tiet\u00ea e Regi\u00e3o (Condemat+) avan\u00e7a mais uma vez em a\u00e7\u00f5es voltadas \u00e0s mulheres. Uma parceria in\u00e9dita entre a entidade e a ONG Gerando Falc\u00f5es ir\u00e1 possibilitar a amplia\u00e7\u00e3o do projeto \u201cAsmara\u201d. Al\u00e9m disso, o cons\u00f3rcio ir\u00e1 atuar de forma conjunta com a Frente Parlamentar Feminina do Alto Tiet\u00ea. Ambos os acordos foram selados em reuni\u00e3o do Conselho de Prefeitos realizada na manh\u00e3 desta quinta-feira (12\/6).<\/p>\n\n\n\n<p>O presidente da ONG Gerando Falc\u00f5es, Edu Lyra, participou da reuni\u00e3o propondo a amplia\u00e7\u00e3o do projeto \u201cAsmara\u201d, idealizado e executado pela entidade e que j\u00e1 \u00e9 desenvolvido no munic\u00edpio de Po\u00e1. O programa capacita e empodera mulheres em vulnerabilidade com autonomia financeira por meio da venda direta de itens como roupas, cal\u00e7ados e objetos de uso dom\u00e9stico e pessoal, fruto de doa\u00e7\u00f5es e parcerias da ONG. Como o Centro de Distribui\u00e7\u00e3o &#8211; que concentra os recebidos &#8211; est\u00e1 localizado em Po\u00e1, Lyra quer estender a atua\u00e7\u00e3o para outras cidades do Alto Tiet\u00ea.<\/p>\n\n\n\n<p>\u201cAqui temos uma quest\u00e3o log\u00edstica muito importante porque a nossa base j\u00e1 est\u00e1 inserida na regi\u00e3o. Temos produtos de economia circular, de devolvidos pela Shopee, de doa\u00e7\u00f5es de empresas. A beleza dessa hist\u00f3ria \u00e9 que ela gera renda em 15 dias. \u00c9 muito r\u00e1pido. Estamos prontos para trabalhar com todos voc\u00eas\u201d, pontuou Lyra.<\/p>\n\n\n\n<p>O presidente do Condemat+ e prefeito de Itaquaquecetuba, Eduardo Boigues, sugeriu que as tratativas passem, a partir de agora, a serem feitas com o Conselho dos Fundos Sociais e C\u00e2maras T\u00e9cnicas de Mulheres e Desenvolvimento Econ\u00f4mico, que ir\u00e3o articular a devida implementa\u00e7\u00e3o nas respectivas cidades.<br>\u201cTemos desenvolvido muitas a\u00e7\u00f5es do formato regional para levar autonomia financeira \u00e0s mulheres. A mais recente \u00e9 a Moeda Humanit\u00e1ria que ser\u00e1 institu\u00edda no Alto Tiet\u00ea que consiste na troca de alimentos e produtos por materiais recicl\u00e1veis e esse das \u2018Asmara\u2019 vem a somar com os nossos esfor\u00e7os\u201d, afirmou Boigues.<\/p>\n\n\n\n<p>Outra participa\u00e7\u00e3o de destaque foi a da Frente Parlamentar Feminina do Alto Tiet\u00ea que passar\u00e1 a atuar de forma parceira junto ao Condemat+ com sugest\u00f5es, solicita\u00e7\u00f5es e articula\u00e7\u00e3o pol\u00edtica em pautas comuns \u00e0s mulheres. Entre elas, a unifica\u00e7\u00e3o do protocolo de atendimento \u00e0s v\u00edtimas de viol\u00eancia seja nas delegacias ou unidades de sa\u00fade; cria\u00e7\u00e3o das Secretarias das Mulheres; e mais uma unidade do modelo Casa Abrigo, tamb\u00e9m para aquelas precisam se afastar do lar por conta da viol\u00eancia dom\u00e9stica.<\/p>\n\n\n\n<p>O pedido foi encabe\u00e7ado pela presidente da Frente, presidente da C\u00e2mara de Aruj\u00e1, Cristiane Ara\u00fajo Pedro de Oliveira, que tem atuado de forma conjunta com a coordenadora da C\u00e2mara T\u00e9cnica de Pol\u00edticas para Mulheres, primeira-dama de Aruj\u00e1, Clau Camargo e sua coordenadora-adjunta, a primeira-dama de Biritiba Mirim, Roberta Taino.<br>Os pleitos levados pelo grupo contaram com a participa\u00e7\u00e3o das parlamentares de Mogi das Cruzes, Priscila Yamagami e Malu Fernandes, de Ferraz de Vasconcelos, Selma Francisca dos Santos, de Biritiba Mirim, Thais Barros Molina, de Guararema, Vanessa Martins dos Santos, de Mairipor\u00e3, Ruth Freitas e Leila Ravazio, de Sales\u00f3polis, D\u00e9bora Aparecida Rodrigues Borges e da delegada da Delegacia da Mulher de Aruj\u00e1, Regina Campanelli.<\/p>\n\n\n\n<figure class=\"wp-block-gallery has-nested-images columns-default is-cropped wp-block-gallery-1 is-layout-flex wp-block-gallery-is-layout-flex\">\n<figure class=\"wp-block-image size-large\"><a href=\"https:\/\/novosaopaulo.com.br\/n1\/wp-content\/uploads\/2025\/06\/WhatsApp-Image-2025-06-12-at-18.40.10-3.jpeg\"><img fetchpriority=\"high\" decoding=\"async\" width=\"1024\" height=\"768\" data-id=\"24405\" src=\"https:\/\/novosaopaulo.com.br\/n1\/wp-content\/uploads\/2025\/06\/WhatsApp-Image-2025-06-12-at-18.40.10-3-1024x768.jpeg\" alt=\"\" class=\"wp-image-24405\" srcset=\"https:\/\/novosaopaulo.com.br\/n1\/wp-content\/uploads\/2025\/06\/WhatsApp-Image-2025-06-12-at-18.40.10-3-1024x768.jpeg 1024w, https:\/\/novosaopaulo.com.br\/n1\/wp-content\/uploads\/2025\/06\/WhatsApp-Image-2025-06-12-at-18.40.10-3-300x225.jpeg 300w, https:\/\/novosaopaulo.com.br\/n1\/wp-content\/uploads\/2025\/06\/WhatsApp-Image-2025-06-12-at-18.40.10-3-768x576.jpeg 768w, https:\/\/novosaopaulo.com.br\/n1\/wp-content\/uploads\/2025\/06\/WhatsApp-Image-2025-06-12-at-18.40.10-3-1536x1152.jpeg 1536w, https:\/\/novosaopaulo.com.br\/n1\/wp-content\/uploads\/2025\/06\/WhatsApp-Image-2025-06-12-at-18.40.10-3.jpeg 1600w\" sizes=\"(max-width: 1024px) 100vw, 1024px\" \/><\/a><\/figure>\n\n\n\n<figure class=\"wp-block-image size-large\"><a href=\"https:\/\/novosaopaulo.com.br\/n1\/wp-content\/uploads\/2025\/06\/WhatsApp-Image-2025-06-12-at-18.40.10-2.jpeg\"><img decoding=\"async\" width=\"1024\" height=\"768\" data-id=\"24407\" src=\"https:\/\/novosaopaulo.com.br\/n1\/wp-content\/uploads\/2025\/06\/WhatsApp-Image-2025-06-12-at-18.40.10-2-1024x768.jpeg\" alt=\"\" class=\"wp-image-24407\" srcset=\"https:\/\/novosaopaulo.com.br\/n1\/wp-content\/uploads\/2025\/06\/WhatsApp-Image-2025-06-12-at-18.40.10-2-1024x768.jpeg 1024w, https:\/\/novosaopaulo.com.br\/n1\/wp-content\/uploads\/2025\/06\/WhatsApp-Image-2025-06-12-at-18.40.10-2-300x225.jpeg 300w, https:\/\/novosaopaulo.com.br\/n1\/wp-content\/uploads\/2025\/06\/WhatsApp-Image-2025-06-12-at-18.40.10-2-768x576.jpeg 768w, https:\/\/novosaopaulo.com.br\/n1\/wp-content\/uploads\/2025\/06\/WhatsApp-Image-2025-06-12-at-18.40.10-2-1536x1152.jpeg 1536w, https:\/\/novosaopaulo.com.br\/n1\/wp-content\/uploads\/2025\/06\/WhatsApp-Image-2025-06-12-at-18.40.10-2.jpeg 1600w\" sizes=\"(max-width: 1024px) 100vw, 1024px\" \/><\/a><\/figure>\n\n\n\n<figure class=\"wp-block-image size-large\"><a href=\"https:\/\/novosaopaulo.com.br\/n1\/wp-content\/uploads\/2025\/06\/WhatsApp-Image-2025-06-12-at-18.40.10-1.jpeg\"><img decoding=\"async\" width=\"1024\" height=\"768\" data-id=\"24406\" src=\"https:\/\/novosaopaulo.com.br\/n1\/wp-content\/uploads\/2025\/06\/WhatsApp-Image-2025-06-12-at-18.40.10-1-1024x768.jpeg\" alt=\"\" class=\"wp-image-24406\" srcset=\"https:\/\/novosaopaulo.com.br\/n1\/wp-content\/uploads\/2025\/06\/WhatsApp-Image-2025-06-12-at-18.40.10-1-1024x768.jpeg 1024w, https:\/\/novosaopaulo.com.br\/n1\/wp-content\/uploads\/2025\/06\/WhatsApp-Image-2025-06-12-at-18.40.10-1-300x225.jpeg 300w, https:\/\/novosaopaulo.com.br\/n1\/wp-content\/uploads\/2025\/06\/WhatsApp-Image-2025-06-12-at-18.40.10-1-768x576.jpeg 768w, https:\/\/novosaopaulo.com.br\/n1\/wp-content\/uploads\/2025\/06\/WhatsApp-Image-2025-06-12-at-18.40.10-1-1536x1152.jpeg 1536w, https:\/\/novosaopaulo.com.br\/n1\/wp-content\/uploads\/2025\/06\/WhatsApp-Image-2025-06-12-at-18.40.10-1.jpeg 1600w\" sizes=\"(max-width: 1024px) 100vw, 1024px\" \/><\/a><\/figure>\n<\/figure>\n","protected":false},"excerpt":{"rendered":"<p>Cons\u00f3rcio tamb\u00e9m garantiu integra\u00e7\u00e3o com a Frente Parlamentar Feminina do Alto Tiet\u00ea para refor\u00e7ar a\u00e7\u00f5es&#8230;<\/p>\n","protected":false},"author":1,"featured_media":24404,"comment_status":"open","ping_status":"open","sticky":false,"template":"","format":"standard","meta":{"footnotes":""},"categories":[34],"tags":[],"featured_image_urls":{"full":["https:\/\/novosaopaulo.com.br\/n1\/wp-content\/uploads\/2025\/06\/WhatsApp-Image-2025-06-12-at-18.40.10.jpeg",1600,1200,false],"thumbnail":["https:\/\/novosaopaulo.com.br\/n1\/wp-content\/uploads\/2025\/06\/WhatsApp-Image-2025-06-12-at-18.40.10-150x150.jpeg",150,150,true],"medium":["https:\/\/novosaopaulo.com.br\/n1\/wp-content\/uploads\/2025\/06\/WhatsApp-Image-2025-06-12-at-18.40.10-300x225.jpeg",300,225,true],"medium_large":["https:\/\/novosaopaulo.com.br\/n1\/wp-content\/uploads\/2025\/06\/WhatsApp-Image-2025-06-12-at-18.40.10-768x576.jpeg",640,480,true],"large":["https:\/\/novosaopaulo.com.br\/n1\/wp-content\/uploads\/2025\/06\/WhatsApp-Image-2025-06-12-at-18.40.10-1024x768.jpeg",640,480,true],"1536x1536":["https:\/\/novosaopaulo.com.br\/n1\/wp-content\/uploads\/2025\/06\/WhatsApp-Image-2025-06-12-at-18.40.10-1536x1152.jpeg",1536,1152,true],"2048x2048":["https:\/\/novosaopaulo.com.br\/n1\/wp-content\/uploads\/2025\/06\/WhatsApp-Image-2025-06-12-at-18.40.10.jpeg",1600,1200,false],"newsever-slider-full":["https:\/\/novosaopaulo.com.br\/n1\/wp-content\/uploads\/2025\/06\/WhatsApp-Image-2025-06-12-at-18.40.10-1280x845.jpeg",1280,845,true],"newsever-featured":["https:\/\/novosaopaulo.com.br\/n1\/wp-content\/uploads\/2025\/06\/WhatsApp-Image-2025-06-12-at-18.40.10-1024x768.jpeg",1024,768,true],"newsever-medium":["https:\/\/novosaopaulo.com.br\/n1\/wp-content\/uploads\/2025\/06\/WhatsApp-Image-2025-06-12-at-18.40.10-720x475.jpeg",720,475,true]},"author_info":{"display_name":"Reda\u00e7\u00e3o","author_link":"https:\/\/novosaopaulo.com.br\/n1\/author\/g5poa\/"},"category_info":"<a href=\"https:\/\/novosaopaulo.com.br\/n1\/category\/alto-tiete\/\" rel=\"category tag\">Alto Tiet\u00ea<\/a>","tag_info":"Alto Tiet\u00ea","comment_count":"0","_links":{"self":[{"href":"https:\/\/novosaopaulo.com.br\/n1\/wp-json\/wp\/v2\/posts\/24403"}],"collection":[{"href":"https:\/\/novosaopaulo.com.br\/n1\/wp-json\/wp\/v2\/posts"}],"about":[{"href":"https:\/\/novosaopaulo.com.br\/n1\/wp-json\/wp\/v2\/types\/post"}],"author":[{"embeddable":true,"href":"https:\/\/novosaopaulo.com.br\/n1\/wp-json\/wp\/v2\/users\/1"}],"replies":[{"embeddable":true,"href":"https:\/\/novosaopaulo.com.br\/n1\/wp-json\/wp\/v2\/comments?post=24403"}],"version-history":[{"count":1,"href":"https:\/\/novosaopaulo.com.br\/n1\/wp-json\/wp\/v2\/posts\/24403\/revisions"}],"predecessor-version":[{"id":24408,"href":"https:\/\/novosaopaulo.com.br\/n1\/wp-json\/wp\/v2\/posts\/24403\/revisions\/24408"}],"wp:featuredmedia":[{"embeddable":true,"href":"https:\/\/novosaopaulo.com.br\/n1\/wp-json\/wp\/v2\/media\/24404"}],"wp:attachment":[{"href":"https:\/\/novosaopaulo.com.br\/n1\/wp-json\/wp\/v2\/media?parent=24403"}],"wp:term":[{"taxonomy":"category","embeddable":true,"href":"https:\/\/novosaopaulo.com.br\/n1\/wp-json\/wp\/v2\/categories?post=24403"},{"taxonomy":"post_tag","embeddable":true,"href":"https:\/\/novosaopaulo.com.br\/n1\/wp-json\/wp\/v2\/tags?post=24403"}],"curies":[{"name":"wp","href":"https:\/\/api.w.org\/{rel}","templated":true}]}}