{"id":24371,"date":"2025-06-11T23:05:05","date_gmt":"2025-06-12T02:05:05","guid":{"rendered":"https:\/\/novosaopaulo.com.br\/n1\/?p=24371"},"modified":"2025-06-11T23:05:06","modified_gmt":"2025-06-12T02:05:06","slug":"no-passado-os-apoliticos-hoje-os-militantes","status":"publish","type":"post","link":"https:\/\/novosaopaulo.com.br\/n1\/no-passado-os-apoliticos-hoje-os-militantes\/","title":{"rendered":"No passado os \u201capol\u00edticos\u201d, hoje os militantes"},"content":{"rendered":"\n<p>No per\u00edodo em que o Pa\u00eds viveu sob o regime militar \u2013 1964\/85 \u2013 que no p\u00f3s-85 a Nova Rep\u00fablica convocou denominar ditadura &#8211; era comum encontrar indiv\u00edduos, principalmente ocupantes de cargas de confian\u00e7a na administra\u00e7\u00e3o p\u00fablica, que se rotulavam como \u201capol\u00edticos\u201d e n\u00e3o poupavam cr\u00edticas a militantes. A contradi\u00e7\u00e3o de ocupar cargo ou fun\u00e7\u00e3o em reparti\u00e7\u00f5es p\u00fablicas, o convite dos governantes de ent\u00e3o e ali receber as remunera\u00e7\u00f5es, n\u00e3o chegou a envergonh\u00e1-los porque, a polariza\u00e7\u00e3o ideol\u00f3gica que acabou derrubando o presidente Jo\u00e3o Goulart, tamb\u00e9m acabou com os partidos, que foram reduzidos a dois: a Arena situacionista e o oposicionista MDB.<br>Terminado o ciclo militar, vivenciamos o outro lado da moeda. Os ditos democratas da Nova Rep\u00fablica, tudo fizeram para n\u00e3o parecerem em nada com os militares de 64. Os \u201capol\u00edticos\u201d foram dispensados e os seus lugares ocupados por indicados pol\u00edticos, como ocorre at\u00e9 hoje. Mas os partidos pol\u00edticos, de 13 que existiam antes do epis\u00f3dio de 31 de mar\u00e7o de 1964, voltaram com maior for\u00e7a. Chegamos a ter 30 deles regularmente registrados e mais de 70 outros fundados e com pedido de registro na Justi\u00e7a Eleitoral.<br>Os ditos \u201capol\u00edticos\u201d foram substitu\u00eddos por militantes das diferentes e muitas siglas. E a pol\u00edtica passou a ser prato do dia dentro das reparti\u00e7\u00f5es e at\u00e9 interferir nas decis\u00f5es. Das universidades \u00e0s escolas b\u00e1sicas, tudo virou em pol\u00edtica trincheira onde professores militantes pregam sua ideologia e buscam transformar os alunos em adeptos, quando \u2013 para ser honesto \u2013 a pol\u00edtica poderia estar na escola, mas n\u00e3o em forma de milit\u00e2ncia, mas na maneira informativa, com a ministra\u00e7\u00e3o de relat\u00f3rios gen\u00e9ricos para que o pr\u00f3prio aluno possa decidir, na hora certa, o caminho a trilhar, se assim o pretender.<br>De uma forma geral, as reparti\u00e7\u00f5es dos Tr\u00eas Poderes (Legislativo, Executivo e Judici\u00e1rio) passaram a ser operadas politicamente, quando o ideal seria que apenas prestassem os servi\u00e7os constantes de seu regimento. E os servidores engajados politicamente fizeram sua milit\u00e2ncia nas horas de folga, como simples cidad\u00e3os.<br>Infelizmente, com o passar dos anos, a pol\u00edtica partid\u00e1ria tomou conta do servi\u00e7o p\u00fablico e contaminou a popula\u00e7\u00e3o. Embora hoje o n\u00edvel<br>de informa\u00e7\u00e3o dos indiv\u00edduos seja mais elevada que o dos anos 60\/70, muitos ainda hoje n\u00e3o sabem ao certo porque s\u00e3o adeptos de esquerda, de centro ou de direita. E isso serve para criar e potencializar turbul\u00eancia.<br>O Pa\u00eds avan\u00e7ou bastante nessas d\u00e9cadas de redemocratiza\u00e7\u00e3o, mas ainda faltam a atualiza\u00e7\u00e3o das leis, a moderniza\u00e7\u00e3o dos regulamentos pol\u00edticos e o cuidado para evitar a intoler\u00e2ncia que ultimamente amea\u00e7am romper o equil\u00edbrio institucional como decorr\u00eancia da interpreta\u00e7\u00e3o teratol\u00f3gica dos integrantes dos Poderes (Legislativo, Executivo e Judici\u00e1rio) acerca da Constitui\u00e7\u00e3o e dos diplomas legais dela decorrentes.<br>Precisamos colocar cada pe\u00e7a da nossa Rep\u00fablica judiada no seu devido lugar. O improviso e a falta de observa\u00e7\u00e3o dos princ\u00edpios fundamentais tem feito sofrer a Na\u00e7\u00e3o e levado o cidad\u00e3o ao clima de descr\u00e9dito na P\u00e1tria que, para o bem geral, deve ser respeitada, cuidada e amada. Sem esse cuidado, continuaremos marcando passos e jamais sairemos daquele tempo em que os indiv\u00edduos exercem fun\u00e7\u00e3o pol\u00edtica, por conta de l\u00edderes pol\u00edticos e, mesmo assim, por ignor\u00e2ncia, se classificavam como \u201capol\u00edticos\u201d. Acorda meu Brasil!!!<\/p>\n\n\n\n<p>Tenente Dirceu Cardoso Gon\u00e7alves &#8211; dirigente da ASPOMIL (Associa\u00e7\u00e3o de Assist\u00eancia Social dos Policiais Militares de S\u00e3o Paulo).<\/p>\n","protected":false},"excerpt":{"rendered":"<p>No per\u00edodo em que o Pa\u00eds viveu sob o regime militar \u2013 1964\/85 \u2013 que&#8230;<\/p>\n","protected":false},"author":1,"featured_media":23327,"comment_status":"open","ping_status":"open","sticky":false,"template":"","format":"standard","meta":{"footnotes":""},"categories":[2],"tags":[],"featured_image_urls":{"full":["https:\/\/novosaopaulo.com.br\/n1\/wp-content\/uploads\/2025\/04\/Tenente-Dirceu-Cardoso-Goncalves.jpg",600,564,false],"thumbnail":["https:\/\/novosaopaulo.com.br\/n1\/wp-content\/uploads\/2025\/04\/Tenente-Dirceu-Cardoso-Goncalves-150x150.jpg",150,150,true],"medium":["https:\/\/novosaopaulo.com.br\/n1\/wp-content\/uploads\/2025\/04\/Tenente-Dirceu-Cardoso-Goncalves-300x282.jpg",300,282,true],"medium_large":["https:\/\/novosaopaulo.com.br\/n1\/wp-content\/uploads\/2025\/04\/Tenente-Dirceu-Cardoso-Goncalves.jpg",600,564,false],"large":["https:\/\/novosaopaulo.com.br\/n1\/wp-content\/uploads\/2025\/04\/Tenente-Dirceu-Cardoso-Goncalves.jpg",600,564,false],"1536x1536":["https:\/\/novosaopaulo.com.br\/n1\/wp-content\/uploads\/2025\/04\/Tenente-Dirceu-Cardoso-Goncalves.jpg",600,564,false],"2048x2048":["https:\/\/novosaopaulo.com.br\/n1\/wp-content\/uploads\/2025\/04\/Tenente-Dirceu-Cardoso-Goncalves.jpg",600,564,false],"newsever-slider-full":["https:\/\/novosaopaulo.com.br\/n1\/wp-content\/uploads\/2025\/04\/Tenente-Dirceu-Cardoso-Goncalves.jpg",600,564,false],"newsever-featured":["https:\/\/novosaopaulo.com.br\/n1\/wp-content\/uploads\/2025\/04\/Tenente-Dirceu-Cardoso-Goncalves.jpg",600,564,false],"newsever-medium":["https:\/\/novosaopaulo.com.br\/n1\/wp-content\/uploads\/2025\/04\/Tenente-Dirceu-Cardoso-Goncalves-600x475.jpg",600,475,true]},"author_info":{"display_name":"Reda\u00e7\u00e3o","author_link":"https:\/\/novosaopaulo.com.br\/n1\/author\/g5poa\/"},"category_info":"<a href=\"https:\/\/novosaopaulo.com.br\/n1\/category\/cidades\/\" rel=\"category tag\">Cidades<\/a>","tag_info":"Cidades","comment_count":"0","_links":{"self":[{"href":"https:\/\/novosaopaulo.com.br\/n1\/wp-json\/wp\/v2\/posts\/24371"}],"collection":[{"href":"https:\/\/novosaopaulo.com.br\/n1\/wp-json\/wp\/v2\/posts"}],"about":[{"href":"https:\/\/novosaopaulo.com.br\/n1\/wp-json\/wp\/v2\/types\/post"}],"author":[{"embeddable":true,"href":"https:\/\/novosaopaulo.com.br\/n1\/wp-json\/wp\/v2\/users\/1"}],"replies":[{"embeddable":true,"href":"https:\/\/novosaopaulo.com.br\/n1\/wp-json\/wp\/v2\/comments?post=24371"}],"version-history":[{"count":1,"href":"https:\/\/novosaopaulo.com.br\/n1\/wp-json\/wp\/v2\/posts\/24371\/revisions"}],"predecessor-version":[{"id":24372,"href":"https:\/\/novosaopaulo.com.br\/n1\/wp-json\/wp\/v2\/posts\/24371\/revisions\/24372"}],"wp:featuredmedia":[{"embeddable":true,"href":"https:\/\/novosaopaulo.com.br\/n1\/wp-json\/wp\/v2\/media\/23327"}],"wp:attachment":[{"href":"https:\/\/novosaopaulo.com.br\/n1\/wp-json\/wp\/v2\/media?parent=24371"}],"wp:term":[{"taxonomy":"category","embeddable":true,"href":"https:\/\/novosaopaulo.com.br\/n1\/wp-json\/wp\/v2\/categories?post=24371"},{"taxonomy":"post_tag","embeddable":true,"href":"https:\/\/novosaopaulo.com.br\/n1\/wp-json\/wp\/v2\/tags?post=24371"}],"curies":[{"name":"wp","href":"https:\/\/api.w.org\/{rel}","templated":true}]}}