{"id":24356,"date":"2025-06-10T17:32:04","date_gmt":"2025-06-10T20:32:04","guid":{"rendered":"https:\/\/novosaopaulo.com.br\/n1\/?p=24356"},"modified":"2025-06-10T17:32:05","modified_gmt":"2025-06-10T20:32:05","slug":"antecedendo-a-29a-parada-do-orgulho-lgbt","status":"publish","type":"post","link":"https:\/\/novosaopaulo.com.br\/n1\/antecedendo-a-29a-parada-do-orgulho-lgbt\/","title":{"rendered":"Antecedendo a 29\u00aa Parada do Orgulho LGBT+"},"content":{"rendered":"\n<p>Lacerdine Galeria de Arte realiza a 1\u00aa Semana da Diversidade, de 17 a 21 de junho<\/p>\n\n\n\n<p>A Semana ter\u00e1 uma intensa programa\u00e7\u00e3o gratuita com: rodas de conversas com o padre J\u00falio Lancellotti, com a comunidade LGBTQIAPN+ e seus pais, exposi\u00e7\u00e3o com fotos de transg\u00eaneros e festa com m\u00fasica dos anos 80 e 90<\/p>\n\n\n\n<p>Fotos, de Fernando Jensen, que estar\u00e3o na exposi\u00e7\u00e3o \u2018TRANS-LADO\u2019, e que ter\u00e3o interven\u00e7\u00e3o art\u00edstica em pintura de Geraldo Lacerdine<\/p>\n\n\n\n<p>Fotos AQUI<\/p>\n\n\n\n<p>Para refletir sobre o orgulho LGBTQIAPN+ e todo o cuidado necess\u00e1rio das pessoas em situa\u00e7\u00e3o de vulnerabilidade, \u00e9 que o espa\u00e7o multicultural Lacerdine Galeria de Arte realiza a 1\u00aa Semana da Diversidade, de 17 a 21 de junho, com uma programa\u00e7\u00e3o gratuita: rodas de conversa com o padre J\u00falio Lancellotti, com a comunidade LGBTQIAPN+ e seus pais, da ONG M\u00e3es pela Diversidade; e a exposi\u00e7\u00e3o in\u00e9dita \u2018TRANS-LADO\u2019, de fotos com transg\u00eaneros em situa\u00e7\u00e3o de rua, do fot\u00f3grafo Fernando Jensen. E, ainda, na semana o desfile &#8220;Sobreviventes da Selva Urbana&#8221;, do projeto Linhas da Vida, do Movimento Estadual da Popula\u00e7\u00e3o de Rua de S\u00e3o Paulo; e<br>a celebra\u00e7\u00e3o da diversidade e da arte com a festa Galeria Sonora com hits dos anos 80 e 90, com a DJs Party Live.<\/p>\n\n\n\n<p>A Semana da Diversidade quer fomentar o di\u00e1logo cultural sobre a aceita\u00e7\u00e3o \u00e0 diversidade, combater o preconceito e a discrimina\u00e7\u00e3o, propor solu\u00e7\u00f5es educativas e aumentar o engajamento social nas quest\u00f5es da<br>diversidade. \u201cHoje a viol\u00eancia e o desrespeito s\u00e3o cultuados nas redes sociais e em conversas informais. Muitas pessoas padecem a dor da exclus\u00e3o de uma<br>sociedade, que quer torn\u00e1-las invis\u00edveis. \u00c9 importante a realiza\u00e7\u00e3o de atividades de conscientiza\u00e7\u00e3o, a\u00e7\u00f5es educativas, di\u00e1logo e discuss\u00f5es sobre os temas da diversidade e problemas candentes, pois se acredita que assim podemos melhorar o mundo\u201d, reflete o artista expressionista contempor\u00e2neo Geraldo Lacerdine, fundador da Galeria, que tem como proposta ser um espa\u00e7o multicultural para as mais diversas manifesta\u00e7\u00f5es.<\/p>\n\n\n\n<p>Segundo Lacerdine, o evento prop\u00f5e abordar temas importantes sobre direitos humanos, sabendo do potencial transformador que a arte tem na vida das pessoas.<\/p>\n\n\n\n<p>Roda de conversas, exposi\u00e7\u00e3o e festa<\/p>\n\n\n\n<p>Amplamente reconhecido por seu trabalho humanit\u00e1rio e sua defesa dos direitos humanos, incluindo o apoio \u00e0 comunidade LGBTQIAPN+, o padre J\u00falio Lancellotti ser\u00e1 o destaque da abertura da Semana na ter\u00e7a-feira (17), \u00e0s 19h30, quando falar\u00e1 sobre o combate \u00e0 viol\u00eancia e o respeito as individualidades. Tamb\u00e9m abordar\u00e1 a experi\u00eancia de cuidado e acolhimento das pessoas LGBTQIAPN+ em situa\u00e7\u00e3o de rua da cidade de S\u00e3o Paulo, a extrema urg\u00eancia para a conscientiza\u00e7\u00e3o da sociedade, e as pol\u00edticas p\u00fablicas atuais. Ap\u00f3s sua apresenta\u00e7\u00e3o (de 20 minutos), ter\u00e1 in\u00edcio um bate-papo com os presentes. O momento ser\u00e1 transmitido ao vivo, via Live, pelo Instagram @lacerdine.<\/p>\n\n\n\n<p>\u201cPela nossa experi\u00eancia e conviv\u00eancia di\u00e1ria com a v\u00e1rias pessoas do grupo LGBT nas ruas, percebemos que s\u00e3o triplamente rejeitados e descartados. Se for uma pessoa negra, j\u00e1 existe o preconceito. Se for uma pessoa tamb\u00e9m pobre, mais um preconceito. Se for uma mulher trans mais preconceito e mais discrimina\u00e7\u00e3o\u201d, explica o pe. Lancellotti. Ele orienta que \u00e9 necess\u00e1rio olhar essas quest\u00f5es de baixo para cima, \u201cporque h\u00e1 grupos que sabem se defender, que t\u00eam um n\u00edvel de posi\u00e7\u00e3o na sociedade, mas h\u00e1 aqueles que n\u00e3o t\u00eam nenhum. Por exemplo, existem trans em situa\u00e7\u00e3o de rua que usam silicone industrial, que acabam descendo para os p\u00e9s, n\u00e3o t\u00eam a hormonioterapia e quest\u00f5es de sa\u00fade garantidas. Tudo isso tem que ser visto e protegido a partir de baixo para cima\u201d, completa.<\/p>\n\n\n\n<p>Tamb\u00e9m faz parte da inaugura\u00e7\u00e3o da Semana da Diversidade a estreia da exposi\u00e7\u00e3o in\u00e9dita \u201cTRANS-LADO\u201d, que permanecer\u00e1 at\u00e9 o dia 30 de junho, com fotos de transg\u00eaneros e interven\u00e7\u00e3o art\u00edstica em pintura de Geraldo Lacerdine. \u201cEu fa\u00e7o foto da realidade urbana. Nessa mostra estar\u00e3o expostas as imagens que registrei com os transg\u00eaneros na Cracol\u00e2ndia, no Vale do Anhangaba\u00fa, entre outros locais no centro de S\u00e3o Paulo\u201d, explica o fotografo Fernando Jensen, que na abertura contar\u00e1 sobre sua jornada neste trabalho iniciado h\u00e1 cinco anos.<\/p>\n\n\n\n<p>Ele conta que gosta muito de fotografar trans porque ao conversar percebe o quanto elas querem ser notadas. \u201cMinha inten\u00e7\u00e3o com este trabalho \u00e9<\/p>\n\n\n\n<p>mostrar para a sociedade a realidade do que acontece nas ruas do centro da cidade que, na maioria das vezes, \u00e9 ignorado pelo poder p\u00fablico. Com as imagens tento dar luz e mais dignidade a moradores de rua\u201d, completa o fot\u00f3grafo.<\/p>\n\n\n\n<p>Foto, de Fernando Jensen, que estar\u00e1 na exposi\u00e7\u00e3o \u2018TRANS-LADO\u2019, e que ter\u00e1 interven\u00e7\u00e3o art\u00edstica em pintura de Geraldo Lacerdine<\/p>\n\n\n\n<p>Segundo Jensen, essas fotos que nunca foram expostas, renderam boas hist\u00f3rias. \u201cNo caso, por exemplo, da foto da transg\u00eanera com o cachorro ao lado, ela estava sentada na porta de um abrigo e muito triste, de cabe\u00e7a baixa, e eu estava passando do outro lado da rua. Quando a vi virei a c\u00e2mera pra ela perguntando se podia fotograf\u00e1-la. No ato ela abriu um grande sorriso de tal maneira que eu me emocionei. Isso demonstra o poder da fotografia\u201d, conclui.<\/p>\n\n\n\n<p>A atra\u00e7\u00e3o da Semana, o desfile &#8220;Sobreviventes da Selva Urbana&#8221;, do projeto Linhas da Vida, do Movimento Estadual da Popula\u00e7\u00e3o de Rua de S\u00e3o Paulo (respons\u00e1veis: Robson Cesar C. de Mendon\u00e7a, Karen Cristina e Neia Pereira) ser\u00e1 na quarta-feira (18), \u00e0s 19h30.<\/p>\n\n\n\n<p>Linhas da Vida \u00e9 um projeto que ensina a arte da costura para pessoas em situa\u00e7\u00e3o de vulnerabilidade, pessoas em situa\u00e7\u00e3o de cal\u00e7ada e ao p\u00fablico da comunidade LGBTQIA+. Proporciona um ambiente enriquecedor, onde os alunos t\u00eam a oportunidade n\u00e3o apenas de aprender t\u00e9cnicas de costura, mas tamb\u00e9m de explorar e expressar sua criatividade. O desfile \u201cSobreviventes da Selva Urbana\u201d retrata nos looks a realidade da popula\u00e7\u00e3o vulner\u00e1vel e considerada invis\u00edveis perante a sociedade. E traz, tamb\u00e9m, reflex\u00e3o sobre a prote\u00e7\u00e3o ao meio ambiente. Os trabalhos s\u00e3o desenvolvidos coletivamente por aproximadamente 30 alunos do projeto, conhecidos carinhosamente como &#8220;Bonde da Costura&#8221;.<\/p>\n\n\n\n<p>Outro momento da semana que promete ser marcante \u00e9 a roda de conversa com pessoas LGBTQIAPNA+ e seus pais da ONG M\u00e3es pela Diversidade, no dia 20\/6, sexta-feira, a partir das 19h30. O objetivo \u00e9 levantar uma reflex\u00e3o sobre o processo de acolhimento e aceita\u00e7\u00e3o dessa comunidade. \u201cSer m\u00e3e do meu filho \u00e9 algo grande e cheio de afeto. Ser m\u00e3e de um adolescente de 15 anos trans nos traz desafios todos os dias, sem aviso pr\u00e9vio. Mas isso s\u00f3 aumenta o nosso amor por ele. Essa realidade imposta, me fez e me faz estar no centro de uma luta que s\u00f3 vai terminar quando tivermos um olhar mais gentil, digno e humano para todos, todas e todos\u201d, afirma Gabriela Kimura \u00e9 ativista pela causa e membro da ONG M\u00e3es pela Diversidade.<\/p>\n\n\n\n<p>A ONG M\u00e3es pela Diversidade nasceu em Sa\u0303o Paulo, em 2014, fruto de um encontro esponta\u0302neo de ma\u0303es e pais de le\u0301sbicas, gays, bissexuais, travestis e transexuais de todo o Brasil, preocupados com o avan\u00e7o do fundamentalismo religioso, a inseguranc\u0327a juri\u0301dica, o preconceito e a viole\u0302ncia contra a populac\u0327a\u0303o LGBTQIAPNA+.<\/p>\n\n\n\n<p>E como forma de celebrar a diversidade e a arte, no dia 21, s\u00e1bado, das 18h \u00e0s 22h, acontece a festa GALERIA SONORA, que encerrar\u00e1 a programa\u00e7\u00e3o da semana com som dos anos 80 e 90, com a DJs Party Live.<\/p>\n\n\n\n<p>Mas para participar da festa, desta vez, com entrada gratuita ser\u00e1 necess\u00e1rio confirmar presen\u00e7a pelo e-mail contato@lacerdine.com.<\/p>\n\n\n\n<p>\u201cA partir da ideia inovadora de festas tem\u00e1ticas em caf\u00e9s sofisticados que come\u00e7ou no Rio de Janeiro e chegou na cidade de S\u00e3o Paulo, \u00e9 que inauguramos a GALERIA SONORA, uma jornada sensorial, em meio a exposi\u00e7\u00f5es de arte\u201d, conta Lacerdine. \u201c\u00c9 um novo conceito de festa a partir de eventos relacionados \u00e0s manifesta\u00e7\u00f5es contempor\u00e2neas de cultura e comportamento\u201d, explica.<\/p>\n\n\n\n<p>Com 400 m2, lounge, mezanino e \u00e1rea externa, a Lacerdine Galeria de Arte abriga o CAF\u00c9 FALASARTES. Inaugurada em fevereiro desse ano, a galeria tem a proposta de ser um espa\u00e7o multicultural para diversas manifesta\u00e7\u00f5es, al\u00e9m de exposi\u00e7\u00f5es de arte, tamb\u00e9m apresenta\u00e7\u00f5es musicais, de teatro, e literatura, e rodas de conversas sobre temas atuais, como a diversidade, preserva\u00e7\u00e3o ambiental, a luta contra o racismo, igualdade de g\u00eanero, entre outros.<\/p>\n\n\n\n<p>LACERDINE GALERIA DE ARTE<\/p>\n\n\n\n<p>Semana da Diversidade &#8211; 17 a 21 de junho<br>\uf0fc Dia 17, \u00e0s 19h30 \u2013 roda de conversa com padre J\u00falio Lancellotti e abertura da exposi\u00e7\u00e3o TRANS-LADO \u2013 At\u00e9 30 de junho<br>\uf0fc Dia 20, \u00e0s 19h30 \u2013 roda de conversa LGBTQIAPNA+ e seus pais da ONG M\u00e3es pela Diversidade<br>\uf0fc Dia 21, das 18h \u00e0s 22h, festa Galeria Sonora \u2013 para participar confirmar presen\u00e7a pelo email contato@lacerdine.com<\/p>\n\n\n\n<p>Local: Avenida Ang\u00e9lica, 2578 \u2013 Higien\u00f3polis<br>Entrada gratuita<br>Organiza\u00e7\u00e3o e Curadoria: Geraldo Lacerdine<br>Instagram: @lacerdine<\/p>\n","protected":false},"excerpt":{"rendered":"<p>Lacerdine Galeria de Arte realiza a 1\u00aa Semana da Diversidade, de 17 a 21 de&#8230;<\/p>\n","protected":false},"author":1,"featured_media":24357,"comment_status":"open","ping_status":"open","sticky":false,"template":"","format":"standard","meta":{"footnotes":""},"categories":[2],"tags":[],"featured_image_urls":{"full":["https:\/\/novosaopaulo.com.br\/n1\/wp-content\/uploads\/2025\/06\/WhatsApp-Image-2025-06-10-at-16.48.19.jpeg",320,480,false],"thumbnail":["https:\/\/novosaopaulo.com.br\/n1\/wp-content\/uploads\/2025\/06\/WhatsApp-Image-2025-06-10-at-16.48.19-150x150.jpeg",150,150,true],"medium":["https:\/\/novosaopaulo.com.br\/n1\/wp-content\/uploads\/2025\/06\/WhatsApp-Image-2025-06-10-at-16.48.19-200x300.jpeg",200,300,true],"medium_large":["https:\/\/novosaopaulo.com.br\/n1\/wp-content\/uploads\/2025\/06\/WhatsApp-Image-2025-06-10-at-16.48.19.jpeg",320,480,false],"large":["https:\/\/novosaopaulo.com.br\/n1\/wp-content\/uploads\/2025\/06\/WhatsApp-Image-2025-06-10-at-16.48.19.jpeg",320,480,false],"1536x1536":["https:\/\/novosaopaulo.com.br\/n1\/wp-content\/uploads\/2025\/06\/WhatsApp-Image-2025-06-10-at-16.48.19.jpeg",320,480,false],"2048x2048":["https:\/\/novosaopaulo.com.br\/n1\/wp-content\/uploads\/2025\/06\/WhatsApp-Image-2025-06-10-at-16.48.19.jpeg",320,480,false],"newsever-slider-full":["https:\/\/novosaopaulo.com.br\/n1\/wp-content\/uploads\/2025\/06\/WhatsApp-Image-2025-06-10-at-16.48.19.jpeg",320,480,false],"newsever-featured":["https:\/\/novosaopaulo.com.br\/n1\/wp-content\/uploads\/2025\/06\/WhatsApp-Image-2025-06-10-at-16.48.19.jpeg",320,480,false],"newsever-medium":["https:\/\/novosaopaulo.com.br\/n1\/wp-content\/uploads\/2025\/06\/WhatsApp-Image-2025-06-10-at-16.48.19-320x475.jpeg",320,475,true]},"author_info":{"display_name":"Reda\u00e7\u00e3o","author_link":"https:\/\/novosaopaulo.com.br\/n1\/author\/g5poa\/"},"category_info":"<a href=\"https:\/\/novosaopaulo.com.br\/n1\/category\/cidades\/\" rel=\"category tag\">Cidades<\/a>","tag_info":"Cidades","comment_count":"0","_links":{"self":[{"href":"https:\/\/novosaopaulo.com.br\/n1\/wp-json\/wp\/v2\/posts\/24356"}],"collection":[{"href":"https:\/\/novosaopaulo.com.br\/n1\/wp-json\/wp\/v2\/posts"}],"about":[{"href":"https:\/\/novosaopaulo.com.br\/n1\/wp-json\/wp\/v2\/types\/post"}],"author":[{"embeddable":true,"href":"https:\/\/novosaopaulo.com.br\/n1\/wp-json\/wp\/v2\/users\/1"}],"replies":[{"embeddable":true,"href":"https:\/\/novosaopaulo.com.br\/n1\/wp-json\/wp\/v2\/comments?post=24356"}],"version-history":[{"count":1,"href":"https:\/\/novosaopaulo.com.br\/n1\/wp-json\/wp\/v2\/posts\/24356\/revisions"}],"predecessor-version":[{"id":24358,"href":"https:\/\/novosaopaulo.com.br\/n1\/wp-json\/wp\/v2\/posts\/24356\/revisions\/24358"}],"wp:featuredmedia":[{"embeddable":true,"href":"https:\/\/novosaopaulo.com.br\/n1\/wp-json\/wp\/v2\/media\/24357"}],"wp:attachment":[{"href":"https:\/\/novosaopaulo.com.br\/n1\/wp-json\/wp\/v2\/media?parent=24356"}],"wp:term":[{"taxonomy":"category","embeddable":true,"href":"https:\/\/novosaopaulo.com.br\/n1\/wp-json\/wp\/v2\/categories?post=24356"},{"taxonomy":"post_tag","embeddable":true,"href":"https:\/\/novosaopaulo.com.br\/n1\/wp-json\/wp\/v2\/tags?post=24356"}],"curies":[{"name":"wp","href":"https:\/\/api.w.org\/{rel}","templated":true}]}}