{"id":24318,"date":"2025-06-06T14:04:58","date_gmt":"2025-06-06T17:04:58","guid":{"rendered":"https:\/\/novosaopaulo.com.br\/n1\/?p=24318"},"modified":"2025-06-06T14:04:59","modified_gmt":"2025-06-06T17:04:59","slug":"guarda-mirim-de-suzano-completa-47-anos-formando-jovens-para-o-trabalho-e-para-a-vida","status":"publish","type":"post","link":"https:\/\/novosaopaulo.com.br\/n1\/guarda-mirim-de-suzano-completa-47-anos-formando-jovens-para-o-trabalho-e-para-a-vida\/","title":{"rendered":"Guarda Mirim de Suzano completa 47 anos: formando jovens para o trabalho \u2014 e para a vida"},"content":{"rendered":"\n<p>No dia 9 de junho, a Guarda Mirim de Suzano completa 47 anos de atua\u00e7\u00e3o dedicada \u00e0 forma\u00e7\u00e3o de adolescentes e jovens para o mundo do trabalho e para a vida em sociedade. Fundada em 1978, a entidade se consolidou como uma refer\u00eancia no munic\u00edpio, promovendo capacita\u00e7\u00e3o profissional, disciplina, responsabilidade e cidadania.<br>O diferencial da Guarda Mirim est\u00e1 na proposta que vai al\u00e9m do preparo t\u00e9cnico. A institui\u00e7\u00e3o desenvolve um trabalho s\u00f3lido de forma\u00e7\u00e3o \u00e9tica, social e emocional dos jovens, fortalecendo valores fundamentais para a vida adulta. Mais do que ingressar no mundo do trabalho, os adolescentes aprendem a se posicionar no mundo com autonomia, respeito e consci\u00eancia social.<br>Um ponto de destaque \u00e9 o fato de que a Guarda Mirim atua sem o uso de verbas p\u00fablicas. Toda a sua manuten\u00e7\u00e3o \u00e9 poss\u00edvel gra\u00e7as ao apoio de empresas parceiras, que acreditam no projeto e contribuem diretamente com a contrata\u00e7\u00e3o de jovens capacitados e comprometidos. Essa rede de colabora\u00e7\u00e3o entre institui\u00e7\u00e3o e iniciativa privada tem sido essencial para garantir a continuidade e a qualidade do servi\u00e7o prestado.<br>Ao longo de quase cinco d\u00e9cadas, milhares de jovens suzanenses passaram pela Guarda Mirim, encontrando ali n\u00e3o apenas oportunidades profissionais, mas tamb\u00e9m um espa\u00e7o de desenvolvimento humano. A hist\u00f3ria da entidade se confunde com a de muitas fam\u00edlias que, por meio da forma\u00e7\u00e3o oferecida, transformaram seus caminhos.<br>Neste anivers\u00e1rio de 47 anos, a Guarda Mirim de Suzano reafirma seu compromisso com a juventude, com a educa\u00e7\u00e3o e com o futuro da cidade.<\/p>\n","protected":false},"excerpt":{"rendered":"<p>No dia 9 de junho, a Guarda Mirim de Suzano completa 47 anos de atua\u00e7\u00e3o&#8230;<\/p>\n","protected":false},"author":1,"featured_media":24319,"comment_status":"open","ping_status":"open","sticky":false,"template":"","format":"standard","meta":{"footnotes":""},"categories":[34],"tags":[],"featured_image_urls":{"full":["https:\/\/novosaopaulo.com.br\/n1\/wp-content\/uploads\/2025\/06\/DSC_6106-Aprimorado-NR.jpg",862,571,false],"thumbnail":["https:\/\/novosaopaulo.com.br\/n1\/wp-content\/uploads\/2025\/06\/DSC_6106-Aprimorado-NR-150x150.jpg",150,150,true],"medium":["https:\/\/novosaopaulo.com.br\/n1\/wp-content\/uploads\/2025\/06\/DSC_6106-Aprimorado-NR-300x199.jpg",300,199,true],"medium_large":["https:\/\/novosaopaulo.com.br\/n1\/wp-content\/uploads\/2025\/06\/DSC_6106-Aprimorado-NR-768x509.jpg",640,424,true],"large":["https:\/\/novosaopaulo.com.br\/n1\/wp-content\/uploads\/2025\/06\/DSC_6106-Aprimorado-NR.jpg",640,424,false],"1536x1536":["https:\/\/novosaopaulo.com.br\/n1\/wp-content\/uploads\/2025\/06\/DSC_6106-Aprimorado-NR.jpg",862,571,false],"2048x2048":["https:\/\/novosaopaulo.com.br\/n1\/wp-content\/uploads\/2025\/06\/DSC_6106-Aprimorado-NR.jpg",862,571,false],"newsever-slider-full":["https:\/\/novosaopaulo.com.br\/n1\/wp-content\/uploads\/2025\/06\/DSC_6106-Aprimorado-NR.jpg",862,571,false],"newsever-featured":["https:\/\/novosaopaulo.com.br\/n1\/wp-content\/uploads\/2025\/06\/DSC_6106-Aprimorado-NR.jpg",862,571,false],"newsever-medium":["https:\/\/novosaopaulo.com.br\/n1\/wp-content\/uploads\/2025\/06\/DSC_6106-Aprimorado-NR-720x475.jpg",720,475,true]},"author_info":{"display_name":"Reda\u00e7\u00e3o","author_link":"https:\/\/novosaopaulo.com.br\/n1\/author\/g5poa\/"},"category_info":"<a href=\"https:\/\/novosaopaulo.com.br\/n1\/category\/alto-tiete\/\" rel=\"category tag\">Alto Tiet\u00ea<\/a>","tag_info":"Alto Tiet\u00ea","comment_count":"0","_links":{"self":[{"href":"https:\/\/novosaopaulo.com.br\/n1\/wp-json\/wp\/v2\/posts\/24318"}],"collection":[{"href":"https:\/\/novosaopaulo.com.br\/n1\/wp-json\/wp\/v2\/posts"}],"about":[{"href":"https:\/\/novosaopaulo.com.br\/n1\/wp-json\/wp\/v2\/types\/post"}],"author":[{"embeddable":true,"href":"https:\/\/novosaopaulo.com.br\/n1\/wp-json\/wp\/v2\/users\/1"}],"replies":[{"embeddable":true,"href":"https:\/\/novosaopaulo.com.br\/n1\/wp-json\/wp\/v2\/comments?post=24318"}],"version-history":[{"count":1,"href":"https:\/\/novosaopaulo.com.br\/n1\/wp-json\/wp\/v2\/posts\/24318\/revisions"}],"predecessor-version":[{"id":24320,"href":"https:\/\/novosaopaulo.com.br\/n1\/wp-json\/wp\/v2\/posts\/24318\/revisions\/24320"}],"wp:featuredmedia":[{"embeddable":true,"href":"https:\/\/novosaopaulo.com.br\/n1\/wp-json\/wp\/v2\/media\/24319"}],"wp:attachment":[{"href":"https:\/\/novosaopaulo.com.br\/n1\/wp-json\/wp\/v2\/media?parent=24318"}],"wp:term":[{"taxonomy":"category","embeddable":true,"href":"https:\/\/novosaopaulo.com.br\/n1\/wp-json\/wp\/v2\/categories?post=24318"},{"taxonomy":"post_tag","embeddable":true,"href":"https:\/\/novosaopaulo.com.br\/n1\/wp-json\/wp\/v2\/tags?post=24318"}],"curies":[{"name":"wp","href":"https:\/\/api.w.org\/{rel}","templated":true}]}}