{"id":24315,"date":"2025-06-05T19:29:16","date_gmt":"2025-06-05T22:29:16","guid":{"rendered":"https:\/\/novosaopaulo.com.br\/n1\/?p=24315"},"modified":"2025-06-05T19:29:17","modified_gmt":"2025-06-05T22:29:17","slug":"saulo-souza-inaugura-primeiro-jardim-sensorial-do-alto-tiete","status":"publish","type":"post","link":"https:\/\/novosaopaulo.com.br\/n1\/saulo-souza-inaugura-primeiro-jardim-sensorial-do-alto-tiete\/","title":{"rendered":"Saulo Souza inaugura primeiro Jardim Sensorial do Alto Tiet\u00ea"},"content":{"rendered":"\n<p>Iniciativa in\u00e9dita busca integrar crian\u00e7as at\u00edpicas e pessoas com defici\u00eancia \u00e0 natureza; cerim\u00f4nia reuniu autoridades, institui\u00e7\u00f5es e comunidade em celebra\u00e7\u00e3o ao Dia Mundial do Meio Ambiente<\/p>\n\n\n\n<p>Em comemora\u00e7\u00e3o ao Dia Mundial do Meio Ambiente, o prefeito de Po\u00e1, Saulo Souza, inaugurou nesta quinta-feira (05) o primeiro Jardim Sensorial p\u00fablico do Alto Tiet\u00ea. O espa\u00e7o, que marca mais um avan\u00e7o na constru\u00e7\u00e3o de uma cidade mais inclusiva, acess\u00edvel e ambientalmente consciente, visa atender crian\u00e7as at\u00edpicas e pessoas com defici\u00eancia e estimular o contato direto com a natureza.<br>Localizado na Secretaria de Meio Ambiente (avenida Adutora, 1.111 \u2013 Jardim Nova Po\u00e1), o espa\u00e7o \u00e9 uma iniciativa in\u00e9dita da gest\u00e3o p\u00fablica regional com o prop\u00f3sito de integrar crian\u00e7as at\u00edpicas ao meio ambiente por meio da estimula\u00e7\u00e3o dos sentidos como tato, olfato, audi\u00e7\u00e3o e equil\u00edbrio. O ambiente foi cuidadosamente planejado para despertar os cinco sentidos e para isso conta com caminhos de pedras, cascalho, areia e serragem, uma variedade de plantas arom\u00e1ticas e comest\u00edveis, como hortel\u00e3, al\u00e9m de flores com diferentes formas, cores e texturas.<br>\u201cHoje \u00e9 o Dia Mundial do Meio Ambiente e estamos unidos no prop\u00f3sito de fazer de Po\u00e1 uma cidade que respeita o meio ambiente e garante a inclus\u00e3o. Uma cidade mais humana e acolhedora\u201d, afirmou o prefeito, que ao lado da primeira-dama e presidente do Fundo Social, Flavia Souza, fez quest\u00e3o de vivenciar as experi\u00eancias sensoriais do espa\u00e7o ao lado de crian\u00e7as e adultos que prestigiaram a inaugura\u00e7\u00e3o.<br>Ele destacou ainda a import\u00e2ncia das riquezas naturais de Po\u00e1. \u201cNesta data de extrema relev\u00e2ncia, podemos afirmar que Po\u00e1 \u00e9 uma cidade aben\u00e7oada por Deus. Temos uma abund\u00e2ncia de \u00e1gua de excelente qualidade sob o nosso solo. \u00c1gua \u00e9 sin\u00f4nimo de terra aben\u00e7oada. Hoje, celebramos o privil\u00e9gio de contar com fontes naturais como a \u00c1gua Po\u00e1 e a Fonte Natureza\u201d, afirmou o prefeito.<br>Saulo tamb\u00e9m ressaltou os avan\u00e7os em saneamento b\u00e1sico no munic\u00edpio. \u201cSomos a primeira cidade do Estado de S\u00e3o Paulo a universalizar o acesso \u00e0 \u00e1gua pot\u00e1vel, com mais de 99% da popula\u00e7\u00e3o atendida. Essa conquista se concretizou recentemente com a chegada da \u00e1gua encanada para as fam\u00edlias da Vila S\u00e3o Francisco, que h\u00e1 mais de 40 anos n\u00e3o contavam com esse servi\u00e7o essencial, pessoas que viviam sem \u00e1gua nas torneiras ou no chuveiro\u201d, relembrou.<br>Ele acrescentou ainda que a administra\u00e7\u00e3o segue empenhada em ampliar os servi\u00e7os de saneamento. \u201cAgora, caminhamos para garantir o tratamento de 99% do esgoto coletado. Ap\u00f3s concluir as obras de abastecimento, nosso pr\u00f3ximo passo \u00e9 o esgotamento sanit\u00e1rio e o tratamento adequado dos res\u00edduos.&#8221;<br>De acordo com a secret\u00e1ria de Meio Ambiente, Claudete Canada, idealizadora do Jardim Sensorial, a a\u00e7\u00e3o faz parte de uma agenda mais ampla voltada ao meio ambiente, \u00e0 sustentabilidade e \u00e0 inclus\u00e3o. \u201cO prefeito Saulo Souza tem metas de preserva\u00e7\u00e3o e reflorestamento, e esse jardim \u00e9 tamb\u00e9m uma resposta a essas metas. A inclus\u00e3o \u00e9 pauta constante em sua gest\u00e3o e no trabalho da primeira-dama Flavia Souza\u201d, lembrou. A chefe da pasta fez quest\u00e3o de destacar tamb\u00e9m a import\u00e2ncia dos colaboradores para a concretiza\u00e7\u00e3o do projeto.<\/p>\n\n\n\n<p>Institui\u00e7\u00f5es e lideran\u00e7as<br>A inaugura\u00e7\u00e3o reuniu lideran\u00e7as pol\u00edticas, representantes de institui\u00e7\u00f5es sociais e a comunidade escolar. Estiveram presentes a presidente do Instituto Rita para Surdos, Gilda do Carmo; a diretora da Apae de Po\u00e1, T\u00e2nia Botelho, a presidente do Instituto Felipe Matheus, Josenilda da Silva; a presidente da Cadevip, Regina Dias Carvalho; e o representante das Apaes do Alto Tiet\u00ea, Odair Pereira. Tamb\u00e9m participaram da inaugura\u00e7\u00e3o alunos das EMBs Jo\u00e3o Pedro de Almeida e Jos\u00e9 Joaquim, da ETEC, al\u00e9m de professores e secret\u00e1rios municipais.<br>Durante o evento, a presen\u00e7a do Legislativo foi simbolizada pelas falas de apoio \u00e0 iniciativa e ao governo. \u201cQuero afirmar o compromisso de toda a C\u00e2mara Municipal com a gest\u00e3o Saulo Souza e dizer que estamos de bra\u00e7os dados rumo ao futuro de mudan\u00e7a que a cidade de Po\u00e1 tanto precisa e merece\u201d, declarou o vereador Raphael Grothe, acompanhado dos tamb\u00e9m parlamentares Rog\u00e9rinho, Edson Demetrio, Rog\u00e9rio Mathias e Saulo Dentista.<\/p>\n\n\n\n<p>Visitas<br>O Jardim Sensorial j\u00e1 conta com visitas agendadas por escolas municipais e institui\u00e7\u00f5es da regi\u00e3o. As visitas s\u00e3o monitoradas e podem ser marcadas por meio do telefone (11) 4636-6408 ou pelo e-mail meioambiente@poa.sp.gov.br.<\/p>\n\n\n\n<p>Foto: Nivaldo Alves<\/p>\n","protected":false},"excerpt":{"rendered":"<p>Iniciativa in\u00e9dita busca integrar crian\u00e7as at\u00edpicas e pessoas com defici\u00eancia \u00e0 natureza; cerim\u00f4nia reuniu autoridades,&#8230;<\/p>\n","protected":false},"author":1,"featured_media":24316,"comment_status":"open","ping_status":"open","sticky":false,"template":"","format":"standard","meta":{"footnotes":""},"categories":[8],"tags":[],"featured_image_urls":{"full":["https:\/\/novosaopaulo.com.br\/n1\/wp-content\/uploads\/2025\/06\/WhatsApp-Image-2025-06-05-at-18.54.41.jpeg",674,1011,false],"thumbnail":["https:\/\/novosaopaulo.com.br\/n1\/wp-content\/uploads\/2025\/06\/WhatsApp-Image-2025-06-05-at-18.54.41-150x150.jpeg",150,150,true],"medium":["https:\/\/novosaopaulo.com.br\/n1\/wp-content\/uploads\/2025\/06\/WhatsApp-Image-2025-06-05-at-18.54.41-200x300.jpeg",200,300,true],"medium_large":["https:\/\/novosaopaulo.com.br\/n1\/wp-content\/uploads\/2025\/06\/WhatsApp-Image-2025-06-05-at-18.54.41.jpeg",640,960,false],"large":["https:\/\/novosaopaulo.com.br\/n1\/wp-content\/uploads\/2025\/06\/WhatsApp-Image-2025-06-05-at-18.54.41.jpeg",640,960,false],"1536x1536":["https:\/\/novosaopaulo.com.br\/n1\/wp-content\/uploads\/2025\/06\/WhatsApp-Image-2025-06-05-at-18.54.41.jpeg",674,1011,false],"2048x2048":["https:\/\/novosaopaulo.com.br\/n1\/wp-content\/uploads\/2025\/06\/WhatsApp-Image-2025-06-05-at-18.54.41.jpeg",674,1011,false],"newsever-slider-full":["https:\/\/novosaopaulo.com.br\/n1\/wp-content\/uploads\/2025\/06\/WhatsApp-Image-2025-06-05-at-18.54.41-674x845.jpeg",674,845,true],"newsever-featured":["https:\/\/novosaopaulo.com.br\/n1\/wp-content\/uploads\/2025\/06\/WhatsApp-Image-2025-06-05-at-18.54.41.jpeg",674,1011,false],"newsever-medium":["https:\/\/novosaopaulo.com.br\/n1\/wp-content\/uploads\/2025\/06\/WhatsApp-Image-2025-06-05-at-18.54.41-674x475.jpeg",674,475,true]},"author_info":{"display_name":"Reda\u00e7\u00e3o","author_link":"https:\/\/novosaopaulo.com.br\/n1\/author\/g5poa\/"},"category_info":"<a href=\"https:\/\/novosaopaulo.com.br\/n1\/category\/poa\/\" rel=\"category tag\">Po\u00e1<\/a>","tag_info":"Po\u00e1","comment_count":"0","_links":{"self":[{"href":"https:\/\/novosaopaulo.com.br\/n1\/wp-json\/wp\/v2\/posts\/24315"}],"collection":[{"href":"https:\/\/novosaopaulo.com.br\/n1\/wp-json\/wp\/v2\/posts"}],"about":[{"href":"https:\/\/novosaopaulo.com.br\/n1\/wp-json\/wp\/v2\/types\/post"}],"author":[{"embeddable":true,"href":"https:\/\/novosaopaulo.com.br\/n1\/wp-json\/wp\/v2\/users\/1"}],"replies":[{"embeddable":true,"href":"https:\/\/novosaopaulo.com.br\/n1\/wp-json\/wp\/v2\/comments?post=24315"}],"version-history":[{"count":1,"href":"https:\/\/novosaopaulo.com.br\/n1\/wp-json\/wp\/v2\/posts\/24315\/revisions"}],"predecessor-version":[{"id":24317,"href":"https:\/\/novosaopaulo.com.br\/n1\/wp-json\/wp\/v2\/posts\/24315\/revisions\/24317"}],"wp:featuredmedia":[{"embeddable":true,"href":"https:\/\/novosaopaulo.com.br\/n1\/wp-json\/wp\/v2\/media\/24316"}],"wp:attachment":[{"href":"https:\/\/novosaopaulo.com.br\/n1\/wp-json\/wp\/v2\/media?parent=24315"}],"wp:term":[{"taxonomy":"category","embeddable":true,"href":"https:\/\/novosaopaulo.com.br\/n1\/wp-json\/wp\/v2\/categories?post=24315"},{"taxonomy":"post_tag","embeddable":true,"href":"https:\/\/novosaopaulo.com.br\/n1\/wp-json\/wp\/v2\/tags?post=24315"}],"curies":[{"name":"wp","href":"https:\/\/api.w.org\/{rel}","templated":true}]}}