{"id":24280,"date":"2025-06-05T19:10:06","date_gmt":"2025-06-05T22:10:06","guid":{"rendered":"https:\/\/novosaopaulo.com.br\/n1\/?p=24280"},"modified":"2025-06-05T19:17:58","modified_gmt":"2025-06-05T22:17:58","slug":"rock-na-praca-retorna-a-cidade-de-poa-com-edicao-especial-em-julho-de-2025","status":"publish","type":"post","link":"https:\/\/novosaopaulo.com.br\/n1\/rock-na-praca-retorna-a-cidade-de-poa-com-edicao-especial-em-julho-de-2025\/","title":{"rendered":"Rock na Pra\u00e7a retorna \u00e0 cidade de Po\u00e1 com edi\u00e7\u00e3o especial em julho de 2025"},"content":{"rendered":"\n<p>Com o tema \u201cDe volta pra casa\u201d, festival comemora 25 anos reunindo 12 bandas e expectativa de 45 mil pessoas em dois dias de evento<\/p>\n\n\n\n<p>Depois de um ano fora da cidade de Po\u00e1-SP, o Rock na Pra\u00e7a volta ao local onde tudo come\u00e7ou. A 25\u00aa edi\u00e7\u00e3o do maior festival de rock do Alto Tiet\u00ea ser\u00e1 realizada nos dias 12 e 13 de julho de 2025 na tradicional Pra\u00e7a de Eventos de Po\u00e1, localizada na Avenida Ant\u00f4nio Massa, 150, no centro da cidade. Batizado de \u201cDe volta pra casa\u201d, o evento marca um reencontro entre o p\u00fablico e o espa\u00e7o que se tornou s\u00edmbolo do festival.<\/p>\n\n\n\n<p>Com expectativa de reunir cerca de 45 mil pessoas nos dois dias de programa\u00e7\u00e3o, o evento promete movimentar n\u00e3o apenas os f\u00e3s de rock, mas tamb\u00e9m o com\u00e9rcio e o setor de servi\u00e7os da regi\u00e3o. Ao todo, ser\u00e3o 12 bandas se apresentando, vindas de diferentes cidades do estado de S\u00e3o Paulo e tamb\u00e9m de outros estados. A lista completa de atra\u00e7\u00f5es ser\u00e1 divulgada nas pr\u00f3ximas semanas.<\/p>\n\n\n\n<p>\u201c\u00c9 um verdadeiro caso de amor com a cidade de Po\u00e1\u201d, define Carlito Aquino, m\u00fasico e presidente do Rock na Pra\u00e7a. Fundador do festival, Carlito destaca a import\u00e2ncia simb\u00f3lica da volta \u00e0 cidade que acolheu o evento desde sua origem. \u201cAgrade\u00e7o muito \u00e0 cidade de Itaquaquecetuba que nos cedeu espa\u00e7o no ano passado, mas voltar para Po\u00e1 \u00e9 especial. Ser\u00e1 um Rock na Pra\u00e7a incr\u00edvel\u201d, afirma.<\/p>\n\n\n\n<p>Comemora\u00e7\u00e3o do Dia do Rock<\/p>\n\n\n\n<p>O evento tamb\u00e9m tem uma motiva\u00e7\u00e3o simb\u00f3lica: comemorar o Dia Internacional do Rock, celebrado no dia 13 de julho. A data se tornou refer\u00eancia para os organizadores desde as primeiras edi\u00e7\u00f5es e hoje \u00e9 parte essencial do calend\u00e1rio cultural de Po\u00e1-SP. \u201cJ\u00e1 est\u00e1 no cora\u00e7\u00e3o dos amantes do rock de todas as regi\u00f5es. \u00c9 um evento conhecido em todo o estado de S\u00e3o Paulo e que traz gente de todos os cantos\u201d, acrescenta Carlito.<\/p>\n\n\n\n<p>Al\u00e9m da m\u00fasica, o Rock na Pra\u00e7a contar\u00e1 com uma ampla estrutura para receber o p\u00fablico, incluindo pra\u00e7a de alimenta\u00e7\u00e3o e \u00e1rea de recrea\u00e7\u00e3o. Segundo o diretor comercial do evento, Donizete Andrade Fonseca, todas as medidas est\u00e3o sendo tomadas para garantir conforto, seguran\u00e7a e acessibilidade. \u201cContamos com o apoio das secretarias e \u00f3rg\u00e3os de seguran\u00e7a da cidade e do estado de S\u00e3o Paulo, para viabilizar a log\u00edstica e a seguran\u00e7a do p\u00fablico\u201d, explicou.<\/p>\n\n\n\n<p>Regras e funcionamento do evento<\/p>\n\n\n\n<p>O acesso ao Rock na Pra\u00e7a seguir\u00e1 normas r\u00edgidas para garantir a tranquilidade do evento. A entrada com qualquer tipo de bebida ou alimento ser\u00e1 proibida. Todo consumo de comidas e bebidas deve ser feito exclusivamente nos pontos de venda credenciados dentro da pra\u00e7a de alimenta\u00e7\u00e3o. A venda de bebidas alco\u00f3licas ser\u00e1 controlada, exigindo apresenta\u00e7\u00e3o de documento de identidade para comprovar a maioridade.<\/p>\n\n\n\n<p>Esse controle visa manter a organiza\u00e7\u00e3o do evento e garantir um ambiente seguro para todas as idades. \u201cEstamos preparados para acolher fam\u00edlias, grupos de amigos e todos os tipos de p\u00fablico que curtem o bom e velho rock\u2019n\u2019roll\u201d, afirmou Donizete.<\/p>\n\n\n\n<p>A edi\u00e7\u00e3o de 2025 promete consolidar ainda mais a import\u00e2ncia cultural do Rock na Pra\u00e7a para Po\u00e1 e regi\u00e3o. Criado como um movimento cultural independente, o festival cresceu ano ap\u00f3s ano e passou a integrar o calend\u00e1rio oficial de eventos do munic\u00edpio. Sua realiza\u00e7\u00e3o estimula a economia local, desde o com\u00e9rcio de rua at\u00e9 hot\u00e9is e servi\u00e7os de transporte.<br>https:\/\/www.instagram.com\/rocknapracaoficialpoasp\/?igsh=b3Jya2hqejVmNGU<br>https:\/\/www.facebook.com\/rocknapracapoasp?mibextid=kFxxJD<\/p>\n\n\n\n<figure class=\"wp-block-gallery has-nested-images columns-default is-cropped wp-block-gallery-1 is-layout-flex wp-block-gallery-is-layout-flex\">\n<figure class=\"wp-block-image size-large\"><a href=\"https:\/\/novosaopaulo.com.br\/n1\/wp-content\/uploads\/2025\/06\/WhatsApp-Image-2025-06-05-at-11.49.15-1.jpeg\"><img fetchpriority=\"high\" decoding=\"async\" width=\"1024\" height=\"946\" data-id=\"24284\" src=\"https:\/\/novosaopaulo.com.br\/n1\/wp-content\/uploads\/2025\/06\/WhatsApp-Image-2025-06-05-at-11.49.15-1-1024x946.jpeg\" alt=\"\" class=\"wp-image-24284\" srcset=\"https:\/\/novosaopaulo.com.br\/n1\/wp-content\/uploads\/2025\/06\/WhatsApp-Image-2025-06-05-at-11.49.15-1-1024x946.jpeg 1024w, https:\/\/novosaopaulo.com.br\/n1\/wp-content\/uploads\/2025\/06\/WhatsApp-Image-2025-06-05-at-11.49.15-1-300x277.jpeg 300w, https:\/\/novosaopaulo.com.br\/n1\/wp-content\/uploads\/2025\/06\/WhatsApp-Image-2025-06-05-at-11.49.15-1-768x710.jpeg 768w, https:\/\/novosaopaulo.com.br\/n1\/wp-content\/uploads\/2025\/06\/WhatsApp-Image-2025-06-05-at-11.49.15-1.jpeg 1080w\" sizes=\"(max-width: 1024px) 100vw, 1024px\" \/><\/a><\/figure>\n\n\n\n<figure class=\"wp-block-image size-large\"><a href=\"https:\/\/novosaopaulo.com.br\/n1\/wp-content\/uploads\/2025\/06\/WhatsApp-Image-2025-06-05-at-11.49.15.jpeg\"><img decoding=\"async\" width=\"1024\" height=\"612\" data-id=\"24286\" src=\"https:\/\/novosaopaulo.com.br\/n1\/wp-content\/uploads\/2025\/06\/WhatsApp-Image-2025-06-05-at-11.49.15-1024x612.jpeg\" alt=\"\" class=\"wp-image-24286\" srcset=\"https:\/\/novosaopaulo.com.br\/n1\/wp-content\/uploads\/2025\/06\/WhatsApp-Image-2025-06-05-at-11.49.15-1024x612.jpeg 1024w, https:\/\/novosaopaulo.com.br\/n1\/wp-content\/uploads\/2025\/06\/WhatsApp-Image-2025-06-05-at-11.49.15-300x179.jpeg 300w, https:\/\/novosaopaulo.com.br\/n1\/wp-content\/uploads\/2025\/06\/WhatsApp-Image-2025-06-05-at-11.49.15-768x459.jpeg 768w, https:\/\/novosaopaulo.com.br\/n1\/wp-content\/uploads\/2025\/06\/WhatsApp-Image-2025-06-05-at-11.49.15.jpeg 1069w\" sizes=\"(max-width: 1024px) 100vw, 1024px\" \/><\/a><\/figure>\n\n\n\n<figure class=\"wp-block-image size-large\"><a href=\"https:\/\/novosaopaulo.com.br\/n1\/wp-content\/uploads\/2025\/06\/WhatsApp-Image-2025-06-05-at-11.49.14-1.jpeg\"><img decoding=\"async\" width=\"1024\" height=\"580\" data-id=\"24285\" src=\"https:\/\/novosaopaulo.com.br\/n1\/wp-content\/uploads\/2025\/06\/WhatsApp-Image-2025-06-05-at-11.49.14-1-1024x580.jpeg\" alt=\"\" class=\"wp-image-24285\" srcset=\"https:\/\/novosaopaulo.com.br\/n1\/wp-content\/uploads\/2025\/06\/WhatsApp-Image-2025-06-05-at-11.49.14-1-1024x580.jpeg 1024w, https:\/\/novosaopaulo.com.br\/n1\/wp-content\/uploads\/2025\/06\/WhatsApp-Image-2025-06-05-at-11.49.14-1-300x170.jpeg 300w, https:\/\/novosaopaulo.com.br\/n1\/wp-content\/uploads\/2025\/06\/WhatsApp-Image-2025-06-05-at-11.49.14-1-768x435.jpeg 768w, https:\/\/novosaopaulo.com.br\/n1\/wp-content\/uploads\/2025\/06\/WhatsApp-Image-2025-06-05-at-11.49.14-1.jpeg 1080w\" sizes=\"(max-width: 1024px) 100vw, 1024px\" \/><\/a><\/figure>\n<\/figure>\n","protected":false},"excerpt":{"rendered":"<p>Com o tema \u201cDe volta pra casa\u201d, festival comemora 25 anos reunindo 12 bandas e&#8230;<\/p>\n","protected":false},"author":1,"featured_media":24281,"comment_status":"open","ping_status":"open","sticky":false,"template":"","format":"standard","meta":{"footnotes":""},"categories":[8],"tags":[],"featured_image_urls":{"full":["https:\/\/novosaopaulo.com.br\/n1\/wp-content\/uploads\/2025\/06\/WhatsApp-Image-2025-06-05-at-11.49.14.jpeg",1279,1280,false],"thumbnail":["https:\/\/novosaopaulo.com.br\/n1\/wp-content\/uploads\/2025\/06\/WhatsApp-Image-2025-06-05-at-11.49.14-150x150.jpeg",150,150,true],"medium":["https:\/\/novosaopaulo.com.br\/n1\/wp-content\/uploads\/2025\/06\/WhatsApp-Image-2025-06-05-at-11.49.14-300x300.jpeg",300,300,true],"medium_large":["https:\/\/novosaopaulo.com.br\/n1\/wp-content\/uploads\/2025\/06\/WhatsApp-Image-2025-06-05-at-11.49.14-768x769.jpeg",640,641,true],"large":["https:\/\/novosaopaulo.com.br\/n1\/wp-content\/uploads\/2025\/06\/WhatsApp-Image-2025-06-05-at-11.49.14-1024x1024.jpeg",640,640,true],"1536x1536":["https:\/\/novosaopaulo.com.br\/n1\/wp-content\/uploads\/2025\/06\/WhatsApp-Image-2025-06-05-at-11.49.14.jpeg",1279,1280,false],"2048x2048":["https:\/\/novosaopaulo.com.br\/n1\/wp-content\/uploads\/2025\/06\/WhatsApp-Image-2025-06-05-at-11.49.14.jpeg",1279,1280,false],"newsever-slider-full":["https:\/\/novosaopaulo.com.br\/n1\/wp-content\/uploads\/2025\/06\/WhatsApp-Image-2025-06-05-at-11.49.14-1279x845.jpeg",1279,845,true],"newsever-featured":["https:\/\/novosaopaulo.com.br\/n1\/wp-content\/uploads\/2025\/06\/WhatsApp-Image-2025-06-05-at-11.49.14-1024x1025.jpeg",1024,1025,true],"newsever-medium":["https:\/\/novosaopaulo.com.br\/n1\/wp-content\/uploads\/2025\/06\/WhatsApp-Image-2025-06-05-at-11.49.14-720x475.jpeg",720,475,true]},"author_info":{"display_name":"Reda\u00e7\u00e3o","author_link":"https:\/\/novosaopaulo.com.br\/n1\/author\/g5poa\/"},"category_info":"<a href=\"https:\/\/novosaopaulo.com.br\/n1\/category\/poa\/\" rel=\"category tag\">Po\u00e1<\/a>","tag_info":"Po\u00e1","comment_count":"0","_links":{"self":[{"href":"https:\/\/novosaopaulo.com.br\/n1\/wp-json\/wp\/v2\/posts\/24280"}],"collection":[{"href":"https:\/\/novosaopaulo.com.br\/n1\/wp-json\/wp\/v2\/posts"}],"about":[{"href":"https:\/\/novosaopaulo.com.br\/n1\/wp-json\/wp\/v2\/types\/post"}],"author":[{"embeddable":true,"href":"https:\/\/novosaopaulo.com.br\/n1\/wp-json\/wp\/v2\/users\/1"}],"replies":[{"embeddable":true,"href":"https:\/\/novosaopaulo.com.br\/n1\/wp-json\/wp\/v2\/comments?post=24280"}],"version-history":[{"count":2,"href":"https:\/\/novosaopaulo.com.br\/n1\/wp-json\/wp\/v2\/posts\/24280\/revisions"}],"predecessor-version":[{"id":24289,"href":"https:\/\/novosaopaulo.com.br\/n1\/wp-json\/wp\/v2\/posts\/24280\/revisions\/24289"}],"wp:featuredmedia":[{"embeddable":true,"href":"https:\/\/novosaopaulo.com.br\/n1\/wp-json\/wp\/v2\/media\/24281"}],"wp:attachment":[{"href":"https:\/\/novosaopaulo.com.br\/n1\/wp-json\/wp\/v2\/media?parent=24280"}],"wp:term":[{"taxonomy":"category","embeddable":true,"href":"https:\/\/novosaopaulo.com.br\/n1\/wp-json\/wp\/v2\/categories?post=24280"},{"taxonomy":"post_tag","embeddable":true,"href":"https:\/\/novosaopaulo.com.br\/n1\/wp-json\/wp\/v2\/tags?post=24280"}],"curies":[{"name":"wp","href":"https:\/\/api.w.org\/{rel}","templated":true}]}}