{"id":24275,"date":"2025-06-05T19:04:59","date_gmt":"2025-06-05T22:04:59","guid":{"rendered":"https:\/\/novosaopaulo.com.br\/n1\/?p=24275"},"modified":"2025-06-05T19:05:00","modified_gmt":"2025-06-05T22:05:00","slug":"a-volta-do-pais-dos-exilados-perseguidos-e-fugitivos","status":"publish","type":"post","link":"https:\/\/novosaopaulo.com.br\/n1\/a-volta-do-pais-dos-exilados-perseguidos-e-fugitivos\/","title":{"rendered":"A volta do Pa\u00eds dos exilados, perseguidos e fugitivos"},"content":{"rendered":"\n<p>Repentinamente, sem imaginar que marchavam para esse estado de coisas, vemos o nosso Pa\u00eds tornar-se terra de exilados e proscritos. Venho daquela gera\u00e7\u00e3o que, tanto para o bem quanto ao mal, viveu sob o regime militar, quando a situa\u00e7\u00e3o levou milhares de brasileiros a fugir ou serem banidos, perdendo a cidadania e tendo de buscar outras na\u00e7\u00f5es onde nem sempre havia condi\u00e7\u00f5es para nelas viver. S\u00e3o poucas as hist\u00f3rias das estrelas que se deram bem trabalhando , morando e vivendo em elegantes endere\u00e7os de Paris e outras cidades da moda; a grande maioria desprovida dessas condi\u00e7\u00f5es sentiu-se obrigada a comer o p\u00e3o que o diabo amassou.<br>Tive a oportunidade de ver a anistia se implantar e os brasileiros proscritos poderem voltar \u00e0 P\u00e1tria e muitos deles reassumir as posi\u00e7\u00f5es de onde haviam fugido ou sido expulsos. O racioc\u00ednio, inclusive do ent\u00e3o presidente, general Jo\u00e3o Figueiredo, que decretou a anistia aprovada no Congresso, era de que lugar de brasileiro \u00e9 no Brasil. Com o ato de perd\u00e3o, todos puderam voltar e tiveram esquecidas as suas d\u00edvidas pol\u00edticas, algumas delas manchadas de sangue.<br>Instalou-se a Nova Rep\u00fablica, escreveu-se uma nova Constitui\u00e7\u00e3o, voltaram as elei\u00e7\u00f5es no lugar da escolha indireta dos governantes via col\u00e9gio eleitoral. E o Pa\u00eds respirou um novo ar, de liberdade que muitos chegaram a acreditar e dizer ser maior do que realmente era. Talvez a\u00ed resida o primeiro problema dos que hoje vivemos.<br>Os militares devolveram o governo ao poder civil no ano de 1985 e at\u00e9 hoje vivemos a democracia poss\u00edvel, depois de tantos problemas e frustra\u00e7\u00f5es. Com o passar dos anos, a luta ideol\u00f3gica tomou conta da cena pol\u00edtica, dois presidentes sofreram impeachment, o presidente Lula, apesar de estar cumprindo seu terceiro mandato na chefia da Na\u00e7\u00e3o e tencionar concorrer ao quarto, j\u00e1 amargou 581 dias de c\u00e1rcere. E o ex-presidente Jair Bolsonaro j\u00e1 se encontra ineleg\u00edvel, pronunciado como r\u00e9u e amea\u00e7ado de ir para a pris\u00e3o condenado pela denunciada tentativa de golpe na virada de 2022 para 2023, cuja autoria ele nega.<br>Vivemos o desencontro entre Legislativo, Judici\u00e1rio e Executivo, que a Constitui\u00e7\u00e3o determina serem independentes, aut\u00f4nomos e harm\u00f4nicos entre si. Legislativo e Judici\u00e1rio t\u00eam a\u00e7\u00f5es onde um busca enfraquecer o outro e o ambiente institucional torna-se tenso.<br>Surgiu agora a quest\u00e3o da deputada Carla Zambelli, condenada a 10 anos de pris\u00e3o por ter hackeado o Conselho Nacional de Justi\u00e7a (CNJ), que abandonou o Pa\u00eds e anuncia ir morar na It\u00e1lia, onde tamb\u00e9m tem cidadania. O deputado Eduardo Bolsonaro, filho do ex-presidente decidiu ficar nos Estados Unidos para n\u00e3o ter seu passaporte arrestado pelo Supremo Tribunal Federal e, em terras norte americanos, faz ativismo contra a suprema corte brasileira. Tamb\u00e9m existem v\u00e1rios jornalistas foragidos ou banidos porque tiveram suas redes sociais e contas banc\u00e1rias brasileiras bloqueadas ou correm o risco de pris\u00e3o se retornarem ao solo p\u00e1trio. Isso sem falar de outros parlamentares que, por diversos motivos, tamb\u00e9m foram encarcerados. Ainda existem os milhares de participantes do quebra-quebra de Bras\u00edlia em 8 de janeiro de 2023, presos, processados e condenados a pesadas penas pela denunciada tentativa de golpe de Estado. Um bom n\u00famero deles, em liberdade condicional enquanto aguardavam julgamento, fugiu para o exterior e hoje tamb\u00e9m engordam o n\u00famero de exilados brasileiros.<br>Temos, finalmente, protocolado no Congresso Nacional, o projeto da nova anistia a crimes pol\u00edticos. Ele \u00e9 proposto e defendido por bolsonaristas direitistas e combatido pelo governo do Partido Trabalhadores, de esquerda e, curiosamente, que teve suas estrelas perdoadas na anistia de 1979 e com isso puderam voltar \u00e0 milit\u00e2ncia pol\u00edtica.<br>N\u00e3o pretendo defender qualquer dos lados da contenda pol\u00edtica que envolve o Brasil. Penso, no entanto, que o Pa\u00eds necessita de solu\u00e7\u00f5es que possam levar \u00e0 pacifica\u00e7\u00e3o, com anistia ou sem ela. N\u00e3o podemos continuar assistindo a tens\u00e3o aumentar e nada fazendo para solucion\u00e1-la. Que todos os poderosos \u2013 parlamentares, governantes, altas autoridades e lideran\u00e7as sociais \u2013 se mobilizam antes que o quadro cr\u00edtico saia completamente do controle e tenhamos v\u00edtimas a socorrer ou reste apenas a op\u00e7\u00e3o de lament\u00e1-las\u2026<\/p>\n\n\n\n<p>Tenente Dirceu Cardoso Gon\u00e7alves &#8211; dirigente da ASPOMIL (Associa\u00e7\u00e3o de Assist. Social dos Policiais Militares de S\u00e3o Paulo).<\/p>\n","protected":false},"excerpt":{"rendered":"<p>Repentinamente, sem imaginar que marchavam para esse estado de coisas, vemos o nosso Pa\u00eds tornar-se&#8230;<\/p>\n","protected":false},"author":1,"featured_media":23327,"comment_status":"open","ping_status":"open","sticky":false,"template":"","format":"standard","meta":{"footnotes":""},"categories":[2],"tags":[],"featured_image_urls":{"full":["https:\/\/novosaopaulo.com.br\/n1\/wp-content\/uploads\/2025\/04\/Tenente-Dirceu-Cardoso-Goncalves.jpg",600,564,false],"thumbnail":["https:\/\/novosaopaulo.com.br\/n1\/wp-content\/uploads\/2025\/04\/Tenente-Dirceu-Cardoso-Goncalves-150x150.jpg",150,150,true],"medium":["https:\/\/novosaopaulo.com.br\/n1\/wp-content\/uploads\/2025\/04\/Tenente-Dirceu-Cardoso-Goncalves-300x282.jpg",300,282,true],"medium_large":["https:\/\/novosaopaulo.com.br\/n1\/wp-content\/uploads\/2025\/04\/Tenente-Dirceu-Cardoso-Goncalves.jpg",600,564,false],"large":["https:\/\/novosaopaulo.com.br\/n1\/wp-content\/uploads\/2025\/04\/Tenente-Dirceu-Cardoso-Goncalves.jpg",600,564,false],"1536x1536":["https:\/\/novosaopaulo.com.br\/n1\/wp-content\/uploads\/2025\/04\/Tenente-Dirceu-Cardoso-Goncalves.jpg",600,564,false],"2048x2048":["https:\/\/novosaopaulo.com.br\/n1\/wp-content\/uploads\/2025\/04\/Tenente-Dirceu-Cardoso-Goncalves.jpg",600,564,false],"newsever-slider-full":["https:\/\/novosaopaulo.com.br\/n1\/wp-content\/uploads\/2025\/04\/Tenente-Dirceu-Cardoso-Goncalves.jpg",600,564,false],"newsever-featured":["https:\/\/novosaopaulo.com.br\/n1\/wp-content\/uploads\/2025\/04\/Tenente-Dirceu-Cardoso-Goncalves.jpg",600,564,false],"newsever-medium":["https:\/\/novosaopaulo.com.br\/n1\/wp-content\/uploads\/2025\/04\/Tenente-Dirceu-Cardoso-Goncalves-600x475.jpg",600,475,true]},"author_info":{"display_name":"Reda\u00e7\u00e3o","author_link":"https:\/\/novosaopaulo.com.br\/n1\/author\/g5poa\/"},"category_info":"<a href=\"https:\/\/novosaopaulo.com.br\/n1\/category\/cidades\/\" rel=\"category tag\">Cidades<\/a>","tag_info":"Cidades","comment_count":"0","_links":{"self":[{"href":"https:\/\/novosaopaulo.com.br\/n1\/wp-json\/wp\/v2\/posts\/24275"}],"collection":[{"href":"https:\/\/novosaopaulo.com.br\/n1\/wp-json\/wp\/v2\/posts"}],"about":[{"href":"https:\/\/novosaopaulo.com.br\/n1\/wp-json\/wp\/v2\/types\/post"}],"author":[{"embeddable":true,"href":"https:\/\/novosaopaulo.com.br\/n1\/wp-json\/wp\/v2\/users\/1"}],"replies":[{"embeddable":true,"href":"https:\/\/novosaopaulo.com.br\/n1\/wp-json\/wp\/v2\/comments?post=24275"}],"version-history":[{"count":1,"href":"https:\/\/novosaopaulo.com.br\/n1\/wp-json\/wp\/v2\/posts\/24275\/revisions"}],"predecessor-version":[{"id":24276,"href":"https:\/\/novosaopaulo.com.br\/n1\/wp-json\/wp\/v2\/posts\/24275\/revisions\/24276"}],"wp:featuredmedia":[{"embeddable":true,"href":"https:\/\/novosaopaulo.com.br\/n1\/wp-json\/wp\/v2\/media\/23327"}],"wp:attachment":[{"href":"https:\/\/novosaopaulo.com.br\/n1\/wp-json\/wp\/v2\/media?parent=24275"}],"wp:term":[{"taxonomy":"category","embeddable":true,"href":"https:\/\/novosaopaulo.com.br\/n1\/wp-json\/wp\/v2\/categories?post=24275"},{"taxonomy":"post_tag","embeddable":true,"href":"https:\/\/novosaopaulo.com.br\/n1\/wp-json\/wp\/v2\/tags?post=24275"}],"curies":[{"name":"wp","href":"https:\/\/api.w.org\/{rel}","templated":true}]}}