{"id":24265,"date":"2025-06-04T23:56:15","date_gmt":"2025-06-05T02:56:15","guid":{"rendered":"https:\/\/novosaopaulo.com.br\/n1\/?p=24265"},"modified":"2025-06-04T23:56:16","modified_gmt":"2025-06-05T02:56:16","slug":"arraia-para-todas-as-idades-festas-juninas-movimentam-municipios-das-regioes-de-aracatubamarilia-e-itapeva","status":"publish","type":"post","link":"https:\/\/novosaopaulo.com.br\/n1\/arraia-para-todas-as-idades-festas-juninas-movimentam-municipios-das-regioes-de-aracatubamarilia-e-itapeva\/","title":{"rendered":"Arrai\u00e1 para todas as idades: festas juninas movimentam munic\u00edpios das regi\u00f5es de Ara\u00e7atuba,Mar\u00edlia e Itapeva"},"content":{"rendered":"\n<p>M\u00fasica e gastronomia movimentam as festas juninas de Sud Mennucci (foto: Pref. Sud Mennucci \/ divulga\u00e7\u00e3o)<\/p>\n\n\n\n<p>Sud Mennucci, Gar\u00e7a e Taquarituba prepararam festejos para todo<\/p>\n\n\n\n<p>o m\u00eas de junho<\/p>\n\n\n\n<p>O m\u00eas de junho finalmente chegou e, com ele, o t\u00e3o esperado per\u00edodo de festas juninas. As comidas t\u00edpicas, as m\u00fasicas, as dan\u00e7as de quadrilha e todo o encantamento da \u00e9poca se espalham pelos munic\u00edpios paulistas e arrebatam cora\u00e7\u00f5es.<\/p>\n\n\n\n<p>De acordo com o Centro de Intelig\u00eancia da Economia do Turismo (CIET), ligado \u00e0 Secretaria de Turismo e Viagens do Estado de S\u00e3o Paulo (Setur-SP), as festas juninas devem atrair 520 mil turistas ao Estado de S\u00e3o Paulo este ano, de junho a agosto. Os gastos dos visitantes est\u00e3o estimados em R$ 389 milh\u00f5es em munic\u00edpios do litoral e interior paulista. Pensando nisso, a Setur-SP listou destinos das regi\u00f5es de Ara\u00e7atuba, Mar\u00edlia e Itapeva que promovem festas juninas, com arrai\u00e1s e programa\u00e7\u00f5es especiais. Confira:<\/p>\n\n\n\n<p>Sud Mennucci<\/p>\n\n\n\n<p>O munic\u00edpio de interesse tur\u00edstico de Sud Mennucci, na regi\u00e3o de Ara\u00e7atuba, preparou duas festas juninas para que os participantes cantem a plenos pulm\u00f5es que \u201cisso aqui t\u00e1 bom demais\u201d. A primeira \u00e9 a Festa Junina Sud Mennucci, que acontece nos dias 13 e 14 de junho, a partir das 20h, na Pra\u00e7a da Matriz de Sud Mennucci \u2013 Centro da Cidade.<\/p>\n\n\n\n<p>J\u00e1 nos dias 20 e 21 de junho, \u00e9 a vez da Festa Junina Bandeirantes D&#8217;Oeste, que acontece a partir das 20h, na Pra\u00e7a da Matriz de Sud Mennucci &#8211; Centro da Cidade. Est\u00e3o previstos shows, apresenta\u00e7\u00f5es de quadrilha junina e muito mais. Al\u00e9m disso, os visitantes tamb\u00e9m t\u00eam \u00e0 disposi\u00e7\u00e3o as barracas com artesanatos e op\u00e7\u00f5es gastron\u00f4micas, bem como a quermesse da igreja. As festas juninas s\u00e3o gratuitas e a expectativa \u00e9 que os eventos re\u00fanam 2 mil pessoas.<\/p>\n\n\n\n<p>Gar\u00e7a<\/p>\n\n\n\n<p>O munic\u00edpio de Gar\u00e7a, que faz parte da regi\u00e3o administrativa de Mar\u00edlia, ter\u00e1 uma ampla programa\u00e7\u00e3o de festa junina. Come\u00e7ando pelo 4\u00ba Arrai\u00e1 do Adrianita, festejo realizado pela Associa\u00e7\u00e3o dos Moradores do Jardim Adrianita, com o apoio da Prefeitura. O Arrai\u00e1 acontece de 6 a o de junho, no Parque Ecol\u00f3gico Jayme Nogueira Miranda, com apresenta\u00e7\u00f5es musicais de artistas do munic\u00edpio e da regi\u00e3o, al\u00e9m de parque de divers\u00f5es. O 4\u00ba Arrai\u00e1 do Adrianita contar\u00e1 com 1.200 m\u00b2 de \u00e1rea coberta na pra\u00e7a de alimenta\u00e7\u00e3o e dois bares com 200 m\u00b2, se consagrando como a maior edi\u00e7\u00e3o da festa at\u00e9 agora.<\/p>\n\n\n\n<p>Mas os festejos no munic\u00edpio n\u00e3o param por a\u00ed. Em Gar\u00e7a tamb\u00e9m acontece a 2\u00aa edi\u00e7\u00e3o do Arrai\u00e1 da APAE, um evento que une tradi\u00e7\u00e3o, solidariedade e divers\u00e3o. A festa acontece no dia 06 de junho, a partir das 18h, na sede da institui\u00e7\u00e3o. O Arrai\u00e1 contar\u00e1 com barracas de comidas t\u00edpicas, diversas atividades, como apresenta\u00e7\u00f5es de quadrilha e um show com o cantor Tozzetti. A entrada \u00e9 gratuita e toda a renda arrecadada com as vendas durante o evento ser\u00e1 destinada aos projetos sociais e educacionais desenvolvidos pela entidade.<\/p>\n\n\n\n<p>O munic\u00edpio de Gar\u00e7a ainda contar\u00e1 com uma terceira festa: a primeira edi\u00e7\u00e3o do Gar\u00e7aipira, uma festa junina in\u00e9dita que nasce com o objetivo de valorizar as tradi\u00e7\u00f5es populares e fortalecer o calend\u00e1rio de eventos do munic\u00edpio, de 27 a 29 de junho, no Lago Artificial J.K. Williams, um dos cart\u00f5es-postais de Gar\u00e7a.<\/p>\n\n\n\n<p>Durante os tr\u00eas dias de evento, est\u00e3o previstos shows musicais com repert\u00f3rio tradicional e tem\u00e1tico, bem como apresenta\u00e7\u00f5es de forr\u00f3, sertanejo e m\u00fasica caipira, al\u00e9m de performances de grupos locais. Ainda haver\u00e1 barracas de comidas t\u00edpicas, onde os visitantes poder\u00e3o experimentar pamonha, milho verde, canjica, bolo de fub\u00e1, curau, quent\u00e3o, espetinhos e muito mais. Tudo isso em um ambiente decorado com bandeirinhas, fogueira cenogr\u00e1fica e outros elementos que remetem ao clima de arrai\u00e1.<\/p>\n\n\n\n<p>Um dos momentos mais aguardados do Gar\u00e7aipira ser\u00e1 o Casamento Caipira, uma encena\u00e7\u00e3o tradicional e divertida que promete animar o p\u00fablico com m\u00fasica, figurinos e humor caracter\u00edstico das festas juninas. A entrada no evento \u00e9 gratuita e o Gar\u00e7aipira tem atra\u00e7\u00f5es para toda a fam\u00edlia.<\/p>\n\n\n\n<p>Taquarituba<\/p>\n\n\n\n<p>O munic\u00edpio de Taquarituba, na regi\u00e3o administrativa de Itapeva, realizar\u00e1 o Arrai\u00e1 do Taquari, nos dias 06 e 07 de junho, no Centro de Eventos Louren\u00e7o Cust\u00f3dio. Neste ano, haver\u00e1 uma parceria especial com todas as entidades e escolas do munic\u00edpio, al\u00e9m da Feira da Lua. O Arrai\u00e1 do Taquari \u00e9 um evento gratuito, organizado pela Coordenadoria Municipal da Cultura, com o apoio da Prefeitura Municipal de Taquarituba.<\/p>\n","protected":false},"excerpt":{"rendered":"<p>M\u00fasica e gastronomia movimentam as festas juninas de Sud Mennucci (foto: Pref. Sud Mennucci \/&#8230;<\/p>\n","protected":false},"author":1,"featured_media":24266,"comment_status":"open","ping_status":"open","sticky":false,"template":"","format":"standard","meta":{"footnotes":""},"categories":[2],"tags":[],"featured_image_urls":{"full":["https:\/\/novosaopaulo.com.br\/n1\/wp-content\/uploads\/2025\/06\/WhatsApp-Image-2025-06-04-at-15.58.31.jpeg",800,530,false],"thumbnail":["https:\/\/novosaopaulo.com.br\/n1\/wp-content\/uploads\/2025\/06\/WhatsApp-Image-2025-06-04-at-15.58.31-150x150.jpeg",150,150,true],"medium":["https:\/\/novosaopaulo.com.br\/n1\/wp-content\/uploads\/2025\/06\/WhatsApp-Image-2025-06-04-at-15.58.31-300x199.jpeg",300,199,true],"medium_large":["https:\/\/novosaopaulo.com.br\/n1\/wp-content\/uploads\/2025\/06\/WhatsApp-Image-2025-06-04-at-15.58.31-768x509.jpeg",640,424,true],"large":["https:\/\/novosaopaulo.com.br\/n1\/wp-content\/uploads\/2025\/06\/WhatsApp-Image-2025-06-04-at-15.58.31.jpeg",640,424,false],"1536x1536":["https:\/\/novosaopaulo.com.br\/n1\/wp-content\/uploads\/2025\/06\/WhatsApp-Image-2025-06-04-at-15.58.31.jpeg",800,530,false],"2048x2048":["https:\/\/novosaopaulo.com.br\/n1\/wp-content\/uploads\/2025\/06\/WhatsApp-Image-2025-06-04-at-15.58.31.jpeg",800,530,false],"newsever-slider-full":["https:\/\/novosaopaulo.com.br\/n1\/wp-content\/uploads\/2025\/06\/WhatsApp-Image-2025-06-04-at-15.58.31.jpeg",800,530,false],"newsever-featured":["https:\/\/novosaopaulo.com.br\/n1\/wp-content\/uploads\/2025\/06\/WhatsApp-Image-2025-06-04-at-15.58.31.jpeg",800,530,false],"newsever-medium":["https:\/\/novosaopaulo.com.br\/n1\/wp-content\/uploads\/2025\/06\/WhatsApp-Image-2025-06-04-at-15.58.31-720x475.jpeg",720,475,true]},"author_info":{"display_name":"Reda\u00e7\u00e3o","author_link":"https:\/\/novosaopaulo.com.br\/n1\/author\/g5poa\/"},"category_info":"<a href=\"https:\/\/novosaopaulo.com.br\/n1\/category\/cidades\/\" rel=\"category tag\">Cidades<\/a>","tag_info":"Cidades","comment_count":"0","_links":{"self":[{"href":"https:\/\/novosaopaulo.com.br\/n1\/wp-json\/wp\/v2\/posts\/24265"}],"collection":[{"href":"https:\/\/novosaopaulo.com.br\/n1\/wp-json\/wp\/v2\/posts"}],"about":[{"href":"https:\/\/novosaopaulo.com.br\/n1\/wp-json\/wp\/v2\/types\/post"}],"author":[{"embeddable":true,"href":"https:\/\/novosaopaulo.com.br\/n1\/wp-json\/wp\/v2\/users\/1"}],"replies":[{"embeddable":true,"href":"https:\/\/novosaopaulo.com.br\/n1\/wp-json\/wp\/v2\/comments?post=24265"}],"version-history":[{"count":1,"href":"https:\/\/novosaopaulo.com.br\/n1\/wp-json\/wp\/v2\/posts\/24265\/revisions"}],"predecessor-version":[{"id":24267,"href":"https:\/\/novosaopaulo.com.br\/n1\/wp-json\/wp\/v2\/posts\/24265\/revisions\/24267"}],"wp:featuredmedia":[{"embeddable":true,"href":"https:\/\/novosaopaulo.com.br\/n1\/wp-json\/wp\/v2\/media\/24266"}],"wp:attachment":[{"href":"https:\/\/novosaopaulo.com.br\/n1\/wp-json\/wp\/v2\/media?parent=24265"}],"wp:term":[{"taxonomy":"category","embeddable":true,"href":"https:\/\/novosaopaulo.com.br\/n1\/wp-json\/wp\/v2\/categories?post=24265"},{"taxonomy":"post_tag","embeddable":true,"href":"https:\/\/novosaopaulo.com.br\/n1\/wp-json\/wp\/v2\/tags?post=24265"}],"curies":[{"name":"wp","href":"https:\/\/api.w.org\/{rel}","templated":true}]}}