{"id":24253,"date":"2025-06-04T15:47:01","date_gmt":"2025-06-04T18:47:01","guid":{"rendered":"https:\/\/novosaopaulo.com.br\/n1\/?p=24253"},"modified":"2025-06-04T15:47:02","modified_gmt":"2025-06-04T18:47:02","slug":"na-semana-do-meio-ambiente-prefeitura-anuncia-mais-areas-verdes-com-bosques-urbanos-e-jardins-de-chuva","status":"publish","type":"post","link":"https:\/\/novosaopaulo.com.br\/n1\/na-semana-do-meio-ambiente-prefeitura-anuncia-mais-areas-verdes-com-bosques-urbanos-e-jardins-de-chuva\/","title":{"rendered":"Na Semana do Meio Ambiente, Prefeitura anuncia mais \u00e1reas verdes com bosques urbanos e jardins de chuva"},"content":{"rendered":"\n<p>At\u00e9 2028, cidade ter\u00e1 50 mini-florestas e 1.000 terrenos destinadas a aumentar o escoamento da \u00e1gua da chuva pelo solo<\/p>\n\n\n\n<p>O prefeito Ricardo Nunes anunciou nesta quarta-feira (4) a implanta\u00e7\u00e3o de mais 20 bosques urbanos e 100 jardins de chuva, iniciativas para tornar a cidade mais verde e sustent\u00e1vel. Como uma forma de celebrar o avan\u00e7o desta importante pol\u00edtica, tamb\u00e9m foi feito o plantio de 100 \u00e1rvores e dois transplantes no Bosque Maritacas, no Parque D. Pedro, no Centro da cidade, al\u00e9m da inaugura\u00e7\u00e3o da trilha ecol\u00f3gica no local. At\u00e9 2028, a cidade ter\u00e1 50 bosques urbanos e 1.000 jardins de chuva.<br>Ao anunciar as medidas, o prefeito ressaltou a import\u00e2ncia das a\u00e7\u00f5es da Prefeitura na Semana do Meio Ambiente. \u201cJ\u00e1 temos dez bosques urbanos implantados, estamos lan\u00e7ando hoje o in\u00edcio das implanta\u00e7\u00e3o de mais 20 e teremos 50 bosques urbanos neste mandato. Al\u00e9m das outras a\u00e7\u00f5es, como 120 mil \u00e1rvores que ser\u00e3o plantadas este ano, a substitui\u00e7\u00e3o dos \u00f4nibus a diesel por \u00f4nibus n\u00e3o poluentes, as a\u00e7\u00f5es que a gente tem feito de amplia\u00e7\u00e3o de \u00e1rea de cobertura vegetal, amplia\u00e7\u00e3o de \u00e1reas de mata p\u00fablica, que a gente vai chegar em 26% de todo o territ\u00f3rio da cidade, hoje j\u00e1 temos 15%\u201d, disse Nunes, lembrando que o Dia Internacional do Meio Ambiente \u00e9 comemorado nesta quinta-feira (5).<br>O prefeito acompanhou tamb\u00e9m o transplante de duas \u00e1rvores adultas, uma pitangueira e chal-chal, retiradas da \u00e1rea onde est\u00e1 sendo constru\u00eddo o reservat\u00f3rio da Mooca, na Zona Leste. \u201cEssa \u00e9 uma \u00e1rvore que seria cortada numa obra nossa na Mooca, onde estamos fazendo o piscin\u00e3o para conter as enchentes. A Prefeitura de S\u00e3o Paulo est\u00e1 usando essa metodologia de transplantar, ou seja, tirar a \u00e1rvore com toda a tecnologia e trazer essa \u00e1rvore para c\u00e1. Ent\u00e3o a gente vai evitar muitos cortes e vamos continuar plantando \u00e1rvores\u201d, explicou.<br>Primeiro bosque urbano da cidade, o Bosque das Maritacas foi inaugurado em 2019, tem 3.600 m\u00b2 e j\u00e1 recebeu 21 \u00e1rvores transplantadas do Anhangaba\u00fa, como as das esp\u00e9cies jeriv\u00e1s, pau-brasil e jabuticabeira. \u201cO Maritacas \u00e9 o exemplo do futuro que teremos com os pr\u00f3ximos plantios nessas \u00e1reas reservadas. At\u00e9 2028 vamos fazer 40 novos bosques, uma estrat\u00e9gia de S\u00e3o Paulo para lidar com as mudan\u00e7as clim\u00e1ticas\u201d, destacou o secret\u00e1rio municipal de Subprefeituras, Fabricio Cobra.<br>Os bosques urbanos s\u00e3o fechados para visita\u00e7\u00e3o, mas no caso do Maritacas, pode receber visitas com uma fun\u00e7\u00e3o educacional. \u201cUm detalhe bastante importante \u00e9 que em alguns desses bosques urbanos estamos colocando trilhas para as crian\u00e7as da rede municipal de educa\u00e7\u00e3o poderem fazer suas atividades, interagir com o meio ambiente, plantar \u00e1rvores, como est\u00e1 acontecendo aqui hoje com com crian\u00e7as de algumas escolas, portanto, interagindo e vivenciando a import\u00e2ncia dessas quest\u00f5es da sustentabilidade e do meio ambiente\u201d, detalhou o prefeito.<br>Os bosques urbanos s\u00e3o \u00e1reas p\u00fablicas transformadas em pequenas florestas para ampliar a permeabilidade do solo, reconstituir habitats naturais, recuperar ecossistemas, aumentar a cobertura vegetal, preservar a flora e fauna da cidade de S\u00e3o Paulo, al\u00e9m de promover a melhora da qualidade de vida da popula\u00e7\u00e3o.<br>Eles funcionam como \u201cpulm\u00f5es\u201d da cidade, contribuindo para a diminui\u00e7\u00e3o da polui\u00e7\u00e3o do ar ao transformar parte do g\u00e1s carb\u00f4nico em oxig\u00eanio. O CO2 \u00e9 um dos respons\u00e1veis pelo aquecimento global. A cada sete \u00e1rvores \u00e9 poss\u00edvel sequestrar uma tonelada de carbono nos seus primeiros 20 anos de idade. Entre os exemplares arb\u00f3reos escolhidos est\u00e3o: ip\u00eas, guajuvira, guanandi e mirindiba rosa.<br>Novos bosques<br>Os terrenos para os novos bosques j\u00e1 foram selecionados e parte est\u00e1 em processo de licita\u00e7\u00e3o. O investimento estimado \u00e9 de R$ 10,2 milh\u00f5es e ocupar\u00e3o uma \u00e1rea total de aproximadamente 56 mil metros quadrados, com o plantio de 3.839 \u00e1rvores. Essas \u00e1reas verdes ser\u00e3o implantadas em regi\u00f5es como as das pontes do Lim\u00e3o, J\u00e2nio Quadros, Casa Verde e Vila Guilherme, todas ao longo da Marginal Tiet\u00ea, em continuidade ao Corredor Verde da cidade.<br>O destaque fica para o Bosque Anu, na Ponte J\u00e2nio Quadros, com \u00e1rea de quase 9 mil metros quadrados e investimento de R$ 1,13 milh\u00e3o, e o Bosque Ema, na Ponte Casa Verde, com 7 mil metros quadrados e 350 \u00e1rvores previstas. Endere\u00e7os com hist\u00f3rico de descarte irregular de lixo tamb\u00e9m ser\u00e3o convertidos em espa\u00e7os de reflorestamento urbano.<br>Entre as esp\u00e9cies de \u00e1rvores nativas que ser\u00e3o plantadas est\u00e3o o Guanandi, Ip\u00ea Verde, Pau Viola, Uvaia, Pitangueira, Jacarand\u00e1 de Minas, Carobinha, Falso Barbatim\u00e3o, Ing\u00e1-Feij\u00e3o e Manac\u00e1 da Serra.<br>Jardins de chuva<br>Enquanto os bosques ampliam a cobertura arb\u00f3rea da cidade, os jardins de chuva ajudam a reduzir alagamentos por meio de solu\u00e7\u00f5es de drenagem sustent\u00e1vel. Com investimento de R$ 2,3 milh\u00f5es, os 100 novos jardins ser\u00e3o distribu\u00eddos em regi\u00f5es com hist\u00f3rico de alagamentos, como nas das subprefeituras da S\u00e9, que receber\u00e1 42 unidades; Mooca, com 21; Santana, com 11; e Freguesia do \u00d3, com 10. As demais unidades estar\u00e3o localizadas no Butant\u00e3, Ipiranga, Lapa, Pinheiros, Penha, Santo Amaro e Vila Maria.<br>Os jardins de chuva funcionam como filtros naturais, permitindo que parte da \u00e1gua da chuva infiltre no solo, diminuindo a carga sobre o sistema de drenagem urbana. Com essas novas unidades, a cidade se aproxima da meta de 1.000 jardins at\u00e9 2028. Atualmente, j\u00e1 s\u00e3o 420 jardins de chuva, que incluem outras interven\u00e7\u00f5es como po\u00e7os de infiltra\u00e7\u00e3o, biovaletas e vagas verdes. Em 2017, S\u00e3o Paulo contava com apenas 23 jardins de chuva.<\/p>\n","protected":false},"excerpt":{"rendered":"<p>At\u00e9 2028, cidade ter\u00e1 50 mini-florestas e 1.000 terrenos destinadas a aumentar o escoamento da&#8230;<\/p>\n","protected":false},"author":1,"featured_media":24254,"comment_status":"open","ping_status":"open","sticky":false,"template":"","format":"standard","meta":{"footnotes":""},"categories":[34],"tags":[],"featured_image_urls":{"full":["https:\/\/novosaopaulo.com.br\/n1\/wp-content\/uploads\/2025\/06\/WhatsApp-Image-2025-06-04-at-15.02.28.jpeg",560,420,false],"thumbnail":["https:\/\/novosaopaulo.com.br\/n1\/wp-content\/uploads\/2025\/06\/WhatsApp-Image-2025-06-04-at-15.02.28-150x150.jpeg",150,150,true],"medium":["https:\/\/novosaopaulo.com.br\/n1\/wp-content\/uploads\/2025\/06\/WhatsApp-Image-2025-06-04-at-15.02.28-300x225.jpeg",300,225,true],"medium_large":["https:\/\/novosaopaulo.com.br\/n1\/wp-content\/uploads\/2025\/06\/WhatsApp-Image-2025-06-04-at-15.02.28.jpeg",560,420,false],"large":["https:\/\/novosaopaulo.com.br\/n1\/wp-content\/uploads\/2025\/06\/WhatsApp-Image-2025-06-04-at-15.02.28.jpeg",560,420,false],"1536x1536":["https:\/\/novosaopaulo.com.br\/n1\/wp-content\/uploads\/2025\/06\/WhatsApp-Image-2025-06-04-at-15.02.28.jpeg",560,420,false],"2048x2048":["https:\/\/novosaopaulo.com.br\/n1\/wp-content\/uploads\/2025\/06\/WhatsApp-Image-2025-06-04-at-15.02.28.jpeg",560,420,false],"newsever-slider-full":["https:\/\/novosaopaulo.com.br\/n1\/wp-content\/uploads\/2025\/06\/WhatsApp-Image-2025-06-04-at-15.02.28.jpeg",560,420,false],"newsever-featured":["https:\/\/novosaopaulo.com.br\/n1\/wp-content\/uploads\/2025\/06\/WhatsApp-Image-2025-06-04-at-15.02.28.jpeg",560,420,false],"newsever-medium":["https:\/\/novosaopaulo.com.br\/n1\/wp-content\/uploads\/2025\/06\/WhatsApp-Image-2025-06-04-at-15.02.28.jpeg",560,420,false]},"author_info":{"display_name":"Reda\u00e7\u00e3o","author_link":"https:\/\/novosaopaulo.com.br\/n1\/author\/g5poa\/"},"category_info":"<a href=\"https:\/\/novosaopaulo.com.br\/n1\/category\/alto-tiete\/\" rel=\"category tag\">Alto Tiet\u00ea<\/a>","tag_info":"Alto Tiet\u00ea","comment_count":"0","_links":{"self":[{"href":"https:\/\/novosaopaulo.com.br\/n1\/wp-json\/wp\/v2\/posts\/24253"}],"collection":[{"href":"https:\/\/novosaopaulo.com.br\/n1\/wp-json\/wp\/v2\/posts"}],"about":[{"href":"https:\/\/novosaopaulo.com.br\/n1\/wp-json\/wp\/v2\/types\/post"}],"author":[{"embeddable":true,"href":"https:\/\/novosaopaulo.com.br\/n1\/wp-json\/wp\/v2\/users\/1"}],"replies":[{"embeddable":true,"href":"https:\/\/novosaopaulo.com.br\/n1\/wp-json\/wp\/v2\/comments?post=24253"}],"version-history":[{"count":1,"href":"https:\/\/novosaopaulo.com.br\/n1\/wp-json\/wp\/v2\/posts\/24253\/revisions"}],"predecessor-version":[{"id":24255,"href":"https:\/\/novosaopaulo.com.br\/n1\/wp-json\/wp\/v2\/posts\/24253\/revisions\/24255"}],"wp:featuredmedia":[{"embeddable":true,"href":"https:\/\/novosaopaulo.com.br\/n1\/wp-json\/wp\/v2\/media\/24254"}],"wp:attachment":[{"href":"https:\/\/novosaopaulo.com.br\/n1\/wp-json\/wp\/v2\/media?parent=24253"}],"wp:term":[{"taxonomy":"category","embeddable":true,"href":"https:\/\/novosaopaulo.com.br\/n1\/wp-json\/wp\/v2\/categories?post=24253"},{"taxonomy":"post_tag","embeddable":true,"href":"https:\/\/novosaopaulo.com.br\/n1\/wp-json\/wp\/v2\/tags?post=24253"}],"curies":[{"name":"wp","href":"https:\/\/api.w.org\/{rel}","templated":true}]}}