{"id":24250,"date":"2025-06-04T14:13:24","date_gmt":"2025-06-04T17:13:24","guid":{"rendered":"https:\/\/novosaopaulo.com.br\/n1\/?p=24250"},"modified":"2025-06-04T14:13:25","modified_gmt":"2025-06-04T17:13:25","slug":"estudios-rtv-preparam-cobertura-especial-da-entrada-dos-palmitos-neste-sabado-7-06-a-partir-das-8h-com-transmissao-ao-vivo-no-youtube","status":"publish","type":"post","link":"https:\/\/novosaopaulo.com.br\/n1\/estudios-rtv-preparam-cobertura-especial-da-entrada-dos-palmitos-neste-sabado-7-06-a-partir-das-8h-com-transmissao-ao-vivo-no-youtube\/","title":{"rendered":"Est\u00fadios RTV preparam cobertura especial da Entrada dos Palmitos neste s\u00e1bado (7\/06) a partir das 8h com transmiss\u00e3o ao vivo no YouTube"},"content":{"rendered":"\n<p>Em mais um momento hist\u00f3rico para a f\u00e9, a tradi\u00e7\u00e3o e o jornalismo regional, os Est\u00fadios RTV realizam neste s\u00e1bado (7\/06) uma cobertura especial e ao vivo da tradicional Entrada dos Palmitos, dentro da programa\u00e7\u00e3o da Festa do Divino Esp\u00edrito Santo de Mogi das Cruzes. A transmiss\u00e3o ser\u00e1 feita a partir das 8 horas da manh\u00e3 pelo canal oficial dos Est\u00fadios RTV no YouTube, com uma grande estrutura de produ\u00e7\u00e3o e um time experiente no comando da cobertura.<\/p>\n\n\n\n<p>A apresenta\u00e7\u00e3o ser\u00e1 conduzida pelo renomado jornalista Darwin Valente, que acompanha a festa h\u00e1 mais de 50 anos, com os coment\u00e1rios do professor Josemir Campos, estudioso e profundo conhecedor da hist\u00f3ria da Festa do Divino, al\u00e9m de ex-coordenador do pr\u00f3prio cortejo da Entrada dos Palmitos. As reportagens ser\u00e3o feitas pela jornalista Marilei Schiavi e pela equipe dos Est\u00fadios RTV, com apoio de Pedro Miranda.<\/p>\n\n\n\n<p>\u201cPretendemos fazer uma grande cobertura que vai se transformar em um document\u00e1rio sobre esse momento de f\u00e9 e devo\u00e7\u00e3o da festa com o cortejo da Entrada dos Palmitos\u201d, destacou o presidente dos Est\u00fadios RTV, M\u00e1rio Theo Magalh\u00e3es, que coordena a equipe de produ\u00e7\u00e3o, cinegrafistas e profissionais envolvidos na transmiss\u00e3o.<\/p>\n\n\n\n<p>Com mais de 20 profissionais envolvidos, entre cinegrafistas, produtores, t\u00e9cnicos, jornalistas e diretores de imagem, os Est\u00fadios RTV v\u00e3o registrar todos os detalhes do cortejo, com imagens exclusivas, entrevistas ao vivo, bastidores e depoimentos emocionantes de participantes e devotos.<\/p>\n\n\n\n<p>O cortejo da Entrada dos Palmitos est\u00e1 previsto para come\u00e7ar \u00e0s 9 horas, com sa\u00edda da Rua Dr. Ricardo Vilela. O tradicional desfile, que resgata a vida rural e o agradecimento pelas colheitas, reunir\u00e1 centenas de cavaleiros, carro\u00e7as, romeiros, grupos folcl\u00f3ricos, congadas, devotos, festeiros e volunt\u00e1rios da Festa do Divino. O trajeto segue at\u00e9 a Catedral de Santana, onde os participantes s\u00e3o recebidos com alegria e emo\u00e7\u00e3o em um dos momentos mais aguardados da celebra\u00e7\u00e3o religiosa.<\/p>\n\n\n\n<p>Al\u00e9m da transmiss\u00e3o ao vivo, a cobertura da RTV tamb\u00e9m vai integrar a produ\u00e7\u00e3o de um document\u00e1rio especial que ser\u00e1 lan\u00e7ado futuramente no canal, valorizando a cultura, a religiosidade e a identidade do povo mogiano.<\/p>\n\n\n\n<p>A uni\u00e3o da experi\u00eancia jornal\u00edstica de Darwin Valente com a vis\u00e3o hist\u00f3rica do professor Josemir Campos, somada \u00e0 presen\u00e7a marcante de Marilei Schiavi e ao trabalho t\u00e9cnico da equipe RTV, promete entregar ao p\u00fablico uma cobertura informativa, emocionante e inesquec\u00edvel \u2014 \u00e0 altura da grandiosidade da Festa do Divino de Mogi das Cruzes.<\/p>\n\n\n\n<p>Reconhecimento hist\u00f3rico: Festa do Divino caminha para se tornar Patrim\u00f4nio Cultural Imaterial do Brasil<\/p>\n\n\n\n<p>A transmiss\u00e3o deste s\u00e1bado acontece em um momento ainda mais especial: a Festa do Divino de Mogi das Cruzes caminha para ser reconhecida como Patrim\u00f4nio Cultural Imaterial do Brasil pelo IPHAN (Instituto do Patrim\u00f4nio Hist\u00f3rico e Art\u00edstico Nacional).<\/p>\n\n\n\n<p>O bispo diocesano Dom Pedro Luiz Stringhini comentou sobre a import\u00e2ncia dessa conquista para a cidade e para a tradi\u00e7\u00e3o centen\u00e1ria da festa. \u201cEstamos com a equipe do IPHAN acompanhando a nossa festa para que possamos nos transformar em Patrim\u00f4nio Cultural Imaterial do Brasil. A Festa do Divino de Mogi \u00e9 a express\u00e3o mais viva da f\u00e9 do nosso povo. Este \u00e9 um momento de grande expectativa para toda a cidade\u201d, destacou,<\/p>\n\n\n\n<p>A documenta\u00e7\u00e3o foi organizada pela Diocese de Mogi das Cruzes e pela Associa\u00e7\u00e3o Pr\u00f3-Festa do Divino, com apoio t\u00e9cnico do Centro de Estudos da Cultura Popular (CECP) de S\u00e3o Jos\u00e9 dos Campos. O dossi\u00ea entregue ao IPHAN inclui depoimentos, registros, anu\u00eancias e um invent\u00e1rio detalhado de publica\u00e7\u00f5es, cumprindo todas as exig\u00eancias para o reconhecimento.<\/p>\n\n\n\n<p>A candidatura tem o apoio de representantes da sociedade civil, liderada por volunt\u00e1rios, e tem como objetivo garantir a preserva\u00e7\u00e3o da ess\u00eancia da festa, incluindo suas manifesta\u00e7\u00f5es religiosas, culturais, culin\u00e1rias e folcl\u00f3ricas.<\/p>\n\n\n\n<p>Entre as autoridades que tamb\u00e9m estar\u00e3o presentes na Entrada dos Palmitos est\u00e3o a prefeita Mara Bertaiolli, o vice-prefeito T\u00e9o Cusatis, o presidente da C\u00e2mara Municipal Francim\u00e1rio Vieira, o Farofa, e o conselheiro do Tribunal de Contas e ex-prefeito Marco Bertaiolli, al\u00e9m de v\u00e1rias personalidades importantes do Alto Tiet\u00ea.<\/p>\n\n\n\n<p>Com mais de quatro s\u00e9culos de hist\u00f3ria, a Festa do Divino de Mogi \u00e9 considerada a maior celebra\u00e7\u00e3o em louvor ao Esp\u00edrito Santo no Brasil, e acontece anualmente no per\u00edodo de Pentecostes.<\/p>\n\n\n\n<p>A cobertura dos Est\u00fadios RTV neste s\u00e1bado, al\u00e9m de emocionar e informar, refor\u00e7a o valor cultural e espiritual desta tradi\u00e7\u00e3o \u2014 agora, com a esperan\u00e7a de um reconhecimento nacional que eternize a for\u00e7a da devo\u00e7\u00e3o mogiana.<\/p>\n","protected":false},"excerpt":{"rendered":"<p>Em mais um momento hist\u00f3rico para a f\u00e9, a tradi\u00e7\u00e3o e o jornalismo regional, os&#8230;<\/p>\n","protected":false},"author":1,"featured_media":24251,"comment_status":"open","ping_status":"open","sticky":false,"template":"","format":"standard","meta":{"footnotes":""},"categories":[34],"tags":[],"featured_image_urls":{"full":["https:\/\/novosaopaulo.com.br\/n1\/wp-content\/uploads\/2025\/06\/maxresdefault.jpg",1280,720,false],"thumbnail":["https:\/\/novosaopaulo.com.br\/n1\/wp-content\/uploads\/2025\/06\/maxresdefault-150x150.jpg",150,150,true],"medium":["https:\/\/novosaopaulo.com.br\/n1\/wp-content\/uploads\/2025\/06\/maxresdefault-300x169.jpg",300,169,true],"medium_large":["https:\/\/novosaopaulo.com.br\/n1\/wp-content\/uploads\/2025\/06\/maxresdefault-768x432.jpg",640,360,true],"large":["https:\/\/novosaopaulo.com.br\/n1\/wp-content\/uploads\/2025\/06\/maxresdefault-1024x576.jpg",640,360,true],"1536x1536":["https:\/\/novosaopaulo.com.br\/n1\/wp-content\/uploads\/2025\/06\/maxresdefault.jpg",1280,720,false],"2048x2048":["https:\/\/novosaopaulo.com.br\/n1\/wp-content\/uploads\/2025\/06\/maxresdefault.jpg",1280,720,false],"newsever-slider-full":["https:\/\/novosaopaulo.com.br\/n1\/wp-content\/uploads\/2025\/06\/maxresdefault.jpg",1280,720,false],"newsever-featured":["https:\/\/novosaopaulo.com.br\/n1\/wp-content\/uploads\/2025\/06\/maxresdefault-1024x576.jpg",1024,576,true],"newsever-medium":["https:\/\/novosaopaulo.com.br\/n1\/wp-content\/uploads\/2025\/06\/maxresdefault-720x475.jpg",720,475,true]},"author_info":{"display_name":"Reda\u00e7\u00e3o","author_link":"https:\/\/novosaopaulo.com.br\/n1\/author\/g5poa\/"},"category_info":"<a href=\"https:\/\/novosaopaulo.com.br\/n1\/category\/alto-tiete\/\" rel=\"category tag\">Alto Tiet\u00ea<\/a>","tag_info":"Alto Tiet\u00ea","comment_count":"0","_links":{"self":[{"href":"https:\/\/novosaopaulo.com.br\/n1\/wp-json\/wp\/v2\/posts\/24250"}],"collection":[{"href":"https:\/\/novosaopaulo.com.br\/n1\/wp-json\/wp\/v2\/posts"}],"about":[{"href":"https:\/\/novosaopaulo.com.br\/n1\/wp-json\/wp\/v2\/types\/post"}],"author":[{"embeddable":true,"href":"https:\/\/novosaopaulo.com.br\/n1\/wp-json\/wp\/v2\/users\/1"}],"replies":[{"embeddable":true,"href":"https:\/\/novosaopaulo.com.br\/n1\/wp-json\/wp\/v2\/comments?post=24250"}],"version-history":[{"count":1,"href":"https:\/\/novosaopaulo.com.br\/n1\/wp-json\/wp\/v2\/posts\/24250\/revisions"}],"predecessor-version":[{"id":24252,"href":"https:\/\/novosaopaulo.com.br\/n1\/wp-json\/wp\/v2\/posts\/24250\/revisions\/24252"}],"wp:featuredmedia":[{"embeddable":true,"href":"https:\/\/novosaopaulo.com.br\/n1\/wp-json\/wp\/v2\/media\/24251"}],"wp:attachment":[{"href":"https:\/\/novosaopaulo.com.br\/n1\/wp-json\/wp\/v2\/media?parent=24250"}],"wp:term":[{"taxonomy":"category","embeddable":true,"href":"https:\/\/novosaopaulo.com.br\/n1\/wp-json\/wp\/v2\/categories?post=24250"},{"taxonomy":"post_tag","embeddable":true,"href":"https:\/\/novosaopaulo.com.br\/n1\/wp-json\/wp\/v2\/tags?post=24250"}],"curies":[{"name":"wp","href":"https:\/\/api.w.org\/{rel}","templated":true}]}}