{"id":24241,"date":"2025-06-03T11:48:53","date_gmt":"2025-06-03T14:48:53","guid":{"rendered":"https:\/\/novosaopaulo.com.br\/n1\/?p=24241"},"modified":"2025-06-03T11:48:53","modified_gmt":"2025-06-03T14:48:53","slug":"cardeal-celebra-jubileu-de-esmeralda-de-monsenhor-dorival-40-anos-de-sacerdocio-com-fe-emocao-e-homenagens-em-mogi","status":"publish","type":"post","link":"https:\/\/novosaopaulo.com.br\/n1\/cardeal-celebra-jubileu-de-esmeralda-de-monsenhor-dorival-40-anos-de-sacerdocio-com-fe-emocao-e-homenagens-em-mogi\/","title":{"rendered":"Cardeal celebra Jubileu de Esmeralda de Monsenhor Dorival: 40 anos de sacerd\u00f3cio com f\u00e9, emo\u00e7\u00e3o e homenagens em Mogi"},"content":{"rendered":"\n<p>Em uma noite marcada pela f\u00e9, emo\u00e7\u00e3o e profunda espiritualidade, a Catedral de Santana, em Mogi das Cruzes, foi tomada por fi\u00e9is de toda a Diocese para celebrar um marco hist\u00f3rico: o Jubileu de Esmeralda do Monsenhor Dorival Aparecido de Moraes, pelos seus 40 anos de sacerd\u00f3cio. A Santa Missa, celebrada nesta segunda-feira (2\/06), tornou-se um verdadeiro testemunho de amor, entrega e miss\u00e3o.<\/p>\n\n\n\n<p>A celebra\u00e7\u00e3o solene foi presidida pelo Cardeal Dom Odilo Pedro Scherer, Arcebispo Metropolitano de S\u00e3o Paulo, e concelebrada pelo Bispo Diocesano Dom Pedro Luiz Stringhini, al\u00e9m de diversos padres que caminharam ao lado do Monsenhor Dorival ao longo dessas quatro d\u00e9cadas. A presen\u00e7a de tantos irm\u00e3os de f\u00e9 expressou o respeito, a amizade e a profunda admira\u00e7\u00e3o pelo sacerdote que marcou gera\u00e7\u00f5es.<\/p>\n\n\n\n<p>Durante a missa e os emocionantes momentos de homenagem, brilhou o testemunho de vida do Monsenhor Dorival \u2014 uma trajet\u00f3ria constru\u00edda com humildade, firmeza na f\u00e9 e um amor incondicional pelo povo de Deus. Os aplausos, as ora\u00e7\u00f5es e os olhos marejados dos presentes eram reflexo da gratid\u00e3o e do reconhecimento \u00e0 sua caminhada de luz.<\/p>\n\n\n\n<p>Dom Odilo destacou a import\u00e2ncia do Jubileu como s\u00edmbolo de miss\u00e3o cumprida: \u201c\u00c9 um momento muito especial para parabenizarmos o Monsenhor Dorival pelo trabalho realizado nestes 40 anos\u201d, disse, fazendo quest\u00e3o de presidir a celebra\u00e7\u00e3o. Dom Pedro relembrou o in\u00edcio do minist\u00e9rio sacerdotal de Monsenhor Dorival em Po\u00e1, sua atua\u00e7\u00e3o na Par\u00f3quia Sagrado Cora\u00e7\u00e3o de Jesus e o legado deixado na Catedral de Santana, que foi transformada sob sua lideran\u00e7a.<\/p>\n\n\n\n<p>Mais do que uma data, o Jubileu de Esmeralda representa uma hist\u00f3ria de doa\u00e7\u00e3o absoluta. E essa dedica\u00e7\u00e3o ultrapassou os limites da Igreja: na quarta-feira passada (28\/05), o Monsenhor Dorival foi homenageado na C\u00e2mara Municipal de Mogi das Cruzes com o T\u00edtulo de Honra ao M\u00e9rito.<\/p>\n\n\n\n<p>O vereador John Ross, autor da honraria, tamb\u00e9m esteve presente na celebra\u00e7\u00e3o e, em nome das autoridades, prestou uma calorosa homenagem: \u201cMuito obrigado, Monsenhor Dorival, por esses 40 anos de doa\u00e7\u00e3o, ora\u00e7\u00e3o e a\u00e7\u00e3o pelo povo de Deus. Que o Senhor o aben\u00e7oe e o conserve firme, como farol da f\u00e9 e esperan\u00e7a para todos n\u00f3s\u201d.<\/p>\n\n\n\n<p>A celebra\u00e7\u00e3o coincidiu com a novena da Festa do Divino Esp\u00edrito Santo de 2025, refor\u00e7ando ainda mais o simbolismo da noite. Entre os presentes estavam o festeiro Jo\u00e3o Pedro Mota e os Capit\u00e3es de Mastro, Lizandro Leonardo da Silva Corr\u00eaa e Patr\u00edcia Aparecida do Esp\u00edrito Santo Corr\u00eaa, al\u00e9m de dezenas de colaboradores e volunt\u00e1rios da festa.<\/p>\n\n\n\n<p>Em um dos momentos mais comoventes da celebra\u00e7\u00e3o, Monsenhor Dorival dirigiu-se \u00e0 comunidade com palavras carregadas de emo\u00e7\u00e3o e gratid\u00e3o. &#8220;Meu cora\u00e7\u00e3o transborda de gratid\u00e3o por tanta demonstra\u00e7\u00e3o de carinho e afeto por cada um de voc\u00eas que tem demonstrado por mim nesses quatro anos que estou \u00e0 frente da catedral e nesses 40 anos do meu minist\u00e9rio sacerdotal&#8221;, ressaltou.<\/p>\n\n\n\n<p>A noite foi um encontro inesquec\u00edvel marcado pela f\u00e9 e gratid\u00e3o. Que os 40 anos de sacerd\u00f3cio do Monsenhor Dorival continuem a iluminar caminhos, inspirando novas voca\u00e7\u00f5es e fortalecendo a presen\u00e7a viva de Deus entre n\u00f3s. Um Jubileu celebrado com o cora\u00e7\u00e3o cheio do Esp\u00edrito Santo \u2014 e com um legado que seguir\u00e1 ecoando por muitos e muitos anos.<\/p>\n\n\n\n<figure class=\"wp-block-image size-full\"><img fetchpriority=\"high\" decoding=\"async\" width=\"634\" height=\"846\" src=\"https:\/\/novosaopaulo.com.br\/n1\/wp-content\/uploads\/2025\/06\/WhatsApp-Image-2025-06-03-at-10.50.05.jpeg\" alt=\"\" class=\"wp-image-24242\" srcset=\"https:\/\/novosaopaulo.com.br\/n1\/wp-content\/uploads\/2025\/06\/WhatsApp-Image-2025-06-03-at-10.50.05.jpeg 634w, https:\/\/novosaopaulo.com.br\/n1\/wp-content\/uploads\/2025\/06\/WhatsApp-Image-2025-06-03-at-10.50.05-225x300.jpeg 225w\" sizes=\"(max-width: 634px) 100vw, 634px\" \/><\/figure>\n","protected":false},"excerpt":{"rendered":"<p>Em uma noite marcada pela f\u00e9, emo\u00e7\u00e3o e profunda espiritualidade, a Catedral de Santana, em&#8230;<\/p>\n","protected":false},"author":1,"featured_media":24243,"comment_status":"open","ping_status":"open","sticky":false,"template":"","format":"standard","meta":{"footnotes":""},"categories":[34],"tags":[],"featured_image_urls":{"full":["https:\/\/novosaopaulo.com.br\/n1\/wp-content\/uploads\/2025\/06\/WhatsApp-Image-2025-06-03-at-10.50.04.jpeg",906,680,false],"thumbnail":["https:\/\/novosaopaulo.com.br\/n1\/wp-content\/uploads\/2025\/06\/WhatsApp-Image-2025-06-03-at-10.50.04-150x150.jpeg",150,150,true],"medium":["https:\/\/novosaopaulo.com.br\/n1\/wp-content\/uploads\/2025\/06\/WhatsApp-Image-2025-06-03-at-10.50.04-300x225.jpeg",300,225,true],"medium_large":["https:\/\/novosaopaulo.com.br\/n1\/wp-content\/uploads\/2025\/06\/WhatsApp-Image-2025-06-03-at-10.50.04-768x576.jpeg",640,480,true],"large":["https:\/\/novosaopaulo.com.br\/n1\/wp-content\/uploads\/2025\/06\/WhatsApp-Image-2025-06-03-at-10.50.04.jpeg",640,480,false],"1536x1536":["https:\/\/novosaopaulo.com.br\/n1\/wp-content\/uploads\/2025\/06\/WhatsApp-Image-2025-06-03-at-10.50.04.jpeg",906,680,false],"2048x2048":["https:\/\/novosaopaulo.com.br\/n1\/wp-content\/uploads\/2025\/06\/WhatsApp-Image-2025-06-03-at-10.50.04.jpeg",906,680,false],"newsever-slider-full":["https:\/\/novosaopaulo.com.br\/n1\/wp-content\/uploads\/2025\/06\/WhatsApp-Image-2025-06-03-at-10.50.04.jpeg",906,680,false],"newsever-featured":["https:\/\/novosaopaulo.com.br\/n1\/wp-content\/uploads\/2025\/06\/WhatsApp-Image-2025-06-03-at-10.50.04.jpeg",906,680,false],"newsever-medium":["https:\/\/novosaopaulo.com.br\/n1\/wp-content\/uploads\/2025\/06\/WhatsApp-Image-2025-06-03-at-10.50.04-720x475.jpeg",720,475,true]},"author_info":{"display_name":"Reda\u00e7\u00e3o","author_link":"https:\/\/novosaopaulo.com.br\/n1\/author\/g5poa\/"},"category_info":"<a href=\"https:\/\/novosaopaulo.com.br\/n1\/category\/alto-tiete\/\" rel=\"category tag\">Alto Tiet\u00ea<\/a>","tag_info":"Alto Tiet\u00ea","comment_count":"0","_links":{"self":[{"href":"https:\/\/novosaopaulo.com.br\/n1\/wp-json\/wp\/v2\/posts\/24241"}],"collection":[{"href":"https:\/\/novosaopaulo.com.br\/n1\/wp-json\/wp\/v2\/posts"}],"about":[{"href":"https:\/\/novosaopaulo.com.br\/n1\/wp-json\/wp\/v2\/types\/post"}],"author":[{"embeddable":true,"href":"https:\/\/novosaopaulo.com.br\/n1\/wp-json\/wp\/v2\/users\/1"}],"replies":[{"embeddable":true,"href":"https:\/\/novosaopaulo.com.br\/n1\/wp-json\/wp\/v2\/comments?post=24241"}],"version-history":[{"count":1,"href":"https:\/\/novosaopaulo.com.br\/n1\/wp-json\/wp\/v2\/posts\/24241\/revisions"}],"predecessor-version":[{"id":24244,"href":"https:\/\/novosaopaulo.com.br\/n1\/wp-json\/wp\/v2\/posts\/24241\/revisions\/24244"}],"wp:featuredmedia":[{"embeddable":true,"href":"https:\/\/novosaopaulo.com.br\/n1\/wp-json\/wp\/v2\/media\/24243"}],"wp:attachment":[{"href":"https:\/\/novosaopaulo.com.br\/n1\/wp-json\/wp\/v2\/media?parent=24241"}],"wp:term":[{"taxonomy":"category","embeddable":true,"href":"https:\/\/novosaopaulo.com.br\/n1\/wp-json\/wp\/v2\/categories?post=24241"},{"taxonomy":"post_tag","embeddable":true,"href":"https:\/\/novosaopaulo.com.br\/n1\/wp-json\/wp\/v2\/tags?post=24241"}],"curies":[{"name":"wp","href":"https:\/\/api.w.org\/{rel}","templated":true}]}}