{"id":24238,"date":"2025-06-02T20:55:59","date_gmt":"2025-06-02T23:55:59","guid":{"rendered":"https:\/\/novosaopaulo.com.br\/n1\/?p=24238"},"modified":"2025-06-02T20:55:59","modified_gmt":"2025-06-02T23:55:59","slug":"brasmin-2025-valoriza-conhecimento-tecnico-com-ampla-programacao-de-palestras-e-presenca-de-autoridades-na-abertura-oficial-do-9o-enmpm","status":"publish","type":"post","link":"https:\/\/novosaopaulo.com.br\/n1\/brasmin-2025-valoriza-conhecimento-tecnico-com-ampla-programacao-de-palestras-e-presenca-de-autoridades-na-abertura-oficial-do-9o-enmpm\/","title":{"rendered":"BRASMIN 2025 valoriza conhecimento t\u00e9cnico com ampla programa\u00e7\u00e3o de palestras e presen\u00e7a de autoridades na abertura oficial do 9\u00ba ENMPM"},"content":{"rendered":"\n<p>A BRASMIN \u2013 Feira da Ind\u00fastria da Minera\u00e7\u00e3o, que ser\u00e1 realizada de 24 a 26 de junho de 2025, no Centro de Conven\u00e7\u00f5es PUC de Goi\u00e2nia (GO), consolida-se como uma das mais relevantes plataformas de conte\u00fado, neg\u00f3cios e networking da minera\u00e7\u00e3o brasileira. E a edi\u00e7\u00e3o deste ano chega com uma programa\u00e7\u00e3o de palestras t\u00e9cnicas e institucionais de alt\u00edssimo n\u00edvel, voltada a expositores, gestores p\u00fablicos, empreendedores, investidores, acad\u00eamicos e profissionais do setor mineral.<br>A solenidade de abertura oficial do 9\u00ba Encontro Nacional da M\u00e9dia e Pequena Minera\u00e7\u00e3o (ENMPM), marcada para o dia 24 de junho, \u00e0s 17h, conta com a presen\u00e7a confirmada de importantes lideran\u00e7as p\u00fablicas e empresariais:<br>\u2981 Ronaldo Caiado, Governador do Estado de Goi\u00e1s<br>\u2981 Sandro Mabel, Prefeito de Goi\u00e2nia e Presidente do COMIN<br>\u2981 Dep. Z\u00e9 Silva e Dep. Laura Carneiro, da Frente Parlamentar da Minera\u00e7\u00e3o Sustent\u00e1vel<br>\u2981 Luis Maur\u00edcio Azevedo, Presidente da ABPM<br>\u2981 Andr\u00e9 Rocha, Presidente da FIEG<br>\u2981 Ana Paula Bittencourt, Secret\u00e1ria-Geral de Minera\u00e7\u00e3o (SGM)<br>\u2981 Dep. Lineu Ol\u00edmpio, Presidente da Comiss\u00e3o de Minas e Energia da ALEGO<br>\u201cEssa representatividade demonstra o alinhamento da BRASMIN com as principais agendas de desenvolvimento, inova\u00e7\u00e3o e sustentabilidade do setor\u201d, afirma Jos\u00e9 Roberto Sevieri, CEO da Proma Feira, que conta com o patroc\u00ednio da Lantex Telas para Peneiramento; Alpha Minerals e Geosol.<br>\ud83d\udcda Conhecimento como ativo estrat\u00e9gico: diversidade de temas e alto n\u00edvel t\u00e9cnico<br>A programa\u00e7\u00e3o de conte\u00fado da BRASMIN 2025 \u00e9 composta por palestras distribu\u00eddas em grandes eixos tem\u00e1ticos, com especialistas de renome nacional e internacional. O conte\u00fado \u00e9 totalmente gratuito para visitantes credenciados.<br>\u2692\ufe0f Sustentabilidade e Regula\u00e7\u00e3o na Minera\u00e7\u00e3o<br>Temas como ESG na pr\u00e1tica, governan\u00e7a ambiental, minera\u00e7\u00e3o em \u00e1reas sens\u00edveis, boas pr\u00e1ticas socioambientais e regula\u00e7\u00e3o estrat\u00e9gica para mineradoras ser\u00e3o apresentados por gestores p\u00fablicos, consultores e l\u00edderes de entidades setoriais.<br>\ud83d\udca1 Inova\u00e7\u00e3o, Tecnologia e Ind\u00fastria 4.0<br>Pain\u00e9is com foco em automa\u00e7\u00e3o de processos, rastreabilidade mineral, uso de drones e IA na minera\u00e7\u00e3o, al\u00e9m da aplica\u00e7\u00e3o de tecnologias para aumento da produtividade e da seguran\u00e7a operacional. Cases nacionais e experi\u00eancias internacionais completam o debate.<br>\ud83d\udee4\ufe0f Infraestrutura, Log\u00edstica e Energia<br>An\u00e1lises sobre os gargalos e oportunidades em transporte ferrovi\u00e1rio, rodovi\u00e1rio e multimodal para escoamento da produ\u00e7\u00e3o mineral, al\u00e9m de debates sobre solu\u00e7\u00f5es energ\u00e9ticas sustent\u00e1veis e autossufici\u00eancia energ\u00e9tica para opera\u00e7\u00f5es remotas.<br>\ud83e\uddd1\u200d\ud83c\udfeb Forma\u00e7\u00e3o, Qualifica\u00e7\u00e3o e Inclus\u00e3o<br>Debates sobre educa\u00e7\u00e3o t\u00e9cnica, capacita\u00e7\u00e3o para novos perfis profissionais da minera\u00e7\u00e3o, presen\u00e7a feminina no setor e pol\u00edticas de diversidade e inclus\u00e3o. Especial destaque para a participa\u00e7\u00e3o de mulheres l\u00edderes na cadeia produtiva mineral.<br>\ud83c\udf0d Minera\u00e7\u00e3o e Desenvolvimento Regional<br>O papel da minera\u00e7\u00e3o no desenvolvimento de munic\u00edpios e estados, o impacto econ\u00f4mico da atividade e as boas pr\u00e1ticas de relacionamento comunit\u00e1rio. Discuss\u00f5es sobre pol\u00edticas p\u00fablicas e incentivos fiscais tamb\u00e9m estar\u00e3o na pauta.<br>\ud83d\udd17 Informa\u00e7\u00f5es completas<br>A programa\u00e7\u00e3o completa de palestras, com nomes confirmados, temas, hor\u00e1rios e locais est\u00e1 dispon\u00edvel no site oficial da feira:<br>\ud83d\udc49 www.brasmin.com.br\/programacao e https:\/\/brasmin.com.br\/wp-content\/uploads\/2025\/05\/22-05-Palestra-Brasmin.pdf e https:\/\/encontromedpeq.brasilmineral.com.br\/<br>Sobre a BRASMIN<br>Realizada pela Proma Feiras, com apoio das principais entidades do setor, a BRASMIN \u00e9 refer\u00eancia nacional na exposi\u00e7\u00e3o de m\u00e1quinas, equipamentos, servi\u00e7os e solu\u00e7\u00f5es para a minera\u00e7\u00e3o. O evento proporciona conex\u00f5es entre todos os elos da cadeia mineral, com foco especial nas demandas das pequenas e m\u00e9dias empresas que impulsionam o setor em todo o territ\u00f3rio nacional.<\/p>\n","protected":false},"excerpt":{"rendered":"<p>A BRASMIN \u2013 Feira da Ind\u00fastria da Minera\u00e7\u00e3o, que ser\u00e1 realizada de 24 a 26&#8230;<\/p>\n","protected":false},"author":1,"featured_media":24239,"comment_status":"open","ping_status":"open","sticky":false,"template":"","format":"standard","meta":{"footnotes":""},"categories":[2],"tags":[],"featured_image_urls":{"full":["https:\/\/novosaopaulo.com.br\/n1\/wp-content\/uploads\/2025\/06\/brasmim.jpg",949,403,false],"thumbnail":["https:\/\/novosaopaulo.com.br\/n1\/wp-content\/uploads\/2025\/06\/brasmim-150x150.jpg",150,150,true],"medium":["https:\/\/novosaopaulo.com.br\/n1\/wp-content\/uploads\/2025\/06\/brasmim-300x127.jpg",300,127,true],"medium_large":["https:\/\/novosaopaulo.com.br\/n1\/wp-content\/uploads\/2025\/06\/brasmim-768x326.jpg",640,272,true],"large":["https:\/\/novosaopaulo.com.br\/n1\/wp-content\/uploads\/2025\/06\/brasmim.jpg",640,272,false],"1536x1536":["https:\/\/novosaopaulo.com.br\/n1\/wp-content\/uploads\/2025\/06\/brasmim.jpg",949,403,false],"2048x2048":["https:\/\/novosaopaulo.com.br\/n1\/wp-content\/uploads\/2025\/06\/brasmim.jpg",949,403,false],"newsever-slider-full":["https:\/\/novosaopaulo.com.br\/n1\/wp-content\/uploads\/2025\/06\/brasmim.jpg",949,403,false],"newsever-featured":["https:\/\/novosaopaulo.com.br\/n1\/wp-content\/uploads\/2025\/06\/brasmim.jpg",949,403,false],"newsever-medium":["https:\/\/novosaopaulo.com.br\/n1\/wp-content\/uploads\/2025\/06\/brasmim-720x403.jpg",720,403,true]},"author_info":{"display_name":"Reda\u00e7\u00e3o","author_link":"https:\/\/novosaopaulo.com.br\/n1\/author\/g5poa\/"},"category_info":"<a href=\"https:\/\/novosaopaulo.com.br\/n1\/category\/cidades\/\" rel=\"category tag\">Cidades<\/a>","tag_info":"Cidades","comment_count":"0","_links":{"self":[{"href":"https:\/\/novosaopaulo.com.br\/n1\/wp-json\/wp\/v2\/posts\/24238"}],"collection":[{"href":"https:\/\/novosaopaulo.com.br\/n1\/wp-json\/wp\/v2\/posts"}],"about":[{"href":"https:\/\/novosaopaulo.com.br\/n1\/wp-json\/wp\/v2\/types\/post"}],"author":[{"embeddable":true,"href":"https:\/\/novosaopaulo.com.br\/n1\/wp-json\/wp\/v2\/users\/1"}],"replies":[{"embeddable":true,"href":"https:\/\/novosaopaulo.com.br\/n1\/wp-json\/wp\/v2\/comments?post=24238"}],"version-history":[{"count":1,"href":"https:\/\/novosaopaulo.com.br\/n1\/wp-json\/wp\/v2\/posts\/24238\/revisions"}],"predecessor-version":[{"id":24240,"href":"https:\/\/novosaopaulo.com.br\/n1\/wp-json\/wp\/v2\/posts\/24238\/revisions\/24240"}],"wp:featuredmedia":[{"embeddable":true,"href":"https:\/\/novosaopaulo.com.br\/n1\/wp-json\/wp\/v2\/media\/24239"}],"wp:attachment":[{"href":"https:\/\/novosaopaulo.com.br\/n1\/wp-json\/wp\/v2\/media?parent=24238"}],"wp:term":[{"taxonomy":"category","embeddable":true,"href":"https:\/\/novosaopaulo.com.br\/n1\/wp-json\/wp\/v2\/categories?post=24238"},{"taxonomy":"post_tag","embeddable":true,"href":"https:\/\/novosaopaulo.com.br\/n1\/wp-json\/wp\/v2\/tags?post=24238"}],"curies":[{"name":"wp","href":"https:\/\/api.w.org\/{rel}","templated":true}]}}