{"id":24233,"date":"2025-06-02T20:48:04","date_gmt":"2025-06-02T23:48:04","guid":{"rendered":"https:\/\/novosaopaulo.com.br\/n1\/?p=24233"},"modified":"2025-06-02T20:48:05","modified_gmt":"2025-06-02T23:48:05","slug":"inteligencia-artificial-para-o-bem-e-para-o-mal","status":"publish","type":"post","link":"https:\/\/novosaopaulo.com.br\/n1\/inteligencia-artificial-para-o-bem-e-para-o-mal\/","title":{"rendered":"Intelig\u00eancia Artificial, para o bem e para o mal"},"content":{"rendered":"\n<p>Que o clima n\u00e3o \u00e9 bom entre os presidentes Lula da Silva e Donald Trump, todos sabemos. Al\u00e9m da diferen\u00e7a ideol\u00f3gica de ambos &#8211; o brasileiro de esquerda e o yankee de direita &#8211; h\u00e1 a agravante da alta de impostos que Trump quer impor aos 180 pa\u00edses que transacionam com os EUA e Lula promete revidar e, nos \u00faltimos dias, a amea\u00e7a de retalia\u00e7\u00e3o do parlamento e governo de Washington contra ministros do Supremo Tribunal Federal (STF) e outras autoridades brasileiras que, na adversidade, esperam a rea\u00e7\u00e3o e defesa vindas do presidente da Rep\u00fablica.<br>E, para entornar ainda mais o caldo, noticiou-se que Trump teria dito em discurso no Congresso de seu pais que Lula \u00e9 uma vergonha total, age como uma \u201csuperestrela global\u201d e \u201ca \u00fanica coisa que sabe fazer \u00e9 enganar as pessoas\u201d.<br>A not\u00edcia verdadeira contida nesse epis\u00f3dio, felizmente, n\u00e3o \u00e9 o ataque de um governante ao outro, mas a fraude criminosa que o autor praticou utilizando os recursos da Intelig\u00eancia Artificial (IA). Ele pegou o discurso que Trump pronunciou no dia 4 de mar\u00e7o, onde o Brasil foi citado apenas entre as na\u00e7\u00f5es questionadoras do \u201ctarifa\u00e7o\u201d dos EUA ao com\u00e9rcio internacional de mercadorias e, de forma irrespons\u00e1vel, introduziu as ofensas a Lula. Os recursos da ferramenta levaram muitos a acreditarem na fala alterada.<br>Essa n\u00e3o \u00e9 a primeira vez que Lula \u00e9 espancado verbalmente via IA. A partir do momento em que o conjunto de aplicativos passou a sintetizar a voz das pessoas, alterar as palavras e sincroniz\u00e1-las com a imagem e o movimento facial do autor, estabeleceu-se o imp\u00e9rio da falsifica\u00e7\u00e3o. Enquanto ela ocorre com finalidade humor\u00edstica ou at\u00e9 art\u00edstica, nada demais, mas quando envolve chefes de Estado, \u00e9 o mal maior. Recentemente circulou nas redes v\u00eddeo, tamb\u00e9m editado com recursos da IA, onde Ibrahim Traor\u00e9, l\u00edder de Burkina Faso &#8211; pa\u00eds da \u00c1frica Ocidental &#8211; aparece acusando Lula de cometer crimes diplom\u00e1ticos e indicar a possibilidade de um conflito entre as duas na\u00e7\u00f5es. Constatou-se, por\u00e9m, que a informa\u00e7\u00e3o \u00e9 falsa e o nome de Lula sequer foi citado.<br>A lA \u00e9 um formid\u00e1vel avan\u00e7o tecnol\u00f3gico e cultural, possivelmente maior do que o carv\u00e3o e a eletricidade, que industrializaram o mundo, e por ora t\u00e3o importante quanto o ambiente digital, como o Windows, que deu maioridade aos computadores. Em desenvolvimento desde os anos 60, a IA deve descortinar um novo universo. \u00c9, cada dia mais, uma grande ferramenta que poder\u00e1 ajudar muito ao homem e suas corpora\u00e7\u00f5es. Mas, a exemplo do que foi a imprensa, o tel\u00e9grafo, o r\u00e1dio, a TV e seus componentes, carece de regulamenta\u00e7\u00e3o e controle para evitar o seu emprego criminoso e tumultuador da sociedade. Como nos meios de comunica\u00e7\u00e3o e do instrumental cient\u00edfico, n\u00e3o deve sofrer censura nem limita\u00e7\u00f5es ao seu emprego, mas receber os devidos cuidados para n\u00e3o servir de instrumento ao plantio da disc\u00f3rdia, da mentira e da falsidade. Sua produ\u00e7\u00e3o jamais poder\u00e1 ser desagregadora, mas voltada ao desenvolvimento e ao bem-estar das na\u00e7\u00f5es e seus povos. Os que insistirem em seu emprego no polo negativo t\u00eam de sofrer as devidas reprimendas, algo semelhante ao que se emprega a quem faz mau uso dos meios de comunica\u00e7\u00e3o e instrumentos tecnol\u00f3gicos destinados a promover e sustentar o desenvolvimento.<br>Al\u00e9m dos dois incidentes que envolveram Lula, dias atr\u00e1s a IA foi tamb\u00e9m usada para piratear a fala do ex-presidente Rgentino Maur\u00edcio Macri que, decepcionado, deixou a lideran\u00e7a do seu partido declarou o abandono da pol\u00edtica.<br>A m\u00e1 utiliza\u00e7\u00e3o da IA carece de provid\u00eancias. Quem a emprega negativamente tem de ser devidamente processado e punido. O Parlamento, os centros da ci\u00eancia, especialistas e as autoridades de governo t\u00eam o dever de criar as salvaguardas para garantir o bom funcionamento e o emprego regular da nova tecnologia. Quem n\u00e3o tomar essas provid\u00eancias correr\u00e1 o risco de ficar atrasado na corrida cient\u00edfica. Da mesma forma que no passado ocorreu aos pa\u00edses que negligenciaram no emprego do carv\u00e3o, eletricidade, transportes e outras inova\u00e7\u00f5es \u2026<\/p>\n\n\n\n<p>Tenente Dirceu Cardoso Gon\u00e7alves &#8211; dirigente da ASPOMIL (Associa\u00e7\u00e3o de Assist. Social dos Policiais Militares de S\u00e3o Paulo).<\/p>\n","protected":false},"excerpt":{"rendered":"<p>Que o clima n\u00e3o \u00e9 bom entre os presidentes Lula da Silva e Donald Trump,&#8230;<\/p>\n","protected":false},"author":1,"featured_media":23327,"comment_status":"open","ping_status":"open","sticky":false,"template":"","format":"standard","meta":{"footnotes":""},"categories":[2],"tags":[],"featured_image_urls":{"full":["https:\/\/novosaopaulo.com.br\/n1\/wp-content\/uploads\/2025\/04\/Tenente-Dirceu-Cardoso-Goncalves.jpg",600,564,false],"thumbnail":["https:\/\/novosaopaulo.com.br\/n1\/wp-content\/uploads\/2025\/04\/Tenente-Dirceu-Cardoso-Goncalves-150x150.jpg",150,150,true],"medium":["https:\/\/novosaopaulo.com.br\/n1\/wp-content\/uploads\/2025\/04\/Tenente-Dirceu-Cardoso-Goncalves-300x282.jpg",300,282,true],"medium_large":["https:\/\/novosaopaulo.com.br\/n1\/wp-content\/uploads\/2025\/04\/Tenente-Dirceu-Cardoso-Goncalves.jpg",600,564,false],"large":["https:\/\/novosaopaulo.com.br\/n1\/wp-content\/uploads\/2025\/04\/Tenente-Dirceu-Cardoso-Goncalves.jpg",600,564,false],"1536x1536":["https:\/\/novosaopaulo.com.br\/n1\/wp-content\/uploads\/2025\/04\/Tenente-Dirceu-Cardoso-Goncalves.jpg",600,564,false],"2048x2048":["https:\/\/novosaopaulo.com.br\/n1\/wp-content\/uploads\/2025\/04\/Tenente-Dirceu-Cardoso-Goncalves.jpg",600,564,false],"newsever-slider-full":["https:\/\/novosaopaulo.com.br\/n1\/wp-content\/uploads\/2025\/04\/Tenente-Dirceu-Cardoso-Goncalves.jpg",600,564,false],"newsever-featured":["https:\/\/novosaopaulo.com.br\/n1\/wp-content\/uploads\/2025\/04\/Tenente-Dirceu-Cardoso-Goncalves.jpg",600,564,false],"newsever-medium":["https:\/\/novosaopaulo.com.br\/n1\/wp-content\/uploads\/2025\/04\/Tenente-Dirceu-Cardoso-Goncalves-600x475.jpg",600,475,true]},"author_info":{"display_name":"Reda\u00e7\u00e3o","author_link":"https:\/\/novosaopaulo.com.br\/n1\/author\/g5poa\/"},"category_info":"<a href=\"https:\/\/novosaopaulo.com.br\/n1\/category\/cidades\/\" rel=\"category tag\">Cidades<\/a>","tag_info":"Cidades","comment_count":"0","_links":{"self":[{"href":"https:\/\/novosaopaulo.com.br\/n1\/wp-json\/wp\/v2\/posts\/24233"}],"collection":[{"href":"https:\/\/novosaopaulo.com.br\/n1\/wp-json\/wp\/v2\/posts"}],"about":[{"href":"https:\/\/novosaopaulo.com.br\/n1\/wp-json\/wp\/v2\/types\/post"}],"author":[{"embeddable":true,"href":"https:\/\/novosaopaulo.com.br\/n1\/wp-json\/wp\/v2\/users\/1"}],"replies":[{"embeddable":true,"href":"https:\/\/novosaopaulo.com.br\/n1\/wp-json\/wp\/v2\/comments?post=24233"}],"version-history":[{"count":1,"href":"https:\/\/novosaopaulo.com.br\/n1\/wp-json\/wp\/v2\/posts\/24233\/revisions"}],"predecessor-version":[{"id":24234,"href":"https:\/\/novosaopaulo.com.br\/n1\/wp-json\/wp\/v2\/posts\/24233\/revisions\/24234"}],"wp:featuredmedia":[{"embeddable":true,"href":"https:\/\/novosaopaulo.com.br\/n1\/wp-json\/wp\/v2\/media\/23327"}],"wp:attachment":[{"href":"https:\/\/novosaopaulo.com.br\/n1\/wp-json\/wp\/v2\/media?parent=24233"}],"wp:term":[{"taxonomy":"category","embeddable":true,"href":"https:\/\/novosaopaulo.com.br\/n1\/wp-json\/wp\/v2\/categories?post=24233"},{"taxonomy":"post_tag","embeddable":true,"href":"https:\/\/novosaopaulo.com.br\/n1\/wp-json\/wp\/v2\/tags?post=24233"}],"curies":[{"name":"wp","href":"https:\/\/api.w.org\/{rel}","templated":true}]}}