{"id":24227,"date":"2025-06-01T13:42:25","date_gmt":"2025-06-01T16:42:25","guid":{"rendered":"https:\/\/novosaopaulo.com.br\/n1\/?p=24227"},"modified":"2025-06-01T13:42:26","modified_gmt":"2025-06-01T16:42:26","slug":"o-que-o-pt-quer-calar-o-povo-precisa-ouvir","status":"publish","type":"post","link":"https:\/\/novosaopaulo.com.br\/n1\/o-que-o-pt-quer-calar-o-povo-precisa-ouvir\/","title":{"rendered":"O que o PT quer calar, o povo precisa ouvir"},"content":{"rendered":"\n<p>Deputada federal Rosana Valle (PL-SP)*<\/p>\n\n\n\n<p>Durante os 25 anos em que atuei como jornalista, aprendi que o papel da Imprensa \u2014 quando exercido com independ\u00eancia \u2014 \u00e9, justamente, o de revelar o que incomoda, dar voz ao que muitos tentam silenciar e garantir que nenhuma vers\u00e3o oficial se imponha como verdade absoluta. Hoje, na qualidade de deputada federal, continuo carregando o compromisso com a verdade e a liberdade. Por isso, n\u00e3o posso me omitir diante da proposta de regula\u00e7\u00e3o das redes sociais defendida pelo governo do presidente da Rep\u00fablica federativa do Brasil, Luiz In\u00e1cio Lula Silva (PT).<\/p>\n\n\n\n<p>Essa tentativa de \u201cregulamentar\u201d o ambiente digital, apresentada como combate \u00e0 desinforma\u00e7\u00e3o, tem, na verdade, um prop\u00f3sito bem definido: silenciar a popula\u00e7\u00e3o. Trata-se de uma estrat\u00e9gia para sufocar o debate p\u00fablico, controlar o discurso e impor uma \u00fanica narrativa.<\/p>\n\n\n\n<p>Na pr\u00e1tica, o objetivo \u00e9 blindar Lula das verdades inconvenientes que circulam livremente nas plataformas digitais. Pergunto: a quem interessa calar as redes?<\/p>\n\n\n\n<p>De acordo com recente pesquisa do AtlasIntel, 63% dos brasileiros s\u00e3o contr\u00e1rios a qualquer tipo de controle de conte\u00fado, por parte do governo, nas redes sociais &#8211; ou seja, a sociedade sabe o risco que esse tipo de medida representa.<\/p>\n\n\n\n<p>E, convenhamos: Um governo que atua com seriedade, n\u00e3o tem tempo para censurar; est\u00e1 ocupado em gerar empregos, equilibrar a Economia e proporcionar seguran\u00e7a ao povo. Infelizmente, n\u00e3o \u00e9 o que temos visto. A atual gest\u00e3o federal continua priorizando a manuten\u00e7\u00e3o do poder e a elimina\u00e7\u00e3o de cr\u00edticas.<\/p>\n\n\n\n<p>O projeto em discuss\u00e3o, o da regula\u00e7\u00e3o das redes sociais, na pr\u00e1tica, busca criar uma esp\u00e9cie de \u201cMinist\u00e9rio da Verdade\u201d. A proposta envolve a institui\u00e7\u00e3o de um \u00f3rg\u00e3o, estatal ou terceirizado, com o poder de decidir o que \u00e9 verdade e o que \u00e9 desinforma\u00e7\u00e3o no Brasil. Ao meu ju\u00edzo, tal estrutura aproxima nosso Pa\u00eds de regimes autorit\u00e1rios, ao passo em que o afasta dos princ\u00edpios democr\u00e1ticos.<\/p>\n\n\n\n<p>Eu sei, e muito bem, o que \u00e9 ter a voz silenciada! Na campanha para a Prefeitura de Santos-SP, em 2024, fui alvo de uma ofensiva coordenada para enfraquecer minha candidatura. Fui atacada por advers\u00e1rios pol\u00edticos e, tamb\u00e9m, por parte da Imprensa &#8211; sobretudo a que mantinha v\u00ednculos financeiros com a administra\u00e7\u00e3o. Narrativas ardilosamente constru\u00eddas foram reproduzidas sem questionamento por ve\u00edculos de Comunica\u00e7\u00e3o que deveriam agir com independ\u00eancia. Tal experi\u00eancia me mostrou, de forma clara e dolorosa, o que significa tentar silenciar uma voz leg\u00edtima.<\/p>\n\n\n\n<p>O que o governo federal brasileiro prop\u00f5e, agora, \u00e9 uma amplia\u00e7\u00e3o desse modelo (o da manipula\u00e7\u00e3o institucional) para o \u00e2mbito nacional. Ao meu ver, o risco \u00e9 enorme! \u00c9 poss\u00edvel que cr\u00edticas sejam rotuladas como discurso de \u00f3dio, diverg\u00eancias sejam tratadas como crime, e opini\u00f5es inc\u00f4modas sejam removidas sob a justificativa de se manter a \u201cordem\u201d. A liberdade, enfim, n\u00e3o se negocia!<\/p>\n\n\n\n<p>O Brasil j\u00e1 det\u00e9m legisla\u00e7\u00e3o para punir crimes cometidos no ambiente digital. O problema n\u00e3o est\u00e1 na aus\u00eancia de leis, mas, sim, na forma como a legisla\u00e7\u00e3o \u00e9 aplicada \u2014 muitas vezes, de maneira parcial, seletiva e politizada.<\/p>\n\n\n\n<p>Diante deste cen\u00e1rio, reafirmo meu compromisso com a liberdade de express\u00e3o. Desde 2019, sou deputada federal, mas jamais deixei de ser jornalista! Por isso, estou do lado da informa\u00e7\u00e3o livre, do debate plural e da verdade que liberta!<\/p>\n\n\n\n<p>*Rosana Valle \u00e9 deputada federal pelo PL-SP, em segundo mandato; presidente da Executiva Estadual do PL Mulher de S\u00e3o Paulo; jornalista por forma\u00e7\u00e3o h\u00e1 mais de 25 anos; e autora dos livros \u201cRota do Sol 1 e 2\u201d.<\/p>\n","protected":false},"excerpt":{"rendered":"<p>Deputada federal Rosana Valle (PL-SP)* Durante os 25 anos em que atuei como jornalista, aprendi&#8230;<\/p>\n","protected":false},"author":1,"featured_media":24228,"comment_status":"open","ping_status":"open","sticky":false,"template":"","format":"standard","meta":{"footnotes":""},"categories":[2],"tags":[],"featured_image_urls":{"full":["https:\/\/novosaopaulo.com.br\/n1\/wp-content\/uploads\/2025\/06\/WhatsApp-Image-2025-06-01-at-10.52.03.jpeg",1200,1600,false],"thumbnail":["https:\/\/novosaopaulo.com.br\/n1\/wp-content\/uploads\/2025\/06\/WhatsApp-Image-2025-06-01-at-10.52.03-150x150.jpeg",150,150,true],"medium":["https:\/\/novosaopaulo.com.br\/n1\/wp-content\/uploads\/2025\/06\/WhatsApp-Image-2025-06-01-at-10.52.03-225x300.jpeg",225,300,true],"medium_large":["https:\/\/novosaopaulo.com.br\/n1\/wp-content\/uploads\/2025\/06\/WhatsApp-Image-2025-06-01-at-10.52.03-768x1024.jpeg",640,853,true],"large":["https:\/\/novosaopaulo.com.br\/n1\/wp-content\/uploads\/2025\/06\/WhatsApp-Image-2025-06-01-at-10.52.03-768x1024.jpeg",640,853,true],"1536x1536":["https:\/\/novosaopaulo.com.br\/n1\/wp-content\/uploads\/2025\/06\/WhatsApp-Image-2025-06-01-at-10.52.03-1152x1536.jpeg",1152,1536,true],"2048x2048":["https:\/\/novosaopaulo.com.br\/n1\/wp-content\/uploads\/2025\/06\/WhatsApp-Image-2025-06-01-at-10.52.03.jpeg",1200,1600,false],"newsever-slider-full":["https:\/\/novosaopaulo.com.br\/n1\/wp-content\/uploads\/2025\/06\/WhatsApp-Image-2025-06-01-at-10.52.03-1200x845.jpeg",1200,845,true],"newsever-featured":["https:\/\/novosaopaulo.com.br\/n1\/wp-content\/uploads\/2025\/06\/WhatsApp-Image-2025-06-01-at-10.52.03-1024x1365.jpeg",1024,1365,true],"newsever-medium":["https:\/\/novosaopaulo.com.br\/n1\/wp-content\/uploads\/2025\/06\/WhatsApp-Image-2025-06-01-at-10.52.03-720x475.jpeg",720,475,true]},"author_info":{"display_name":"Reda\u00e7\u00e3o","author_link":"https:\/\/novosaopaulo.com.br\/n1\/author\/g5poa\/"},"category_info":"<a href=\"https:\/\/novosaopaulo.com.br\/n1\/category\/cidades\/\" rel=\"category tag\">Cidades<\/a>","tag_info":"Cidades","comment_count":"0","_links":{"self":[{"href":"https:\/\/novosaopaulo.com.br\/n1\/wp-json\/wp\/v2\/posts\/24227"}],"collection":[{"href":"https:\/\/novosaopaulo.com.br\/n1\/wp-json\/wp\/v2\/posts"}],"about":[{"href":"https:\/\/novosaopaulo.com.br\/n1\/wp-json\/wp\/v2\/types\/post"}],"author":[{"embeddable":true,"href":"https:\/\/novosaopaulo.com.br\/n1\/wp-json\/wp\/v2\/users\/1"}],"replies":[{"embeddable":true,"href":"https:\/\/novosaopaulo.com.br\/n1\/wp-json\/wp\/v2\/comments?post=24227"}],"version-history":[{"count":1,"href":"https:\/\/novosaopaulo.com.br\/n1\/wp-json\/wp\/v2\/posts\/24227\/revisions"}],"predecessor-version":[{"id":24229,"href":"https:\/\/novosaopaulo.com.br\/n1\/wp-json\/wp\/v2\/posts\/24227\/revisions\/24229"}],"wp:featuredmedia":[{"embeddable":true,"href":"https:\/\/novosaopaulo.com.br\/n1\/wp-json\/wp\/v2\/media\/24228"}],"wp:attachment":[{"href":"https:\/\/novosaopaulo.com.br\/n1\/wp-json\/wp\/v2\/media?parent=24227"}],"wp:term":[{"taxonomy":"category","embeddable":true,"href":"https:\/\/novosaopaulo.com.br\/n1\/wp-json\/wp\/v2\/categories?post=24227"},{"taxonomy":"post_tag","embeddable":true,"href":"https:\/\/novosaopaulo.com.br\/n1\/wp-json\/wp\/v2\/tags?post=24227"}],"curies":[{"name":"wp","href":"https:\/\/api.w.org\/{rel}","templated":true}]}}