{"id":24222,"date":"2025-05-31T14:15:26","date_gmt":"2025-05-31T17:15:26","guid":{"rendered":"https:\/\/novosaopaulo.com.br\/n1\/?p=24222"},"modified":"2025-05-31T14:15:26","modified_gmt":"2025-05-31T17:15:26","slug":"a-hora-de-recuperar-o-vigor-do-legislativo","status":"publish","type":"post","link":"https:\/\/novosaopaulo.com.br\/n1\/a-hora-de-recuperar-o-vigor-do-legislativo\/","title":{"rendered":"A hora de recuperar o vigor do Legislativo"},"content":{"rendered":"\n<p>A Comiss\u00e3o de Comunica\u00e7\u00e3o da C\u00e2mara dos Deputados aprovou na quinta-feira (29), projeto de lei que d\u00e1 ao Poder Legislativo \u2014 em \u00e2mbito federal, estadual, distrital e municipal &#8211; a decis\u00e3o final sobre a exclus\u00e3o ou o bloqueio de perfis de parlamentares em redes sociais, al\u00e9m de contas em aplicativos de mensagens ou chamadas de voz e v\u00eddeo.<br>O texto determina que o Senado ter\u00e1 a compet\u00eancia de exercer ju\u00edzo pol\u00edtico sobre a decis\u00e3o, por voto da maioria de seus membros, em procedimento semelhante ao que ocorre nas delibera\u00e7\u00f5es sobre pris\u00e3o de parlamentares.<br>Pela lei hoje em vigor, a exclus\u00e3o das redes sociais depende de decis\u00e3o judicial. No caso de parlamentares, conforme o projeto, a decis\u00e3o de excluir ou n\u00e3o uma publica\u00e7\u00e3o ou conta deve ser fundamentada de forma \u201crobusta\u201d e indicar o conte\u00fado considerado il\u00edcito, a dura\u00e7\u00e3o da medida, bem como o crime que supostamente teria cometido o propriet\u00e1rio da conta.<br>A mat\u00e9ria ainda depende da aprova\u00e7\u00e3o no plen\u00e1rio da C\u00e2mara e no Senado para depois ser convertida em lei. Sua aplica\u00e7\u00e3o trar\u00e1 para dentro do Parlamento a decis\u00e3o de conter os excessos cometidos por seus membros, sem preju\u00edzo de, depois da apura\u00e7\u00e3o inicial, a mat\u00e9ria tramitar pelo Poder Judici\u00e1rio (Minist\u00e9rio P\u00fablico e Tribunais). Evitar\u00e1, no entanto, o constrangimento de um Poder interferir no outro como, recentemente, o de um ministro do Supremo Tribunal Federal requerer explica\u00e7\u00f5es de um deputado sobre seus pronunciamentos e ouvir como resposta que a inviolabilidade do discurso ou entrevista faz parte das imunidades parlamentares e, portanto, o autor n\u00e3o deve explica\u00e7\u00f5es.<br>Os deputados e senadores devem aproveitar o momento para resolver e definitivo as quest\u00f5es de relacionamento do Legislativo com o Judici\u00e1rio e o Executivo. Coisa que os atuais presidentes da C\u00e2mara e do Senado, rec\u00e9m-eleito, ainda tem condi\u00e7\u00f5es de realizar, principalmente porque elegeram-se rompendo barreiras pol\u00edticas e com amplo apoio.<br>\u00c9 preciso encontrar algum mecanismo que impe\u00e7a a judicializa\u00e7\u00e3o de projetos pelos parlamentares vencidos no voto. Quem perdeu na vota\u00e7\u00e3o de um (ou mais) projeto n\u00e3o deve tentar derrub\u00e1-lo no tapet\u00e3o do Judici\u00e1rio sem ter um motivo al\u00e9m do fato de ter perdido no n\u00famero de votos.<br>Outro grande problema est\u00e1 no encaminhamento dos pedidos de impeachment do presidente da Rep\u00fablica (na C\u00e2mara) e de ministros do STF (no Senado). Tornou-se pr\u00e1tica nas \u00faltimas d\u00e9cadas os presidentes das duas casas legislativas, em vez de colocar os requerimentos em pauta para a vota\u00e7\u00e3o do plen\u00e1rio (que \u00e9 soberano), engavet\u00e1-los e, possivelmente, ficar em boas condi\u00e7\u00f5es pol\u00edticas com os denunciados. A Lei do Impeachment (n\u00ba 1079, de 1950), determinou que o pedido de afastamento do governante ou autoridade seja lido no expediente da sess\u00e3o seguinte \u00e0 sua entrada no protocolo da casa legislativa, mas isso n\u00e3o tem sido cumprido. Centenas de requerimentos dormiram e perdram a oportunidade e validade na gaveta do presidente. E os pedidos de impeachment tornram-se instrumentos de press\u00e3o pol\u00edtica porque todos sabem que n\u00e3o s\u00e3o colocados em tramita\u00e7\u00e3o. Os dois que foram ao plen\u00e1rio resultaram no afastamento dos ex-presidentes Fernando Collor de Melo e Dilma Rousseff. E, por outro lado, centenas de autridades supostamente errantes nadaram a bra\u00e7adas largas diante da omiss\u00e3o das casas do Congresso Nacinal e seus sucessivos presidentes.<br>O clima de impunidade criado encorajou os membros dos outros poderes a menosprezarem a import\u00e2ncia e do Poder Legisltivo. O clima pol\u00edtico vivido hoje apresenta condi\u00e7\u00f5es objetivas para os congressistas recuperarem a integridade do poder. Se o fizerem, dar\u00e3o um grande passo rumo ao respeito ao Legislativo e isso far\u00e1 muito bem \u00e0 Na\u00e7\u00e3o. Tomara que o fa\u00e7am e nunca mais o Senado e a C\u00e2mara sejam compelidos pelos outros poderes a tomar atitudes que n\u00e3o interessam aos seus membros\u2026<br>Tenente Dirceu Cardoso Gon\u00e7alves &#8211; dirigente da ASPOMIL (Associa\u00e7\u00e3o de Assist\u00eancia Social dos Policiais Militares de S\u00e3o Paulo).<\/p>\n","protected":false},"excerpt":{"rendered":"<p>A Comiss\u00e3o de Comunica\u00e7\u00e3o da C\u00e2mara dos Deputados aprovou na quinta-feira (29), projeto de lei&#8230;<\/p>\n","protected":false},"author":1,"featured_media":23327,"comment_status":"open","ping_status":"open","sticky":false,"template":"","format":"standard","meta":{"footnotes":""},"categories":[2],"tags":[],"featured_image_urls":{"full":["https:\/\/novosaopaulo.com.br\/n1\/wp-content\/uploads\/2025\/04\/Tenente-Dirceu-Cardoso-Goncalves.jpg",600,564,false],"thumbnail":["https:\/\/novosaopaulo.com.br\/n1\/wp-content\/uploads\/2025\/04\/Tenente-Dirceu-Cardoso-Goncalves-150x150.jpg",150,150,true],"medium":["https:\/\/novosaopaulo.com.br\/n1\/wp-content\/uploads\/2025\/04\/Tenente-Dirceu-Cardoso-Goncalves-300x282.jpg",300,282,true],"medium_large":["https:\/\/novosaopaulo.com.br\/n1\/wp-content\/uploads\/2025\/04\/Tenente-Dirceu-Cardoso-Goncalves.jpg",600,564,false],"large":["https:\/\/novosaopaulo.com.br\/n1\/wp-content\/uploads\/2025\/04\/Tenente-Dirceu-Cardoso-Goncalves.jpg",600,564,false],"1536x1536":["https:\/\/novosaopaulo.com.br\/n1\/wp-content\/uploads\/2025\/04\/Tenente-Dirceu-Cardoso-Goncalves.jpg",600,564,false],"2048x2048":["https:\/\/novosaopaulo.com.br\/n1\/wp-content\/uploads\/2025\/04\/Tenente-Dirceu-Cardoso-Goncalves.jpg",600,564,false],"newsever-slider-full":["https:\/\/novosaopaulo.com.br\/n1\/wp-content\/uploads\/2025\/04\/Tenente-Dirceu-Cardoso-Goncalves.jpg",600,564,false],"newsever-featured":["https:\/\/novosaopaulo.com.br\/n1\/wp-content\/uploads\/2025\/04\/Tenente-Dirceu-Cardoso-Goncalves.jpg",600,564,false],"newsever-medium":["https:\/\/novosaopaulo.com.br\/n1\/wp-content\/uploads\/2025\/04\/Tenente-Dirceu-Cardoso-Goncalves-600x475.jpg",600,475,true]},"author_info":{"display_name":"Reda\u00e7\u00e3o","author_link":"https:\/\/novosaopaulo.com.br\/n1\/author\/g5poa\/"},"category_info":"<a href=\"https:\/\/novosaopaulo.com.br\/n1\/category\/cidades\/\" rel=\"category tag\">Cidades<\/a>","tag_info":"Cidades","comment_count":"0","_links":{"self":[{"href":"https:\/\/novosaopaulo.com.br\/n1\/wp-json\/wp\/v2\/posts\/24222"}],"collection":[{"href":"https:\/\/novosaopaulo.com.br\/n1\/wp-json\/wp\/v2\/posts"}],"about":[{"href":"https:\/\/novosaopaulo.com.br\/n1\/wp-json\/wp\/v2\/types\/post"}],"author":[{"embeddable":true,"href":"https:\/\/novosaopaulo.com.br\/n1\/wp-json\/wp\/v2\/users\/1"}],"replies":[{"embeddable":true,"href":"https:\/\/novosaopaulo.com.br\/n1\/wp-json\/wp\/v2\/comments?post=24222"}],"version-history":[{"count":1,"href":"https:\/\/novosaopaulo.com.br\/n1\/wp-json\/wp\/v2\/posts\/24222\/revisions"}],"predecessor-version":[{"id":24223,"href":"https:\/\/novosaopaulo.com.br\/n1\/wp-json\/wp\/v2\/posts\/24222\/revisions\/24223"}],"wp:featuredmedia":[{"embeddable":true,"href":"https:\/\/novosaopaulo.com.br\/n1\/wp-json\/wp\/v2\/media\/23327"}],"wp:attachment":[{"href":"https:\/\/novosaopaulo.com.br\/n1\/wp-json\/wp\/v2\/media?parent=24222"}],"wp:term":[{"taxonomy":"category","embeddable":true,"href":"https:\/\/novosaopaulo.com.br\/n1\/wp-json\/wp\/v2\/categories?post=24222"},{"taxonomy":"post_tag","embeddable":true,"href":"https:\/\/novosaopaulo.com.br\/n1\/wp-json\/wp\/v2\/tags?post=24222"}],"curies":[{"name":"wp","href":"https:\/\/api.w.org\/{rel}","templated":true}]}}