{"id":24219,"date":"2025-05-31T00:25:16","date_gmt":"2025-05-31T03:25:16","guid":{"rendered":"https:\/\/novosaopaulo.com.br\/n1\/?p=24219"},"modified":"2025-05-31T00:25:17","modified_gmt":"2025-05-31T03:25:17","slug":"prefeito-saulo-souza-inicia-operacao-de-inverno-com-reforco-no-servico-de-acolhimento-para-pessoas-em-situacao-de-rua-e-seus-animais","status":"publish","type":"post","link":"https:\/\/novosaopaulo.com.br\/n1\/prefeito-saulo-souza-inicia-operacao-de-inverno-com-reforco-no-servico-de-acolhimento-para-pessoas-em-situacao-de-rua-e-seus-animais\/","title":{"rendered":"Prefeito Saulo Souza inicia opera\u00e7\u00e3o de inverno com refor\u00e7o no servi\u00e7o de acolhimento para pessoas em situa\u00e7\u00e3o de rua e seus animais"},"content":{"rendered":"\n<p>Com temperaturas em queda, Prefeitura de Po\u00e1 intensifica abordagens e a\u00e7\u00f5es sociais com abrigo, alimenta\u00e7\u00e3o, higiene e apoio tamb\u00e9m para animais de estima\u00e7\u00e3o<\/p>\n\n\n\n<p>Diante da queda nas temperaturas, a Prefeitura de Po\u00e1 est\u00e1 intensificando as a\u00e7\u00f5es de acolhimento para proteger a popula\u00e7\u00e3o em situa\u00e7\u00e3o de rua. Coordenada pela Secretaria de Assist\u00eancia e Desenvolvimento Social, em parceria com o Fundo Social e com o apoio da Defesa Civil, a iniciativa oferece abrigo, alimenta\u00e7\u00e3o, cuidados b\u00e1sicos de higiene e apoio tamb\u00e9m aos animais de estima\u00e7\u00e3o dessas pessoas. O objetivo \u00e9 garantir seguran\u00e7a, dignidade e prote\u00e7\u00e3o imediata durante o per\u00edodo de frio intenso, minimizando os riscos \u00e0 sa\u00fade e \u00e0 vida dos mais vulner\u00e1veis.<br>\u201cVamos oferecer cinco refei\u00e7\u00f5es, uma cama aconchegante, chocolate quente e banho quente. Estamos ao lado das nossas equipes t\u00e9cnicas nessa linda corrente do bem para salvar vidas\u201d, destacou o prefeito Saulo Souza, que, ao lado da primeira-dama e presidente do Fundo Social, Flavia Souza, e do secret\u00e1rio de Assist\u00eancia e Desenvolvimento Social, Wellington Teixeira, apresentou mais detalhes da opera\u00e7\u00e3o de inverno, entre eles melhorias no abrigo, como a troca de colch\u00f5es, roupas de cama e cobertores.<br>Uma das novidades refor\u00e7adas pelo prefeito \u00e9 a inclus\u00e3o dos animais de estima\u00e7\u00e3o da popula\u00e7\u00e3o em situa\u00e7\u00e3o de rua no acolhimento emergencial. Para isso foram disponibilizadas casinhas para abrigar os c\u00e3es, al\u00e9m de ra\u00e7\u00e3o e outros itens. A medida atende a uma demanda recorrente dos beneficiados, que muitas vezes recusam o abrigo por n\u00e3o quererem se separar de seus companheiros. \u201cA gente sabe que muitas dessas pessoas t\u00eam como companhia apenas o seu animalzinho. Garantir que eles tamb\u00e9m tenham abrigo \u00e9 um gesto de respeito e humanidade\u201d, afirmou o prefeito.<\/p>\n\n\n\n<p>Contribui\u00e7\u00e3o da popula\u00e7\u00e3o<br>As a\u00e7\u00f5es de abordagem e acolhimento s\u00e3o realizadas por equipes da Secretaria de Assist\u00eancia e Desenvolvimento Social, que circulam pela cidade em busca de pessoas que ainda n\u00e3o foram inclu\u00eddas na rede de atendimento. O secret\u00e1rio da pasta, Wellington Alves Teixeira, refor\u00e7ou o papel da popula\u00e7\u00e3o nesse processo: \u201cQuem identificar uma pessoa em situa\u00e7\u00e3o de rua que ainda n\u00e3o foi abordada nem acolhida pode entrar em contato com nossas equipes. Elas est\u00e3o de plant\u00e3o para realizar a abordagem social. Dessa maneira, os mun\u00edcipes contribuem para que essas pessoas sejam encaminhadas ao nosso servi\u00e7o de acolhimento\u201d, orientou. O telefone para solicita\u00e7\u00e3o do servi\u00e7o \u00e9 o (11) 4639-9227.<\/p>\n\n\n\n<p>Campanha do Agasalho<br>Al\u00e9m do acolhimento, a cidade segue com a Campanha do Agasalho, que neste ano tem o tema: \u201cPo\u00e1 tem pressa para cuidar e abra\u00e7ar\u201d. A iniciativa, liderada pela primeira-dama e presidente do Fundo Social, conta com quase 200 pontos de coleta espalhados por toda a cidade, incluindo pr\u00e9dios p\u00fablicos, secretarias municipais, escolas, igrejas, supermercados, lojas e empresas parceiras.<br>\u201cA doa\u00e7\u00e3o dos poaenses aquece vidas. Vamos ajudar quem mais precisa nesses dias de frio. Nossos pontos de arrecada\u00e7\u00e3o est\u00e3o por toda cidade. Uma pe\u00e7a de roupa pode fazer toda a diferen\u00e7a\u201d, ressaltou Flavia. A campanha aceita doa\u00e7\u00f5es de roupas de inverno, cobertores, meias, luvas, cal\u00e7ados e outros itens em bom estado. Todos os materiais arrecadados s\u00e3o destinados diretamente \u00e0s pessoas em situa\u00e7\u00e3o de vulnerabilidade atendidas pelas equipes sociais do munic\u00edpio.<\/p>\n\n\n\n<p>Foto: SECOM \/ Prefeitura de Po\u00e1<\/p>\n","protected":false},"excerpt":{"rendered":"<p>Com temperaturas em queda, Prefeitura de Po\u00e1 intensifica abordagens e a\u00e7\u00f5es sociais com abrigo, alimenta\u00e7\u00e3o,&#8230;<\/p>\n","protected":false},"author":1,"featured_media":24220,"comment_status":"open","ping_status":"open","sticky":false,"template":"","format":"standard","meta":{"footnotes":""},"categories":[8],"tags":[],"featured_image_urls":{"full":["https:\/\/novosaopaulo.com.br\/n1\/wp-content\/uploads\/2025\/05\/Operacao_inverno_Poa.jpg",563,1000,false],"thumbnail":["https:\/\/novosaopaulo.com.br\/n1\/wp-content\/uploads\/2025\/05\/Operacao_inverno_Poa-150x150.jpg",150,150,true],"medium":["https:\/\/novosaopaulo.com.br\/n1\/wp-content\/uploads\/2025\/05\/Operacao_inverno_Poa-169x300.jpg",169,300,true],"medium_large":["https:\/\/novosaopaulo.com.br\/n1\/wp-content\/uploads\/2025\/05\/Operacao_inverno_Poa.jpg",563,1000,false],"large":["https:\/\/novosaopaulo.com.br\/n1\/wp-content\/uploads\/2025\/05\/Operacao_inverno_Poa.jpg",563,1000,false],"1536x1536":["https:\/\/novosaopaulo.com.br\/n1\/wp-content\/uploads\/2025\/05\/Operacao_inverno_Poa.jpg",563,1000,false],"2048x2048":["https:\/\/novosaopaulo.com.br\/n1\/wp-content\/uploads\/2025\/05\/Operacao_inverno_Poa.jpg",563,1000,false],"newsever-slider-full":["https:\/\/novosaopaulo.com.br\/n1\/wp-content\/uploads\/2025\/05\/Operacao_inverno_Poa-563x845.jpg",563,845,true],"newsever-featured":["https:\/\/novosaopaulo.com.br\/n1\/wp-content\/uploads\/2025\/05\/Operacao_inverno_Poa.jpg",563,1000,false],"newsever-medium":["https:\/\/novosaopaulo.com.br\/n1\/wp-content\/uploads\/2025\/05\/Operacao_inverno_Poa-563x475.jpg",563,475,true]},"author_info":{"display_name":"Reda\u00e7\u00e3o","author_link":"https:\/\/novosaopaulo.com.br\/n1\/author\/g5poa\/"},"category_info":"<a href=\"https:\/\/novosaopaulo.com.br\/n1\/category\/poa\/\" rel=\"category tag\">Po\u00e1<\/a>","tag_info":"Po\u00e1","comment_count":"0","_links":{"self":[{"href":"https:\/\/novosaopaulo.com.br\/n1\/wp-json\/wp\/v2\/posts\/24219"}],"collection":[{"href":"https:\/\/novosaopaulo.com.br\/n1\/wp-json\/wp\/v2\/posts"}],"about":[{"href":"https:\/\/novosaopaulo.com.br\/n1\/wp-json\/wp\/v2\/types\/post"}],"author":[{"embeddable":true,"href":"https:\/\/novosaopaulo.com.br\/n1\/wp-json\/wp\/v2\/users\/1"}],"replies":[{"embeddable":true,"href":"https:\/\/novosaopaulo.com.br\/n1\/wp-json\/wp\/v2\/comments?post=24219"}],"version-history":[{"count":1,"href":"https:\/\/novosaopaulo.com.br\/n1\/wp-json\/wp\/v2\/posts\/24219\/revisions"}],"predecessor-version":[{"id":24221,"href":"https:\/\/novosaopaulo.com.br\/n1\/wp-json\/wp\/v2\/posts\/24219\/revisions\/24221"}],"wp:featuredmedia":[{"embeddable":true,"href":"https:\/\/novosaopaulo.com.br\/n1\/wp-json\/wp\/v2\/media\/24220"}],"wp:attachment":[{"href":"https:\/\/novosaopaulo.com.br\/n1\/wp-json\/wp\/v2\/media?parent=24219"}],"wp:term":[{"taxonomy":"category","embeddable":true,"href":"https:\/\/novosaopaulo.com.br\/n1\/wp-json\/wp\/v2\/categories?post=24219"},{"taxonomy":"post_tag","embeddable":true,"href":"https:\/\/novosaopaulo.com.br\/n1\/wp-json\/wp\/v2\/tags?post=24219"}],"curies":[{"name":"wp","href":"https:\/\/api.w.org\/{rel}","templated":true}]}}