{"id":24213,"date":"2025-05-31T00:21:29","date_gmt":"2025-05-31T03:21:29","guid":{"rendered":"https:\/\/novosaopaulo.com.br\/n1\/?p=24213"},"modified":"2025-05-31T00:21:30","modified_gmt":"2025-05-31T03:21:30","slug":"associada-do-clube-de-campo-de-mogi-e-campea-paulista-de-karate-kyokushin","status":"publish","type":"post","link":"https:\/\/novosaopaulo.com.br\/n1\/associada-do-clube-de-campo-de-mogi-e-campea-paulista-de-karate-kyokushin\/","title":{"rendered":"Associada do Clube de Campo de Mogi \u00e9 campe\u00e3 paulista de Karat\u00ea Kyokushin"},"content":{"rendered":"\n<p>Atleta mogiana conquista mais um t\u00edtulo e refor\u00e7a a import\u00e2ncia da estrutura do clube na prepara\u00e7\u00e3o esportiva<\/p>\n\n\n\n<p>A atleta mogiana Marina Issa, associada do Clube de Campo de Mogi das Cruzes (CCMC), conquistou o t\u00edtulo do 38\u00b0 Campeonato Paulista de Karat\u00ea Kyokushin, na categoria Absoluto (Adulto). A competi\u00e7\u00e3o ocorreu em Suzano, no Complexo Poliesportivo Paulo Portela, o Portel\u00e3o, no \u00faltimo fim de semana.<\/p>\n\n\n\n<p>Com 18 anos, Marina iniciou sua trajet\u00f3ria no karat\u00ea em 2013. Desde ent\u00e3o, soma vit\u00f3rias relevantes: em 2024, conquistou os t\u00edtulos de campe\u00e3 sul-americana, campe\u00e3 mundial juvenil na Pol\u00f4nia e campe\u00e3 paulista, al\u00e9m de ter sido vice-campe\u00e3 brasileira e terceira colocada no Espanha Open.<\/p>\n\n\n\n<p>No ano anterior, recebeu o Trof\u00e9u Revela\u00e7\u00e3o (Young Lion) no Mundial do Jap\u00e3o. E, em 2022, tamb\u00e9m foi campe\u00e3 sul-americana e paulista, al\u00e9m de vice-campe\u00e3 brasileira.<\/p>\n\n\n\n<p>Marina utiliza as instala\u00e7\u00f5es do clube como parte de sua prepara\u00e7\u00e3o. Seus treinos incluem exerc\u00edcios de condicionamento f\u00edsico e aperfei\u00e7oamento t\u00e9cnico, realizados nas salas e espa\u00e7os esportivos disponibilizados.<\/p>\n\n\n\n<p>Para o presidente do CCMC, Jo\u00e3o Bosco Camargo de Sousa, a conquista refor\u00e7a o papel do clube no desenvolvimento esportivo: \u201cO Clube de Campo sente orgulho ao ver um associado no p\u00f3dio. Somos um celeiro de talentos e, por isso, mantemos o compromisso de oferecer estrutura adequada para que nossos atletas possam se desenvolver\u201d, destacou.<\/p>\n\n\n\n<p>Marina tamb\u00e9m reconhece o apoio que recebe no complexo de esportes e lazer mogiano. \u201cAgrade\u00e7o aos profissionais do clube pelo suporte constante, pela disponibiliza\u00e7\u00e3o dos espa\u00e7os e equipamentos, pela presen\u00e7a nas redes sociais e pelo respeito com o qual me acolhem a cada treino\u201d, afirmou.<\/p>\n","protected":false},"excerpt":{"rendered":"<p>Atleta mogiana conquista mais um t\u00edtulo e refor\u00e7a a import\u00e2ncia da estrutura do clube na&#8230;<\/p>\n","protected":false},"author":1,"featured_media":24214,"comment_status":"open","ping_status":"open","sticky":false,"template":"","format":"standard","meta":{"footnotes":""},"categories":[34],"tags":[],"featured_image_urls":{"full":["https:\/\/novosaopaulo.com.br\/n1\/wp-content\/uploads\/2025\/05\/WhatsApp-Image-2025-05-30-at-16.26.21.jpeg",1024,1366,false],"thumbnail":["https:\/\/novosaopaulo.com.br\/n1\/wp-content\/uploads\/2025\/05\/WhatsApp-Image-2025-05-30-at-16.26.21-150x150.jpeg",150,150,true],"medium":["https:\/\/novosaopaulo.com.br\/n1\/wp-content\/uploads\/2025\/05\/WhatsApp-Image-2025-05-30-at-16.26.21-225x300.jpeg",225,300,true],"medium_large":["https:\/\/novosaopaulo.com.br\/n1\/wp-content\/uploads\/2025\/05\/WhatsApp-Image-2025-05-30-at-16.26.21-768x1025.jpeg",640,854,true],"large":["https:\/\/novosaopaulo.com.br\/n1\/wp-content\/uploads\/2025\/05\/WhatsApp-Image-2025-05-30-at-16.26.21-768x1024.jpeg",640,853,true],"1536x1536":["https:\/\/novosaopaulo.com.br\/n1\/wp-content\/uploads\/2025\/05\/WhatsApp-Image-2025-05-30-at-16.26.21.jpeg",1024,1366,false],"2048x2048":["https:\/\/novosaopaulo.com.br\/n1\/wp-content\/uploads\/2025\/05\/WhatsApp-Image-2025-05-30-at-16.26.21.jpeg",1024,1366,false],"newsever-slider-full":["https:\/\/novosaopaulo.com.br\/n1\/wp-content\/uploads\/2025\/05\/WhatsApp-Image-2025-05-30-at-16.26.21-1024x845.jpeg",1024,845,true],"newsever-featured":["https:\/\/novosaopaulo.com.br\/n1\/wp-content\/uploads\/2025\/05\/WhatsApp-Image-2025-05-30-at-16.26.21.jpeg",1024,1366,false],"newsever-medium":["https:\/\/novosaopaulo.com.br\/n1\/wp-content\/uploads\/2025\/05\/WhatsApp-Image-2025-05-30-at-16.26.21-720x475.jpeg",720,475,true]},"author_info":{"display_name":"Reda\u00e7\u00e3o","author_link":"https:\/\/novosaopaulo.com.br\/n1\/author\/g5poa\/"},"category_info":"<a href=\"https:\/\/novosaopaulo.com.br\/n1\/category\/alto-tiete\/\" rel=\"category tag\">Alto Tiet\u00ea<\/a>","tag_info":"Alto Tiet\u00ea","comment_count":"0","_links":{"self":[{"href":"https:\/\/novosaopaulo.com.br\/n1\/wp-json\/wp\/v2\/posts\/24213"}],"collection":[{"href":"https:\/\/novosaopaulo.com.br\/n1\/wp-json\/wp\/v2\/posts"}],"about":[{"href":"https:\/\/novosaopaulo.com.br\/n1\/wp-json\/wp\/v2\/types\/post"}],"author":[{"embeddable":true,"href":"https:\/\/novosaopaulo.com.br\/n1\/wp-json\/wp\/v2\/users\/1"}],"replies":[{"embeddable":true,"href":"https:\/\/novosaopaulo.com.br\/n1\/wp-json\/wp\/v2\/comments?post=24213"}],"version-history":[{"count":1,"href":"https:\/\/novosaopaulo.com.br\/n1\/wp-json\/wp\/v2\/posts\/24213\/revisions"}],"predecessor-version":[{"id":24215,"href":"https:\/\/novosaopaulo.com.br\/n1\/wp-json\/wp\/v2\/posts\/24213\/revisions\/24215"}],"wp:featuredmedia":[{"embeddable":true,"href":"https:\/\/novosaopaulo.com.br\/n1\/wp-json\/wp\/v2\/media\/24214"}],"wp:attachment":[{"href":"https:\/\/novosaopaulo.com.br\/n1\/wp-json\/wp\/v2\/media?parent=24213"}],"wp:term":[{"taxonomy":"category","embeddable":true,"href":"https:\/\/novosaopaulo.com.br\/n1\/wp-json\/wp\/v2\/categories?post=24213"},{"taxonomy":"post_tag","embeddable":true,"href":"https:\/\/novosaopaulo.com.br\/n1\/wp-json\/wp\/v2\/tags?post=24213"}],"curies":[{"name":"wp","href":"https:\/\/api.w.org\/{rel}","templated":true}]}}