{"id":24207,"date":"2025-05-31T00:16:03","date_gmt":"2025-05-31T03:16:03","guid":{"rendered":"https:\/\/novosaopaulo.com.br\/n1\/?p=24207"},"modified":"2025-05-31T00:16:03","modified_gmt":"2025-05-31T03:16:03","slug":"quebra-cabeca-avine-vinny-lanca-album-completo-com-nove-faixas","status":"publish","type":"post","link":"https:\/\/novosaopaulo.com.br\/n1\/quebra-cabeca-avine-vinny-lanca-album-completo-com-nove-faixas\/","title":{"rendered":"&#8220;Quebra Cabe\u00e7a&#8221;: \u00c1vine Vinny lan\u00e7a \u00e1lbum completo com nove faixas"},"content":{"rendered":"\n<p>EP chega \u00e0s plataformas nesta quinta-feira (29), com in\u00e9ditas \u201cT\u00e1 de Parab\u00e9ns\u201d e \u201cMas Eu N\u00e3o Sou Voc\u00ea\u201d<br>fechando o repert\u00f3rio<\/p>\n\n\n\n<p>O cantor \u00c1vine Vinny lan\u00e7a nesta quinta-feira, 29, o aguardado \u00e1lbum completo &#8220;Quebra Cabe\u00e7a&#8221;, que re\u00fane<br>todas as faixas do projeto audiovisual gravado em Recife no segundo semestre de 2024.<br>A novidade chega \u00e0s plataformas digitais a partir das 21h, incluindo duas m\u00fasicas in\u00e9ditas: &#8220;T\u00e1 de Parab\u00e9ns&#8221;<br>e &#8220;Mas Eu N\u00e3o Sou Voc\u00ea&#8221;.<br>O disco \u00e9 a uni\u00e3o das m\u00fasicas lan\u00e7adas ao longo de duas etapas e conta com participa\u00e7\u00f5es especiais, como<br>Henry Freitas, em &#8220;Guardanapo&#8221;, Grego, em &#8220;Vida de Bebo&#8221;, Raphaela Santos, em &#8220;Se Voc\u00ea Quer Saber&#8221; e<br>Kak\u00e1 e Pedrinho, em &#8220;Talvez&#8221;.<br>Al\u00e9m dessas, outros hits como &#8220;Terapia&#8221;, &#8220;Termina Feio&#8221; e &#8220;Ei, Amor&#8221; tamb\u00e9m fazem parte do \u00e1lbum. O<br>repert\u00f3rio, que mostra a personalidade e autenticidade de \u00c1vine, transita entre o romantismo, a sofr\u00eancia e o<br>ritmo dan\u00e7ante do forronejo.<br>\u201cColocar no mundo esse projeto finalizado \u00e9 uma sensa\u00e7\u00e3o de miss\u00e3o cumprida. Cada m\u00fasica foi pensada<br>como uma pe\u00e7a mesmo, tendo o seu lugar e sua hist\u00f3ria no EP. Ver tudo montado agora, com as duas in\u00e9ditas<br>fechando o ciclo, \u00e9 muito especial. Esse &#8216;Quebra Cabe\u00e7a&#8217; representa mais uma fase importante da minha<br>carreira&#8221;, celebra o cantor.<br>O projeto audiovisual foi gravado em Recife, capital de Pernambuco, no segundo semestre de 2024. Al\u00e9m do<br>lan\u00e7amento nas plataformas de \u00e1udio, os clipes das faixas do EP j\u00e1 est\u00e3o dispon\u00edveis no canal oficial do<br>artista no YouTube.<br>Sobre \u00c1vine Vinny<br>Cantor e compositor, \u00c1vine Vinny vem construindo uma carreira s\u00f3lida no cen\u00e1rio da m\u00fasica, somando mais<br>de um bilh\u00e3o de streams nas plataformas. Natural de Sobral, no Cear\u00e1, conquistou uma legi\u00e3o de f\u00e3s, sempre<br>inovando e experimentando novos conceitos no forronejo. Reinventando o g\u00eanero, em 2021, viralizou nas<br>redes sociais com o hit \u201cCora\u00e7\u00e3o Cachorro\u201d e alcan\u00e7ou Top 01 nas principais plataformas digitais.<br>Em seu \u00faltimo trabalho, \u00c1vine escolheu olhar para as suas ra\u00edzes. O DVD \u201cAo Vivo em Sobral\u201d, lan\u00e7ado em<br>2023, \u00e9 uma homenagem aos 250 anos da cidade. Uma celebra\u00e7\u00e3o da conex\u00e3o do artista com suas ra\u00edzes a<br>fim de compartilhar essa viv\u00eancia \u00fanica com seus f\u00e3s.<br>O projeto especial superou todas as expectativas e registrou mais um marco em sua carreira. Em 2025, ap\u00f3s<br>o sucesso de \u201cAssunto Que D\u00f3i\u201d, de 2024, o cantor lan\u00e7ou seu EP audiovisual, \u201cQuebra Cabe\u00e7a\u201d, somando<br>participa\u00e7\u00f5es e hits com Henry Freitas (\u201cGuardanapo\u201d), Grego (\u201cVida de Bebo\u201d), Kak\u00e1 e Pedrinho (\u201cTalvez\u201d) e,<br>Raphaela Santos (\u201cSe Voc\u00ea Quer Saber\u201d)<br>Com muita brasilidade, o artista explora em suas m\u00fasicas todos os ritmos, trazendo sua personalidade em<br>cada detalhe e inova\u00e7\u00e3o. Desde o lan\u00e7amento de \u201cMaturidade\u201d, uma das m\u00fasicas mais tocadas do Spotify<br>Brasil entre 2018 e 2019, \u00c1vine Vinny conquistou o p\u00fablico com seu talento e carisma.<br>\u00c1vine Vinny em n\u00fameros:<br>Instagram: 1,7M de seguidores<br>Tiktok: 386 mil seguidores<br>YouTube: 1,42M de inscritos<br>Spotify: 1,8M de ouvintes mensais<br>Mais sobre \u00c1vine Vinny<br>Instagram: https:\/\/www.instagram.com\/avinevinny\/<br>Tiktok: https:\/\/www.tiktok.com\/@avinevinny<br>YouTube: https:\/\/www.youtube.com\/@AvineVinny<br>Spotify: https:\/\/open.spotify.com\/intl-pt\/artist\/4KDxYlnGZEiS60pAnfZf4W?si=-L-q1ITLTG&#8211;O5LwERxt9A<\/p>\n","protected":false},"excerpt":{"rendered":"<p>EP chega \u00e0s plataformas nesta quinta-feira (29), com in\u00e9ditas \u201cT\u00e1 de Parab\u00e9ns\u201d e \u201cMas Eu&#8230;<\/p>\n","protected":false},"author":1,"featured_media":24208,"comment_status":"open","ping_status":"open","sticky":false,"template":"","format":"standard","meta":{"footnotes":""},"categories":[2],"tags":[],"featured_image_urls":{"full":["https:\/\/novosaopaulo.com.br\/n1\/wp-content\/uploads\/2025\/05\/capa_avine_quebra-cabeca.jpg",600,600,false],"thumbnail":["https:\/\/novosaopaulo.com.br\/n1\/wp-content\/uploads\/2025\/05\/capa_avine_quebra-cabeca-150x150.jpg",150,150,true],"medium":["https:\/\/novosaopaulo.com.br\/n1\/wp-content\/uploads\/2025\/05\/capa_avine_quebra-cabeca-300x300.jpg",300,300,true],"medium_large":["https:\/\/novosaopaulo.com.br\/n1\/wp-content\/uploads\/2025\/05\/capa_avine_quebra-cabeca.jpg",600,600,false],"large":["https:\/\/novosaopaulo.com.br\/n1\/wp-content\/uploads\/2025\/05\/capa_avine_quebra-cabeca.jpg",600,600,false],"1536x1536":["https:\/\/novosaopaulo.com.br\/n1\/wp-content\/uploads\/2025\/05\/capa_avine_quebra-cabeca.jpg",600,600,false],"2048x2048":["https:\/\/novosaopaulo.com.br\/n1\/wp-content\/uploads\/2025\/05\/capa_avine_quebra-cabeca.jpg",600,600,false],"newsever-slider-full":["https:\/\/novosaopaulo.com.br\/n1\/wp-content\/uploads\/2025\/05\/capa_avine_quebra-cabeca.jpg",600,600,false],"newsever-featured":["https:\/\/novosaopaulo.com.br\/n1\/wp-content\/uploads\/2025\/05\/capa_avine_quebra-cabeca.jpg",600,600,false],"newsever-medium":["https:\/\/novosaopaulo.com.br\/n1\/wp-content\/uploads\/2025\/05\/capa_avine_quebra-cabeca-600x475.jpg",600,475,true]},"author_info":{"display_name":"Reda\u00e7\u00e3o","author_link":"https:\/\/novosaopaulo.com.br\/n1\/author\/g5poa\/"},"category_info":"<a href=\"https:\/\/novosaopaulo.com.br\/n1\/category\/cidades\/\" rel=\"category tag\">Cidades<\/a>","tag_info":"Cidades","comment_count":"0","_links":{"self":[{"href":"https:\/\/novosaopaulo.com.br\/n1\/wp-json\/wp\/v2\/posts\/24207"}],"collection":[{"href":"https:\/\/novosaopaulo.com.br\/n1\/wp-json\/wp\/v2\/posts"}],"about":[{"href":"https:\/\/novosaopaulo.com.br\/n1\/wp-json\/wp\/v2\/types\/post"}],"author":[{"embeddable":true,"href":"https:\/\/novosaopaulo.com.br\/n1\/wp-json\/wp\/v2\/users\/1"}],"replies":[{"embeddable":true,"href":"https:\/\/novosaopaulo.com.br\/n1\/wp-json\/wp\/v2\/comments?post=24207"}],"version-history":[{"count":1,"href":"https:\/\/novosaopaulo.com.br\/n1\/wp-json\/wp\/v2\/posts\/24207\/revisions"}],"predecessor-version":[{"id":24209,"href":"https:\/\/novosaopaulo.com.br\/n1\/wp-json\/wp\/v2\/posts\/24207\/revisions\/24209"}],"wp:featuredmedia":[{"embeddable":true,"href":"https:\/\/novosaopaulo.com.br\/n1\/wp-json\/wp\/v2\/media\/24208"}],"wp:attachment":[{"href":"https:\/\/novosaopaulo.com.br\/n1\/wp-json\/wp\/v2\/media?parent=24207"}],"wp:term":[{"taxonomy":"category","embeddable":true,"href":"https:\/\/novosaopaulo.com.br\/n1\/wp-json\/wp\/v2\/categories?post=24207"},{"taxonomy":"post_tag","embeddable":true,"href":"https:\/\/novosaopaulo.com.br\/n1\/wp-json\/wp\/v2\/tags?post=24207"}],"curies":[{"name":"wp","href":"https:\/\/api.w.org\/{rel}","templated":true}]}}