{"id":24203,"date":"2025-05-29T21:57:03","date_gmt":"2025-05-30T00:57:03","guid":{"rendered":"https:\/\/novosaopaulo.com.br\/n1\/?p=24203"},"modified":"2025-05-29T21:57:04","modified_gmt":"2025-05-30T00:57:04","slug":"a-umc-nao-so-participa-da-festa-do-divino-ela-lidera-inspira-e-protagoniza-esse-momento-de-celebracao-e-tradicao","status":"publish","type":"post","link":"https:\/\/novosaopaulo.com.br\/n1\/a-umc-nao-so-participa-da-festa-do-divino-ela-lidera-inspira-e-protagoniza-esse-momento-de-celebracao-e-tradicao\/","title":{"rendered":"A UMC n\u00e3o s\u00f3 participa da Festa do Divino; ela lidera, inspira e protagoniza esse momento de celebra\u00e7\u00e3o e tradi\u00e7\u00e3o"},"content":{"rendered":"\n<p>Universidade prepara, nesta edi\u00e7\u00e3o, um estande inovador e oferece uma experi\u00eancia imersiva in\u00e9dita na Festa do Divino 2025<\/p>\n\n\n\n<p>A Universidade de Mogi das Cruzes (UMC) deu um passo importante na sua trajet\u00f3ria de presen\u00e7a na Festa do Divino de Mogi das Cruzes, evoluindo de uma atua\u00e7\u00e3o meramente presencial para um papel estrat\u00e9gico e de protagonismo institucional. Este ano, sua participa\u00e7\u00e3o vai al\u00e9m do tradicional: criamos um estande inovador, que oferece uma experi\u00eancia imersiva e sensorial, conectando o p\u00fablico \u00e0 ess\u00eancia da marca UMC e \u00e0 tradi\u00e7\u00e3o da Festa do Divino.<\/p>\n\n\n\n<p>A UMC, que j\u00e1 participa deste evento h\u00e1 mais de cinco d\u00e9cadas, estar\u00e1 mais uma vez presente, mas, neste ano, com uma proposta in\u00e9dita, imersiva e tecnol\u00f3gica. A tradicional Entrada das Bandeiras e a Inaugura\u00e7\u00e3o do Subimp\u00e9rio, realizada em 28 de maio, marca o in\u00edcio das celebra\u00e7\u00f5es, unindo a comunidade acad\u00eamica, devotos e festeiros em um momento de espiritualidade e uni\u00e3o.<\/p>\n\n\n\n<p>O espa\u00e7o UMC em 2025, com aproximadamente 100 metros quadrados, foi cuidadosamente planejado para refletir a grandiosidade, lideran\u00e7a e tradi\u00e7\u00e3o. Nosso espa\u00e7o se expandiu, com o dobro de estrutura dos anos anteriores, de dois para quatro estandes, cada um com 5&#215;5 metros prometendo oferecer uma experi\u00eancia imersiva \u00fanica.<\/p>\n\n\n\n<p>O estande da UMC tem formato de tenda fechada, climatizada, e estar\u00e1 localizado em frente ao Palco Principal da festa. Equipado com recursos audiovisuais, luzes e sons, o estande guiar\u00e1 os visitantes por uma viv\u00eancia sensorial interativa, baseada nos Sete Dons do Esp\u00edrito Santo: Sabedoria, Entendimento, Conselho, Fortaleza, Ci\u00eancia, Piedade e Temor a Deus. Cada dom ser\u00e1 representado por elementos visuais e tecnol\u00f3gicos, alinhados aos valores da UMC, como inova\u00e7\u00e3o, transforma\u00e7\u00e3o social e compromisso com a forma\u00e7\u00e3o humana e acad\u00eamica. Al\u00e9m disso, o espa\u00e7o contar\u00e1 com um painel interativo e ambientes instagram\u00e1veis, tornando a visita uma experi\u00eancia memor\u00e1vel e compartilh\u00e1vel.<\/p>\n\n\n\n<p>A UMC \u00e9 reconhecida por sua tradi\u00e7\u00e3o s\u00f3lida, reputa\u00e7\u00e3o de excel\u00eancia e forte liga\u00e7\u00e3o com a comunidade. Nosso posicionamento na Festa do Divino refor\u00e7a esses atributos, mostrando que somos mais do que uma institui\u00e7\u00e3o de ensino: somos agentes de transforma\u00e7\u00e3o, cultura e progresso. \u201cQueremos que as pessoas se sintam tocadas \u2014 pela f\u00e9 e tamb\u00e9m pela proposta transformadora da Universidade. Esse estande \u00e9, acima de tudo, uma experi\u00eancia que conecta tradi\u00e7\u00e3o com o futuro\u201d, destaca o Prof. Claudio Jos\u00e9 Alves de Brito, Pr\u00f3-Reitor Acad\u00eamico.<\/p>\n\n\n\n<p>A UMC n\u00e3o apenas participa desse momento de celebra\u00e7\u00e3o e tradi\u00e7\u00e3o; ela lidera, inspira e protagoniza essa hist\u00f3ria. Ao unir tecnologia, f\u00e9 e cultura popular, a universidade refor\u00e7a seu papel como agente transformador em Mogi das Cruzes.<\/p>\n\n\n\n<p>Como parte do envolvimento comunit\u00e1rio, a UMC tamb\u00e9m oferecer\u00e1 atendimentos gratuitos, oficinas e distribui\u00e7\u00e3o de brindes especiais para os participantes da experi\u00eancia imersiva. E no dia 06 de junho, uma das tradi\u00e7\u00f5es mais esperadas da festa ser\u00e1 mantido: colaboradores da UMC servir\u00e3o voluntariamente o \u201cAfogado\u201d, prato t\u00edpico mogiano servido ao p\u00fablico \u2014 um gesto que traduz o verdadeiro esp\u00edrito da Festa do Divino.<\/p>\n\n\n\n<p>Neste ano, visitar o estande da UMC na Festa do Divino ser\u00e1 mais do que participar de um evento \u2014 ser\u00e1 viver uma experi\u00eancia inesquec\u00edvel de f\u00e9, aprendizado e encantamento. Venha nos visitar e vivenciar essa nova fase da nossa trajet\u00f3ria. A UMC est\u00e1 presente na Festa do Divino para reafirmar seu papel de lideran\u00e7a, tradi\u00e7\u00e3o e inova\u00e7\u00e3o na constru\u00e7\u00e3o de um futuro melhor para todos.<\/p>\n\n\n\n<p>Programa\u00e7\u00e3o da Festa do Divino 2025<\/p>\n\n\n\n<p>28\/05 \u2013 Entrada das Bandeiras + Subimp\u00e9rio no Campus UMC<br>29\/05 a 08\/06 \u2013 UMC estar\u00e1 na Festa com muitas novidades e um estande imersivo<br>06\/06 \u2013 Distribui\u00e7\u00e3o do Afogado pela UMC<\/p>\n\n\n\n<figure class=\"wp-block-image size-full\"><img fetchpriority=\"high\" decoding=\"async\" width=\"540\" height=\"540\" src=\"https:\/\/novosaopaulo.com.br\/n1\/wp-content\/uploads\/2025\/05\/WhatsApp-Image-2025-05-29-at-19.07.39-1.jpeg\" alt=\"\" class=\"wp-image-24204\" srcset=\"https:\/\/novosaopaulo.com.br\/n1\/wp-content\/uploads\/2025\/05\/WhatsApp-Image-2025-05-29-at-19.07.39-1.jpeg 540w, https:\/\/novosaopaulo.com.br\/n1\/wp-content\/uploads\/2025\/05\/WhatsApp-Image-2025-05-29-at-19.07.39-1-300x300.jpeg 300w, https:\/\/novosaopaulo.com.br\/n1\/wp-content\/uploads\/2025\/05\/WhatsApp-Image-2025-05-29-at-19.07.39-1-150x150.jpeg 150w\" sizes=\"(max-width: 540px) 100vw, 540px\" \/><\/figure>\n","protected":false},"excerpt":{"rendered":"<p>Universidade prepara, nesta edi\u00e7\u00e3o, um estande inovador e oferece uma experi\u00eancia imersiva in\u00e9dita na Festa&#8230;<\/p>\n","protected":false},"author":1,"featured_media":24205,"comment_status":"open","ping_status":"open","sticky":false,"template":"","format":"standard","meta":{"footnotes":""},"categories":[34],"tags":[],"featured_image_urls":{"full":["https:\/\/novosaopaulo.com.br\/n1\/wp-content\/uploads\/2025\/05\/WhatsApp-Image-2025-05-29-at-19.07.39.jpeg",600,400,false],"thumbnail":["https:\/\/novosaopaulo.com.br\/n1\/wp-content\/uploads\/2025\/05\/WhatsApp-Image-2025-05-29-at-19.07.39-150x150.jpeg",150,150,true],"medium":["https:\/\/novosaopaulo.com.br\/n1\/wp-content\/uploads\/2025\/05\/WhatsApp-Image-2025-05-29-at-19.07.39-300x200.jpeg",300,200,true],"medium_large":["https:\/\/novosaopaulo.com.br\/n1\/wp-content\/uploads\/2025\/05\/WhatsApp-Image-2025-05-29-at-19.07.39.jpeg",600,400,false],"large":["https:\/\/novosaopaulo.com.br\/n1\/wp-content\/uploads\/2025\/05\/WhatsApp-Image-2025-05-29-at-19.07.39.jpeg",600,400,false],"1536x1536":["https:\/\/novosaopaulo.com.br\/n1\/wp-content\/uploads\/2025\/05\/WhatsApp-Image-2025-05-29-at-19.07.39.jpeg",600,400,false],"2048x2048":["https:\/\/novosaopaulo.com.br\/n1\/wp-content\/uploads\/2025\/05\/WhatsApp-Image-2025-05-29-at-19.07.39.jpeg",600,400,false],"newsever-slider-full":["https:\/\/novosaopaulo.com.br\/n1\/wp-content\/uploads\/2025\/05\/WhatsApp-Image-2025-05-29-at-19.07.39.jpeg",600,400,false],"newsever-featured":["https:\/\/novosaopaulo.com.br\/n1\/wp-content\/uploads\/2025\/05\/WhatsApp-Image-2025-05-29-at-19.07.39.jpeg",600,400,false],"newsever-medium":["https:\/\/novosaopaulo.com.br\/n1\/wp-content\/uploads\/2025\/05\/WhatsApp-Image-2025-05-29-at-19.07.39.jpeg",600,400,false]},"author_info":{"display_name":"Reda\u00e7\u00e3o","author_link":"https:\/\/novosaopaulo.com.br\/n1\/author\/g5poa\/"},"category_info":"<a href=\"https:\/\/novosaopaulo.com.br\/n1\/category\/alto-tiete\/\" rel=\"category tag\">Alto Tiet\u00ea<\/a>","tag_info":"Alto Tiet\u00ea","comment_count":"0","_links":{"self":[{"href":"https:\/\/novosaopaulo.com.br\/n1\/wp-json\/wp\/v2\/posts\/24203"}],"collection":[{"href":"https:\/\/novosaopaulo.com.br\/n1\/wp-json\/wp\/v2\/posts"}],"about":[{"href":"https:\/\/novosaopaulo.com.br\/n1\/wp-json\/wp\/v2\/types\/post"}],"author":[{"embeddable":true,"href":"https:\/\/novosaopaulo.com.br\/n1\/wp-json\/wp\/v2\/users\/1"}],"replies":[{"embeddable":true,"href":"https:\/\/novosaopaulo.com.br\/n1\/wp-json\/wp\/v2\/comments?post=24203"}],"version-history":[{"count":1,"href":"https:\/\/novosaopaulo.com.br\/n1\/wp-json\/wp\/v2\/posts\/24203\/revisions"}],"predecessor-version":[{"id":24206,"href":"https:\/\/novosaopaulo.com.br\/n1\/wp-json\/wp\/v2\/posts\/24203\/revisions\/24206"}],"wp:featuredmedia":[{"embeddable":true,"href":"https:\/\/novosaopaulo.com.br\/n1\/wp-json\/wp\/v2\/media\/24205"}],"wp:attachment":[{"href":"https:\/\/novosaopaulo.com.br\/n1\/wp-json\/wp\/v2\/media?parent=24203"}],"wp:term":[{"taxonomy":"category","embeddable":true,"href":"https:\/\/novosaopaulo.com.br\/n1\/wp-json\/wp\/v2\/categories?post=24203"},{"taxonomy":"post_tag","embeddable":true,"href":"https:\/\/novosaopaulo.com.br\/n1\/wp-json\/wp\/v2\/tags?post=24203"}],"curies":[{"name":"wp","href":"https:\/\/api.w.org\/{rel}","templated":true}]}}