{"id":24200,"date":"2025-05-29T19:01:13","date_gmt":"2025-05-29T22:01:13","guid":{"rendered":"https:\/\/novosaopaulo.com.br\/n1\/?p=24200"},"modified":"2025-05-29T19:01:14","modified_gmt":"2025-05-29T22:01:14","slug":"nattan-lanca-cara-da-serenata-em-versao-inedita-que-chega-as-plataformas-nesta-quarta-28","status":"publish","type":"post","link":"https:\/\/novosaopaulo.com.br\/n1\/nattan-lanca-cara-da-serenata-em-versao-inedita-que-chega-as-plataformas-nesta-quarta-28\/","title":{"rendered":"Nattan lan\u00e7a \u201cCara da Serenata\u201d em vers\u00e3o in\u00e9dita que chega \u00e0s plataformas nesta quarta (28)"},"content":{"rendered":"\n<p>Em ano de muitas novidades, faixa conhecida do p\u00fablico ganha nova roupagem na voz do cantor<\/p>\n\n\n\n<p>Fa\u00e7a o pr\u00e9-save aqui: <a href=\"https:\/\/bfan.link\/o-cara-da-serenata\" target=\"_blank\" rel=\"noreferrer noopener\">https:\/\/bfan.link\/o-cara-da-serenata<\/a><\/p>\n\n\n\n<p>O cantor e compositor Nattan prepara mais um lan\u00e7amento para os f\u00e3s. O novo single &#8220;Cara da Serenata&#8221; chega \u00e0s plataformas digitais nesta quarta-feira (28), \u00e0s 21h, trazendo uma releitura da m\u00fasica, agora repaginada com sua assinatura vocal e interpreta\u00e7\u00e3o intensa.<\/p>\n\n\n\n<p>Com uma trajet\u00f3ria marcada por sucessos que conquistaram as paradas e embalam milh\u00f5es de playlists, Nattan se consolidou como refer\u00eancia de talento, carisma e emo\u00e7\u00e3o. Suas m\u00fasicas combinam diferentes estilos, alcan\u00e7ando p\u00fablicos variados, sem abrir m\u00e3o da autenticidade &#8211; que \u00e9 a sua marca registrada.<\/p>\n\n\n\n<p>N\u00e3o seria diferente em &#8220;Cara da Serenata&#8221;. Com uma letra afiada que mistura desabafo e ironia, a faixa ganha uma nova roupagem na voz de Nattan, que entrega uma interpreta\u00e7\u00e3o visceral. \u201cDesde a primeira vez que ouvi essa m\u00fasica, me marcou muito. Sempre quis gravar minha pr\u00f3pria vers\u00e3o e trazer toda a minha energia para essa faixa que \u00e9 t\u00e3o forte&#8221;, comenta o cantor.<\/p>\n\n\n\n<p>\u201cCara da Serenata\u201d chega para reafirmar mais uma vez a versatilidade de Nattan e promete conquistar ainda mais f\u00e3s com sua interpreta\u00e7\u00e3o e voz inconfund\u00edveis.<\/p>\n\n\n\n<p>Sobre Nattan<br>Com 26 anos, Nattan \u00e9 um dos maiores nomes da m\u00fasica brasileira atual. Nascido em Sobral e criado em Tiangu\u00e1, no interior do Cear\u00e1, o cantor soma mais de 10 milh\u00f5es de ouvintes mensais no Spotify, 10 milh\u00f5es de seguidores no Instagram e 2 milh\u00f5es de inscritos no YouTube.<br>Em 2023, lan\u00e7ou o EP \u201cPra Quebrar a Cara\u201d e criou a label \u201cDesmanttelo do Nattan\u201d, que se transformou em festival e percorreu o pa\u00eds. No mesmo ano, emplacou o hit \u201cLove Gostosinho\u201d, com Felipe Amorim, com mais de 175 milh\u00f5es de plays e presen\u00e7a no Top 5 de 13 estados. Tamb\u00e9m esteve entre os mais ouvidos em 8 estados e foi o mais adicionado a playlists de forr\u00f3 no Spotify.<br>Em 2024, lan\u00e7ou o projeto \u201cEstilo Nattanzinho\u201d, com destaque para \u201cEu Vou Sentar\u201d (feat. Melody) e \u201cPega Cabuloso\u201d (com Ana Castela). O single \u201cAmor na Praia\u201d tamb\u00e9m chegou ao topo do Spotify Brasil e soma hoje mais de 68 milh\u00f5es de plays.<br>J\u00e1 em 2025, realizou duas apresenta\u00e7\u00f5es em Portugal durante o FestyVybbe e lan\u00e7ou os sucessos \u201cPerversa\u201d e o medley com Roberta Miranda no projeto Deu Vybbe. Entre seus maiores hits est\u00e3o \u201cComunica\u00e7\u00e3o Falhou\u201d, \u201cMorena\u201d e \u201cTem Cabar\u00e9 Essa Noite\u201d.<br>Siga Nattan nas redes sociais:<br>Instagram<br>Youtube<br>Spotify<br>TikTok<br>Facebook<\/p>\n\n\n\n<p>Assessoria de imprensa Nattan &#8211; Novit\u00e0 Comunica\u00e7\u00e3o Estrat\u00e9gica<br>Aline Oliveira &#8211; aline@novitacom.com.br \/ 19 97163-5282<br>Thais Fernandez- thais@novitacom.com.br \/ 19 99792-9861<br>Katia Almeida &#8211; katia.almeida@novitacom.com.br \/ 19 99604-7918<br>TV: Texto Mais Ideias<br>Silvia Colmenero &#8211; silvia@textosmaisideias.com.br<br>Lucas Colmenero &#8211; lucas@textosmaisideias.com.br<\/p>\n","protected":false},"excerpt":{"rendered":"<p>Em ano de muitas novidades, faixa conhecida do p\u00fablico ganha nova roupagem na voz do&#8230;<\/p>\n","protected":false},"author":1,"featured_media":24201,"comment_status":"open","ping_status":"open","sticky":false,"template":"","format":"standard","meta":{"footnotes":""},"categories":[2],"tags":[],"featured_image_urls":{"full":["https:\/\/novosaopaulo.com.br\/n1\/wp-content\/uploads\/2025\/05\/Cara-da-Serenata.jpg",756,754,false],"thumbnail":["https:\/\/novosaopaulo.com.br\/n1\/wp-content\/uploads\/2025\/05\/Cara-da-Serenata-150x150.jpg",150,150,true],"medium":["https:\/\/novosaopaulo.com.br\/n1\/wp-content\/uploads\/2025\/05\/Cara-da-Serenata-300x300.jpg",300,300,true],"medium_large":["https:\/\/novosaopaulo.com.br\/n1\/wp-content\/uploads\/2025\/05\/Cara-da-Serenata.jpg",640,638,false],"large":["https:\/\/novosaopaulo.com.br\/n1\/wp-content\/uploads\/2025\/05\/Cara-da-Serenata.jpg",640,638,false],"1536x1536":["https:\/\/novosaopaulo.com.br\/n1\/wp-content\/uploads\/2025\/05\/Cara-da-Serenata.jpg",756,754,false],"2048x2048":["https:\/\/novosaopaulo.com.br\/n1\/wp-content\/uploads\/2025\/05\/Cara-da-Serenata.jpg",756,754,false],"newsever-slider-full":["https:\/\/novosaopaulo.com.br\/n1\/wp-content\/uploads\/2025\/05\/Cara-da-Serenata.jpg",756,754,false],"newsever-featured":["https:\/\/novosaopaulo.com.br\/n1\/wp-content\/uploads\/2025\/05\/Cara-da-Serenata.jpg",756,754,false],"newsever-medium":["https:\/\/novosaopaulo.com.br\/n1\/wp-content\/uploads\/2025\/05\/Cara-da-Serenata-720x475.jpg",720,475,true]},"author_info":{"display_name":"Reda\u00e7\u00e3o","author_link":"https:\/\/novosaopaulo.com.br\/n1\/author\/g5poa\/"},"category_info":"<a href=\"https:\/\/novosaopaulo.com.br\/n1\/category\/cidades\/\" rel=\"category tag\">Cidades<\/a>","tag_info":"Cidades","comment_count":"0","_links":{"self":[{"href":"https:\/\/novosaopaulo.com.br\/n1\/wp-json\/wp\/v2\/posts\/24200"}],"collection":[{"href":"https:\/\/novosaopaulo.com.br\/n1\/wp-json\/wp\/v2\/posts"}],"about":[{"href":"https:\/\/novosaopaulo.com.br\/n1\/wp-json\/wp\/v2\/types\/post"}],"author":[{"embeddable":true,"href":"https:\/\/novosaopaulo.com.br\/n1\/wp-json\/wp\/v2\/users\/1"}],"replies":[{"embeddable":true,"href":"https:\/\/novosaopaulo.com.br\/n1\/wp-json\/wp\/v2\/comments?post=24200"}],"version-history":[{"count":1,"href":"https:\/\/novosaopaulo.com.br\/n1\/wp-json\/wp\/v2\/posts\/24200\/revisions"}],"predecessor-version":[{"id":24202,"href":"https:\/\/novosaopaulo.com.br\/n1\/wp-json\/wp\/v2\/posts\/24200\/revisions\/24202"}],"wp:featuredmedia":[{"embeddable":true,"href":"https:\/\/novosaopaulo.com.br\/n1\/wp-json\/wp\/v2\/media\/24201"}],"wp:attachment":[{"href":"https:\/\/novosaopaulo.com.br\/n1\/wp-json\/wp\/v2\/media?parent=24200"}],"wp:term":[{"taxonomy":"category","embeddable":true,"href":"https:\/\/novosaopaulo.com.br\/n1\/wp-json\/wp\/v2\/categories?post=24200"},{"taxonomy":"post_tag","embeddable":true,"href":"https:\/\/novosaopaulo.com.br\/n1\/wp-json\/wp\/v2\/tags?post=24200"}],"curies":[{"name":"wp","href":"https:\/\/api.w.org\/{rel}","templated":true}]}}