{"id":24165,"date":"2025-05-29T13:20:52","date_gmt":"2025-05-29T16:20:52","guid":{"rendered":"https:\/\/novosaopaulo.com.br\/n1\/?p=24165"},"modified":"2025-05-29T13:20:53","modified_gmt":"2025-05-29T16:20:53","slug":"dia-mundial-do-meio-ambiente-5-6","status":"publish","type":"post","link":"https:\/\/novosaopaulo.com.br\/n1\/dia-mundial-do-meio-ambiente-5-6\/","title":{"rendered":"Dia Mundial do Meio Ambiente (5\/6)"},"content":{"rendered":"\n<p>Empresa RIO chegar\u00e1 aos 80 anos de atividades com um bom motivo para comemorar: ter o consumo de energia total e comprovadamente renov\u00e1vel<\/p>\n\n\n\n<p>Em 2025, a RIO (Rio do Sul\/SC) reafirma o compromisso com a sustentabilidade, ao priorizar investimentos estrat\u00e9gicos voltados<br>para todos os pilares ESG<\/p>\n\n\n\n<p>Prestes a completar 80 anos de atividades, em janeiro de 2026, a RIO j\u00e1 definiu um dos marcos dessa data hist\u00f3rica: garantir comprovadamente o uso de fontes renov\u00e1veis e descarbonizadas de energia. Como etapa fundamental desse processo, a empresa j\u00e1 recebeu Certificados de Energia Renov\u00e1vel Internacional, ou I-RECs, referentes ao primeiro trimestre de 2025, assegurando para stakeholders internos e externos a utiliza\u00e7\u00e3o auditada de energia hidrel\u00e9trica. A RIO \u2013 Riosulense (Rio do Sul\/SC) est\u00e1 entre as principais fabricantes de pe\u00e7as automotivas da Am\u00e9rica Latina.<\/p>\n\n\n\n<p>O I-REC (International Renewable Energy Certificate) \u00e9 um sistema que certifica a energia renov\u00e1vel, comprovando a origem sustent\u00e1vel da eletricidade consumida por uma empresa. Funciona como um t\u00edtulo, onde os I-RECs s\u00e3o certificados e registrados internacionalmente, pelo Instituto TOTUM, possuindo validade para qualificar o consumo 100% limpo de acordo com as regras do mercado. Eles garantem o rastreamento da origem renov\u00e1vel da energia consumida, por isso, podem ser usados como forma de abatimento das emiss\u00f5es de Gases do Efeito Estufa (GEEs). Cada Certificado corresponde a 1 MWh (megawatt-hora) de energia gerada, portanto, n\u00e3o h\u00e1 um \u00fanico certificado, mas diversos certificados que, juntos, equivalem ao consumo de determinado per\u00edodo.<\/p>\n\n\n\n<p>\u201cA RIO optou pela aquisi\u00e7\u00e3o de I-RECs trimestralmente, ao inv\u00e9s do modelo anual. Com o recebimento dos certificados do primeiro trimestre de 2025, celebramos essa conquista em nosso programa rumo a descarboniza\u00e7\u00e3o, validando a redu\u00e7\u00e3o de 36% das emiss\u00f5es totais da empresa\u201d, afirma Clebson Ferreira, gerente t\u00e9cnico da RIO.<\/p>\n\n\n\n<p>O processo come\u00e7ou com a realiza\u00e7\u00e3o do Invent\u00e1rio de Gases do Efeito Estufa (GEEs) em 2024, incluindo os dados retroativos de 2023. O levantamento permitiu classificar a origem dos mecanismos geradores de emiss\u00f5es, a partir de tr\u00eas categorias utilizadas internacionalmente: emiss\u00f5es geradas diretamente pela empresa (Escopo 1), emiss\u00f5es geradas indiretamente por meio de energia comprada (Escopo 2), e emiss\u00f5es indiretas que ocorrem na cadeia de valor de uma empresa (Escopo 3).<\/p>\n\n\n\n<p>Com o Invent\u00e1rio, foi poss\u00edvel saber exatamente a origem das emiss\u00f5es e definir as a\u00e7\u00f5es a serem tomadas. Em rela\u00e7\u00e3o ao Escopo Total de Emiss\u00f5es, 36% delas provinham do consumo de energia el\u00e9trica. \u201cAo validar que essa energia \u00e9 limpa e renov\u00e1vel, por meio dos I-RECs, a RIO poder\u00e1 abater mais de um ter\u00e7o das suas emiss\u00f5es totais. Al\u00e9m disso, como 100% das emiss\u00f5es do Escopo 2 s\u00e3o provenientes do uso de energia, por meio dos I-RECs ser\u00e1 poss\u00edvel zerar as emiss\u00f5es nesse item. Em outras palavras, a RIO chegar\u00e1 ao pr\u00f3ximo anivers\u00e1rio sem emiss\u00e3o de carbono no Escopo 2\u201d, explica Rog\u00e9rio C. Pereira, Coordenador da Qualidade e Meio Ambiente da RIO.<\/p>\n\n\n\n<p>Os Certificados fazem parte de uma estrat\u00e9gia mais ampla da empresa de ser reconhecida por pr\u00e1ticas ESG. Inicialmente, os investimentos nesse sentido foram concentrados na Gest\u00e3o Ambiental, com foco na obten\u00e7\u00e3o da ISO 14001. A partir desse pilar, est\u00e3o sendo definidos os pr\u00f3ximos passos para tornar a empresa cada vez mais sustent\u00e1vel.<\/p>\n\n\n\n<p>Entre as principais iniciativas a serem adotadas est\u00e3o a elabora\u00e7\u00e3o da Matriz de Materialidade e a defini\u00e7\u00e3o dos Objetivos do Desenvolvimento Sustent\u00e1vel (ODS), da Organiza\u00e7\u00e3o das Na\u00e7\u00f5es Unidas (ONU), vinculados a ela. Isso ajudar\u00e1 a definir as pr\u00f3ximas iniciativas e orientar\u00e1 as necessidades de investimento.<\/p>\n\n\n\n<p>\u201cCertamente, vamos nos dedicar ao Escopo 1, com o objetivo de zerar as emiss\u00f5es geradas internamente. H\u00e1 v\u00e1rias frentes em andamento, e uma das mais avan\u00e7adas \u00e9 a busca pelo Lixo Zero, que abrir\u00e1 muitas oportunidades de atua\u00e7\u00e3o\u201d, acredita Ferreira.<\/p>\n\n\n\n<p>Segundo o executivo alguns investimentos ser\u00e3o destinados a novas pr\u00e1ticas de sustentabilidade, exig\u00eancias de mercado e ajustes de legisla\u00e7\u00e3o, ou dever\u00e3o ocorrer por estrat\u00e9gia competitiva. Um exemplo \u00e9 a adapta\u00e7\u00e3o ao Carbon Border Adjustment Mechanism (CBAM), mecanismo de taxa\u00e7\u00e3o de carbono aduaneiro para produtos exportados para a Uni\u00e3o Europeia (UE).<\/p>\n\n\n\n<p>Outra prioridade ser\u00e1 a produ\u00e7\u00e3o do primeiro Relat\u00f3rio de Sustentabilidade, de acordo com os requisitos da International Financial Reporting Standards (IFRS), que estabelece a divulga\u00e7\u00e3o de informa\u00e7\u00f5es financeiras relacionadas \u00e0 sustentabilidade (IFRS S1) e divulga\u00e7\u00f5es relacionadas ao clima (IFRS S2). \u201cPor estar listada na B3, a RIO ter\u00e1 a obriga\u00e7\u00e3o legal de, a partir do pr\u00f3ximo ano, produzir o seu Relat\u00f3rio de Sustentabilidade. Decidimos testar o modelo neste ano, de forma volunt\u00e1ria, para aprimorar o processo em 2026\u201d, conclui.<\/p>\n\n\n\n<p>Projetos da RIO:<\/p>\n\n\n\n<ul>\n<li>Manufatura Aditiva \u2013 Por meio da impress\u00e3o 3D na fabrica\u00e7\u00e3o de prot\u00f3tipos, h\u00e1 3 anos, a RIO est\u00e1 reduzindo o uso de mat\u00e9ria-prima nas fases experimentais. Isso permite chegar ao design final dos componentes com menos desperd\u00edcio, tamb\u00e9m, de outros itens, como energia el\u00e9trica.<\/li>\n\n\n\n<li>Eu Reciclo \u2013 Selo de Certifica\u00e7\u00e3o Ambiental relacionado \u00e0 log\u00edstica reversa de embalagens p\u00f3s consumo \u2013 papel e pl\u00e1stico, no caso da RIO -, por meio da compensa\u00e7\u00e3o ambiental. Desde 2020, no in\u00edcio de cada ano, a RIO contabiliza a quantidade de embalagens comercializadas no Brasil, a partir do relat\u00f3rio de vendas do ano anterior. A Legisla\u00e7\u00e3o atual solicita a compensa\u00e7\u00e3o de 30% e, desde 2024, a empresa optou por implementar o percentual de 50%, j\u00e1 se antecipando a poss\u00edveis revis\u00f5es dessa norma.<\/li>\n\n\n\n<li>Reaproveitamento de Areia de Fundi\u00e7\u00e3o \u2013 Atualmente, toda a Areia Descartada de Fundi\u00e7\u00e3o (ADF) gerada pela RIO \u00e9 destinada \u00e0 reciclagem por parceiros, em conformidade com a Lei n\u00ba 17.479\/2018. Os principais parceiros da RIO nessa iniciativa utilizam essa areia na fabrica\u00e7\u00e3o de artefatos de concreto. O processo diminui a extra\u00e7\u00e3o de mat\u00e9ria-prima de fontes n\u00e3o renov\u00e1veis e reduz a gera\u00e7\u00e3o de res\u00edduos, ao transformar a areia em mat\u00e9ria-prima, evitando o envio para aterros.<\/li>\n\n\n\n<li>Economia Circular \u2013 A RIO estabeleceu uma parceria com a Hergen, importante fabricante de m\u00e1quinas e equipamentos para a ind\u00fastria de papel instalada em Rio do Sul e que tamb\u00e9m est\u00e1 na jornada ESG. Dela a RIO recebe sucata e a utiliza como mat\u00e9ria-prima no processo de fundi\u00e7\u00e3o. A vantagem \u00e9 que essa sucata \u00e9 um material homog\u00eaneo, com qualidade assegurada e sem contamina\u00e7\u00e3o de outros tipos de metais. Al\u00e9m da redu\u00e7\u00e3o de descarte no meio ambiente, o processo permite que o res\u00edduo ganhe uma sobrevida, antes de perder totalmente a sua utilidade.<\/li>\n\n\n\n<li>Plantio Comemorativo \u2013 Desde o in\u00edcio dessa a\u00e7\u00e3o, em 2002, j\u00e1 foram plantadas pelos colaboradores da RIO cerca de 2 mil \u00e1rvores, em uma \u00e1rea de dois hectares. \u00c9 uma forma de agradecimento anual aos participantes pela dedica\u00e7\u00e3o \u00e0 empresa, que tamb\u00e9m tem contribu\u00eddo para ampliar a consci\u00eancia ambiental. Os colaboradores s\u00e3o convidados, a cada cinco anos de casa, a celebrarem esse per\u00edodo de trabalho com o plantio de uma \u00e1rvore de esp\u00e9cies nativas da Mata Atl\u00e2ntica, respeitando a biodiversidade. \u00c9 um gesto simples, por\u00e9m, repleto de simbolismo, que mant\u00e9m a identidade, a preserva\u00e7\u00e3o e o equil\u00edbrio ambiental e mostra a import\u00e2ncia de contribuir para um futuro mais verde e sustent\u00e1vel.<\/li>\n<\/ul>\n\n\n\n<p>Redes sociais da RIO:<br>@rio.expert<br>https:\/\/www.linkedin.com\/company\/riosulense\/<br>https:\/\/www.facebook.com\/rio.expert<br>https:\/\/www.youtube.com\/@RIOEXPERT<\/p>\n","protected":false},"excerpt":{"rendered":"<p>Empresa RIO chegar\u00e1 aos 80 anos de atividades com um bom motivo para comemorar: ter&#8230;<\/p>\n","protected":false},"author":1,"featured_media":24166,"comment_status":"open","ping_status":"open","sticky":false,"template":"","format":"standard","meta":{"footnotes":""},"categories":[2],"tags":[],"featured_image_urls":{"full":["https:\/\/novosaopaulo.com.br\/n1\/wp-content\/uploads\/2025\/05\/WhatsApp-Image-2025-05-29-at-13.02.23.jpeg",560,314,false],"thumbnail":["https:\/\/novosaopaulo.com.br\/n1\/wp-content\/uploads\/2025\/05\/WhatsApp-Image-2025-05-29-at-13.02.23-150x150.jpeg",150,150,true],"medium":["https:\/\/novosaopaulo.com.br\/n1\/wp-content\/uploads\/2025\/05\/WhatsApp-Image-2025-05-29-at-13.02.23-300x168.jpeg",300,168,true],"medium_large":["https:\/\/novosaopaulo.com.br\/n1\/wp-content\/uploads\/2025\/05\/WhatsApp-Image-2025-05-29-at-13.02.23.jpeg",560,314,false],"large":["https:\/\/novosaopaulo.com.br\/n1\/wp-content\/uploads\/2025\/05\/WhatsApp-Image-2025-05-29-at-13.02.23.jpeg",560,314,false],"1536x1536":["https:\/\/novosaopaulo.com.br\/n1\/wp-content\/uploads\/2025\/05\/WhatsApp-Image-2025-05-29-at-13.02.23.jpeg",560,314,false],"2048x2048":["https:\/\/novosaopaulo.com.br\/n1\/wp-content\/uploads\/2025\/05\/WhatsApp-Image-2025-05-29-at-13.02.23.jpeg",560,314,false],"newsever-slider-full":["https:\/\/novosaopaulo.com.br\/n1\/wp-content\/uploads\/2025\/05\/WhatsApp-Image-2025-05-29-at-13.02.23.jpeg",560,314,false],"newsever-featured":["https:\/\/novosaopaulo.com.br\/n1\/wp-content\/uploads\/2025\/05\/WhatsApp-Image-2025-05-29-at-13.02.23.jpeg",560,314,false],"newsever-medium":["https:\/\/novosaopaulo.com.br\/n1\/wp-content\/uploads\/2025\/05\/WhatsApp-Image-2025-05-29-at-13.02.23.jpeg",560,314,false]},"author_info":{"display_name":"Reda\u00e7\u00e3o","author_link":"https:\/\/novosaopaulo.com.br\/n1\/author\/g5poa\/"},"category_info":"<a href=\"https:\/\/novosaopaulo.com.br\/n1\/category\/cidades\/\" rel=\"category tag\">Cidades<\/a>","tag_info":"Cidades","comment_count":"0","_links":{"self":[{"href":"https:\/\/novosaopaulo.com.br\/n1\/wp-json\/wp\/v2\/posts\/24165"}],"collection":[{"href":"https:\/\/novosaopaulo.com.br\/n1\/wp-json\/wp\/v2\/posts"}],"about":[{"href":"https:\/\/novosaopaulo.com.br\/n1\/wp-json\/wp\/v2\/types\/post"}],"author":[{"embeddable":true,"href":"https:\/\/novosaopaulo.com.br\/n1\/wp-json\/wp\/v2\/users\/1"}],"replies":[{"embeddable":true,"href":"https:\/\/novosaopaulo.com.br\/n1\/wp-json\/wp\/v2\/comments?post=24165"}],"version-history":[{"count":1,"href":"https:\/\/novosaopaulo.com.br\/n1\/wp-json\/wp\/v2\/posts\/24165\/revisions"}],"predecessor-version":[{"id":24167,"href":"https:\/\/novosaopaulo.com.br\/n1\/wp-json\/wp\/v2\/posts\/24165\/revisions\/24167"}],"wp:featuredmedia":[{"embeddable":true,"href":"https:\/\/novosaopaulo.com.br\/n1\/wp-json\/wp\/v2\/media\/24166"}],"wp:attachment":[{"href":"https:\/\/novosaopaulo.com.br\/n1\/wp-json\/wp\/v2\/media?parent=24165"}],"wp:term":[{"taxonomy":"category","embeddable":true,"href":"https:\/\/novosaopaulo.com.br\/n1\/wp-json\/wp\/v2\/categories?post=24165"},{"taxonomy":"post_tag","embeddable":true,"href":"https:\/\/novosaopaulo.com.br\/n1\/wp-json\/wp\/v2\/tags?post=24165"}],"curies":[{"name":"wp","href":"https:\/\/api.w.org\/{rel}","templated":true}]}}