{"id":24127,"date":"2025-05-28T11:09:52","date_gmt":"2025-05-28T14:09:52","guid":{"rendered":"https:\/\/novosaopaulo.com.br\/n1\/?p=24127"},"modified":"2025-05-28T11:09:52","modified_gmt":"2025-05-28T14:09:52","slug":"16a-festa-do-divino-espirito-santo-de-poa","status":"publish","type":"post","link":"https:\/\/novosaopaulo.com.br\/n1\/16a-festa-do-divino-espirito-santo-de-poa\/","title":{"rendered":"16\u00aa. Festa do Divino Esp\u00edrito Santo de Po\u00e1"},"content":{"rendered":"\n<p>No dia 27 de maio, teve a abertura oficial da 16\u00aa. Festa do Divino Esp\u00edrito Santo de Po\u00e1 com uma bel\u00edssima missa celebrada \u00e0s 19h30 pelo p\u00e1roco Reginaldo Martins no sal\u00e3o paroquial da matriz Nossa Senhora de Lourdes, centro da cidade.<br>Ao final da celebra\u00e7\u00e3o, o padre Reginaldo aben\u00e7oou as bandeiras e imp\u00e9rios que estar\u00e3o representados em todos os dias de festa. Amanh\u00e3, dia 28 de maio, ser\u00e1 realizado o levantamento do mastro, com a participa\u00e7\u00e3o de todos os festeiros presentes; na quinta-feira 29, ser\u00e1 realizada a ben\u00e7\u00e3o do Divino para os devotos que trabalhar\u00e3o os nove dias nas barracas para uma reuni\u00e3o geral; e, na sexta-feira, 30, inicia-se a tradicional festa e a novena do Esp\u00edrito Santo at\u00e9 o dia 8 de junho. \u201cS\u00e3o tr\u00eas dias de prepara\u00e7\u00e3o para a nossa grande Festa do Esp\u00edrito Santo, que acontecer\u00e1 em frente \u00e0 igreja matriz\u201d, disse o padre, acrescentando que, a partir do dia 28, haver\u00e1 um padre celebrando a missa no sal\u00e3o paroquial \u00e0s 19h30, iniciando com o padre Ailton, que apresentar\u00e1 seu minist\u00e9rio de m\u00fasica. Em seguida, o padre Leonardo estar\u00e1 presente e, no domingo, haver\u00e1 uma missa das doa\u00e7\u00f5es, \u00e0s 16 horas, na matriz. Ele expressou sua gratid\u00e3o aos colaboradores que tornar\u00e3o a festa poss\u00edvel. Tamb\u00e9m expressou seu agradecimento aos Festeiros deste ano: Givanildo de Almeida Pereira e Vanessa Eloisa da Silva, al\u00e9m dos Capit\u00e3es de Mastro Welington Ramos Pires e Pamella Ramos Pires.<\/p>\n\n\n\n<figure class=\"wp-block-gallery has-nested-images columns-default is-cropped wp-block-gallery-1 is-layout-flex wp-block-gallery-is-layout-flex\">\n<figure class=\"wp-block-image size-large\"><a href=\"https:\/\/novosaopaulo.com.br\/n1\/wp-content\/uploads\/2025\/05\/WhatsApp-Image-2025-05-28-at-10.11.25.jpeg\"><img fetchpriority=\"high\" decoding=\"async\" width=\"1024\" height=\"771\" data-id=\"24130\" src=\"https:\/\/novosaopaulo.com.br\/n1\/wp-content\/uploads\/2025\/05\/WhatsApp-Image-2025-05-28-at-10.11.25-1024x771.jpeg\" alt=\"\" class=\"wp-image-24130\" srcset=\"https:\/\/novosaopaulo.com.br\/n1\/wp-content\/uploads\/2025\/05\/WhatsApp-Image-2025-05-28-at-10.11.25-1024x771.jpeg 1024w, https:\/\/novosaopaulo.com.br\/n1\/wp-content\/uploads\/2025\/05\/WhatsApp-Image-2025-05-28-at-10.11.25-300x226.jpeg 300w, https:\/\/novosaopaulo.com.br\/n1\/wp-content\/uploads\/2025\/05\/WhatsApp-Image-2025-05-28-at-10.11.25-768x578.jpeg 768w, https:\/\/novosaopaulo.com.br\/n1\/wp-content\/uploads\/2025\/05\/WhatsApp-Image-2025-05-28-at-10.11.25-1536x1156.jpeg 1536w, https:\/\/novosaopaulo.com.br\/n1\/wp-content\/uploads\/2025\/05\/WhatsApp-Image-2025-05-28-at-10.11.25.jpeg 1600w\" sizes=\"(max-width: 1024px) 100vw, 1024px\" \/><\/a><\/figure>\n\n\n\n<figure class=\"wp-block-image size-large\"><a href=\"https:\/\/novosaopaulo.com.br\/n1\/wp-content\/uploads\/2025\/05\/WhatsApp-Image-2025-05-28-at-10.11.24-1.jpeg\"><img decoding=\"async\" width=\"1024\" height=\"771\" data-id=\"24128\" src=\"https:\/\/novosaopaulo.com.br\/n1\/wp-content\/uploads\/2025\/05\/WhatsApp-Image-2025-05-28-at-10.11.24-1-1024x771.jpeg\" alt=\"\" class=\"wp-image-24128\" srcset=\"https:\/\/novosaopaulo.com.br\/n1\/wp-content\/uploads\/2025\/05\/WhatsApp-Image-2025-05-28-at-10.11.24-1-1024x771.jpeg 1024w, https:\/\/novosaopaulo.com.br\/n1\/wp-content\/uploads\/2025\/05\/WhatsApp-Image-2025-05-28-at-10.11.24-1-300x226.jpeg 300w, https:\/\/novosaopaulo.com.br\/n1\/wp-content\/uploads\/2025\/05\/WhatsApp-Image-2025-05-28-at-10.11.24-1-768x578.jpeg 768w, https:\/\/novosaopaulo.com.br\/n1\/wp-content\/uploads\/2025\/05\/WhatsApp-Image-2025-05-28-at-10.11.24-1-1536x1156.jpeg 1536w, https:\/\/novosaopaulo.com.br\/n1\/wp-content\/uploads\/2025\/05\/WhatsApp-Image-2025-05-28-at-10.11.24-1.jpeg 1600w\" sizes=\"(max-width: 1024px) 100vw, 1024px\" \/><\/a><\/figure>\n\n\n\n<figure class=\"wp-block-image size-large\"><a href=\"https:\/\/novosaopaulo.com.br\/n1\/wp-content\/uploads\/2025\/05\/WhatsApp-Image-2025-05-28-at-10.11.24.jpeg\"><img decoding=\"async\" width=\"1024\" height=\"771\" data-id=\"24129\" src=\"https:\/\/novosaopaulo.com.br\/n1\/wp-content\/uploads\/2025\/05\/WhatsApp-Image-2025-05-28-at-10.11.24-1024x771.jpeg\" alt=\"\" class=\"wp-image-24129\" srcset=\"https:\/\/novosaopaulo.com.br\/n1\/wp-content\/uploads\/2025\/05\/WhatsApp-Image-2025-05-28-at-10.11.24-1024x771.jpeg 1024w, https:\/\/novosaopaulo.com.br\/n1\/wp-content\/uploads\/2025\/05\/WhatsApp-Image-2025-05-28-at-10.11.24-300x226.jpeg 300w, https:\/\/novosaopaulo.com.br\/n1\/wp-content\/uploads\/2025\/05\/WhatsApp-Image-2025-05-28-at-10.11.24-768x578.jpeg 768w, https:\/\/novosaopaulo.com.br\/n1\/wp-content\/uploads\/2025\/05\/WhatsApp-Image-2025-05-28-at-10.11.24-1536x1156.jpeg 1536w, https:\/\/novosaopaulo.com.br\/n1\/wp-content\/uploads\/2025\/05\/WhatsApp-Image-2025-05-28-at-10.11.24.jpeg 1600w\" sizes=\"(max-width: 1024px) 100vw, 1024px\" \/><\/a><\/figure>\n<\/figure>\n","protected":false},"excerpt":{"rendered":"<p>No dia 27 de maio, teve a abertura oficial da 16\u00aa. Festa do Divino Esp\u00edrito&#8230;<\/p>\n","protected":false},"author":1,"featured_media":24130,"comment_status":"open","ping_status":"open","sticky":false,"template":"","format":"standard","meta":{"footnotes":""},"categories":[8],"tags":[],"featured_image_urls":{"full":["https:\/\/novosaopaulo.com.br\/n1\/wp-content\/uploads\/2025\/05\/WhatsApp-Image-2025-05-28-at-10.11.25.jpeg",1600,1204,false],"thumbnail":["https:\/\/novosaopaulo.com.br\/n1\/wp-content\/uploads\/2025\/05\/WhatsApp-Image-2025-05-28-at-10.11.25-150x150.jpeg",150,150,true],"medium":["https:\/\/novosaopaulo.com.br\/n1\/wp-content\/uploads\/2025\/05\/WhatsApp-Image-2025-05-28-at-10.11.25-300x226.jpeg",300,226,true],"medium_large":["https:\/\/novosaopaulo.com.br\/n1\/wp-content\/uploads\/2025\/05\/WhatsApp-Image-2025-05-28-at-10.11.25-768x578.jpeg",640,482,true],"large":["https:\/\/novosaopaulo.com.br\/n1\/wp-content\/uploads\/2025\/05\/WhatsApp-Image-2025-05-28-at-10.11.25-1024x771.jpeg",640,482,true],"1536x1536":["https:\/\/novosaopaulo.com.br\/n1\/wp-content\/uploads\/2025\/05\/WhatsApp-Image-2025-05-28-at-10.11.25-1536x1156.jpeg",1536,1156,true],"2048x2048":["https:\/\/novosaopaulo.com.br\/n1\/wp-content\/uploads\/2025\/05\/WhatsApp-Image-2025-05-28-at-10.11.25.jpeg",1600,1204,false],"newsever-slider-full":["https:\/\/novosaopaulo.com.br\/n1\/wp-content\/uploads\/2025\/05\/WhatsApp-Image-2025-05-28-at-10.11.25-1280x845.jpeg",1280,845,true],"newsever-featured":["https:\/\/novosaopaulo.com.br\/n1\/wp-content\/uploads\/2025\/05\/WhatsApp-Image-2025-05-28-at-10.11.25-1024x771.jpeg",1024,771,true],"newsever-medium":["https:\/\/novosaopaulo.com.br\/n1\/wp-content\/uploads\/2025\/05\/WhatsApp-Image-2025-05-28-at-10.11.25-720x475.jpeg",720,475,true]},"author_info":{"display_name":"Reda\u00e7\u00e3o","author_link":"https:\/\/novosaopaulo.com.br\/n1\/author\/g5poa\/"},"category_info":"<a href=\"https:\/\/novosaopaulo.com.br\/n1\/category\/poa\/\" rel=\"category tag\">Po\u00e1<\/a>","tag_info":"Po\u00e1","comment_count":"0","_links":{"self":[{"href":"https:\/\/novosaopaulo.com.br\/n1\/wp-json\/wp\/v2\/posts\/24127"}],"collection":[{"href":"https:\/\/novosaopaulo.com.br\/n1\/wp-json\/wp\/v2\/posts"}],"about":[{"href":"https:\/\/novosaopaulo.com.br\/n1\/wp-json\/wp\/v2\/types\/post"}],"author":[{"embeddable":true,"href":"https:\/\/novosaopaulo.com.br\/n1\/wp-json\/wp\/v2\/users\/1"}],"replies":[{"embeddable":true,"href":"https:\/\/novosaopaulo.com.br\/n1\/wp-json\/wp\/v2\/comments?post=24127"}],"version-history":[{"count":1,"href":"https:\/\/novosaopaulo.com.br\/n1\/wp-json\/wp\/v2\/posts\/24127\/revisions"}],"predecessor-version":[{"id":24131,"href":"https:\/\/novosaopaulo.com.br\/n1\/wp-json\/wp\/v2\/posts\/24127\/revisions\/24131"}],"wp:featuredmedia":[{"embeddable":true,"href":"https:\/\/novosaopaulo.com.br\/n1\/wp-json\/wp\/v2\/media\/24130"}],"wp:attachment":[{"href":"https:\/\/novosaopaulo.com.br\/n1\/wp-json\/wp\/v2\/media?parent=24127"}],"wp:term":[{"taxonomy":"category","embeddable":true,"href":"https:\/\/novosaopaulo.com.br\/n1\/wp-json\/wp\/v2\/categories?post=24127"},{"taxonomy":"post_tag","embeddable":true,"href":"https:\/\/novosaopaulo.com.br\/n1\/wp-json\/wp\/v2\/tags?post=24127"}],"curies":[{"name":"wp","href":"https:\/\/api.w.org\/{rel}","templated":true}]}}