{"id":24078,"date":"2025-05-26T19:26:33","date_gmt":"2025-05-26T22:26:33","guid":{"rendered":"https:\/\/novosaopaulo.com.br\/n1\/?p=24078"},"modified":"2025-05-26T19:26:34","modified_gmt":"2025-05-26T22:26:34","slug":"precisamos-de-nova-constituicao","status":"publish","type":"post","link":"https:\/\/novosaopaulo.com.br\/n1\/precisamos-de-nova-constituicao\/","title":{"rendered":"Precisamos de nova Constitui\u00e7\u00e3o?"},"content":{"rendered":"\n<p>\u201cN\u00f3s n\u00e3o temos mais Constitui\u00e7\u00e3o no Brasil. Temos, na verdade, onze \u2018Constitui\u00e7\u00f5es ambulantes\u2019. Numa hora, uma est\u00e1 em Brasilia, outra em Nova York, outra em S\u00e3o Paulo\u2026 Cada ministro (do STF) \u00e9 uma Constitui\u00e7\u00e3o porque interpreta a Carta Magna como quiser e de acordo com o seu entendimento\u201d. Dentro da longa vida p\u00edblica cumprida, Aldo Rebelo, ex-ministro da Defesa e outras pastas, deputado federal por seis legislaturas e presidente da C\u00e2mara, diz entender que \u201ca Constitui\u00e7\u00e3o de 1988 j\u00e1 esgotou o seu prazo de validade\u201d. Sua opini\u00e3o est\u00e1 dispon\u00edvel em publica\u00e7\u00f5es nas redes sociais.<br>\u201cInfelizmente, ela foi feita num momento muito infeliz, logo depois do regime militar. As lideran\u00e7as civis queriam fazer um acerto de contas com os militares porque fecharam o Congresso, cassaram mandatos\u2026 Reuniram-se todos \u2013 progressistas e conservadores \u2013 e chegaram \u00e0 conclus\u00e3o de que vacinar contra a institui\u00e7\u00e3o militar era empoderar corpora\u00e7\u00f5es civis. Empoderaram o Judici\u00e1rio, o Minist\u00e9rio P\u00fablico e todo mundo.<br>Depois, o Supremo ganhou autonomia, na \u00e9poca do presidente Fernando Collor. A oposi\u00e7\u00e3o ao governo era a tr\u00edade formada por um representante do Minist\u00e9rio P\u00fablico, um jornalista de um ve\u00edculo nacional e um deputado da oposi\u00e7\u00e3o. Quando a oposi\u00e7\u00e3o perdia uma vota\u00e7\u00e3o dentro do Congresso, ela recorria ao Supremo contra sua institui\u00e7\u00e3o, que era o Legislativo. E o Supremo foi tomando gosto por arbitrar as disputas dentro do Legislativo. Chegou ao ponto de o Supremo querer decidir quem o presidente (ou a presidente) da Rep\u00fablica? escolhe como ministro. Isso gera uma inseguran\u00e7a jur\u00eddica completa para todos. Para os indiv\u00edduos, para as empresas, o governo e o pr\u00f3prio Congresso. Alimenta o crocodilo e ser\u00e1 devorado por \u00faltimo\u201d.- acentua o ex-ministro e parlamentar.<br>As considera\u00e7\u00f5es do ex-ministro e parlamentar, que viveu no meio durante os acontecimento, merecem reflex\u00e3o. Especialmente num tempo, como o atual, onde os Tr\u00eas Poderes divergem grandemente e, com isso, poder\u00e3o lan\u00e7ar o Pa\u00eds \u00e0 instabilidade pol\u00edtica e social.<br>Os detentores do poder, independente de qual deles, deveriam raciocinar sobre a continua\u00e7\u00e3o da validade da Constitui\u00e7\u00e3o para o equil\u00edbrio nacional. Mas a maioria deles, possivelmente por serem autores do texto elaborado em 1987\/88 ou sucessores daqueles que o escreveram, parece terem o interesse de abiscoitar a parcela de poder que a Carta pode lhes conferir em vez de pensar em sua reforma (que \u00e9 a proposta velada de Rebelo). \u00c9 preciso verificar se com 135 emendas j\u00e1 incorporadas ao texto, o instrumento legal ainda continua atendendo aos objetivos para o que foi criado. E estudar detidamente a necessidade (ou n\u00e3o) de refaz\u00ea-lo para atender as atuais necessidades das institui\u00e7\u00f5es e da popula\u00e7\u00e3o.<\/p>\n\n\n\n<p>Desatualizado, em vez de garantir o bem-estar geral, esse diploma legal poder\u00e1, ao contr\u00e1rio, levar a Na\u00e7\u00e3o ao caos e desordem. Algu\u00e9m enquanto ainda \u00e9 tempo.<\/p>\n\n\n\n<p>Tenente Dirceu Cardoso Gon\u00e7alves &#8211; dirigente da ASPOMIL (Associa\u00e7\u00e3o de Assist. Social dos Policiais Militares de S\u00e3o Paulo).<\/p>\n","protected":false},"excerpt":{"rendered":"<p>\u201cN\u00f3s n\u00e3o temos mais Constitui\u00e7\u00e3o no Brasil. Temos, na verdade, onze \u2018Constitui\u00e7\u00f5es ambulantes\u2019. Numa hora,&#8230;<\/p>\n","protected":false},"author":1,"featured_media":23327,"comment_status":"open","ping_status":"open","sticky":false,"template":"","format":"standard","meta":{"footnotes":""},"categories":[9],"tags":[],"featured_image_urls":{"full":["https:\/\/novosaopaulo.com.br\/n1\/wp-content\/uploads\/2025\/04\/Tenente-Dirceu-Cardoso-Goncalves.jpg",600,564,false],"thumbnail":["https:\/\/novosaopaulo.com.br\/n1\/wp-content\/uploads\/2025\/04\/Tenente-Dirceu-Cardoso-Goncalves-150x150.jpg",150,150,true],"medium":["https:\/\/novosaopaulo.com.br\/n1\/wp-content\/uploads\/2025\/04\/Tenente-Dirceu-Cardoso-Goncalves-300x282.jpg",300,282,true],"medium_large":["https:\/\/novosaopaulo.com.br\/n1\/wp-content\/uploads\/2025\/04\/Tenente-Dirceu-Cardoso-Goncalves.jpg",600,564,false],"large":["https:\/\/novosaopaulo.com.br\/n1\/wp-content\/uploads\/2025\/04\/Tenente-Dirceu-Cardoso-Goncalves.jpg",600,564,false],"1536x1536":["https:\/\/novosaopaulo.com.br\/n1\/wp-content\/uploads\/2025\/04\/Tenente-Dirceu-Cardoso-Goncalves.jpg",600,564,false],"2048x2048":["https:\/\/novosaopaulo.com.br\/n1\/wp-content\/uploads\/2025\/04\/Tenente-Dirceu-Cardoso-Goncalves.jpg",600,564,false],"newsever-slider-full":["https:\/\/novosaopaulo.com.br\/n1\/wp-content\/uploads\/2025\/04\/Tenente-Dirceu-Cardoso-Goncalves.jpg",600,564,false],"newsever-featured":["https:\/\/novosaopaulo.com.br\/n1\/wp-content\/uploads\/2025\/04\/Tenente-Dirceu-Cardoso-Goncalves.jpg",600,564,false],"newsever-medium":["https:\/\/novosaopaulo.com.br\/n1\/wp-content\/uploads\/2025\/04\/Tenente-Dirceu-Cardoso-Goncalves-600x475.jpg",600,475,true]},"author_info":{"display_name":"Reda\u00e7\u00e3o","author_link":"https:\/\/novosaopaulo.com.br\/n1\/author\/g5poa\/"},"category_info":"<a href=\"https:\/\/novosaopaulo.com.br\/n1\/category\/geral\/\" rel=\"category tag\">Geral<\/a>","tag_info":"Geral","comment_count":"0","_links":{"self":[{"href":"https:\/\/novosaopaulo.com.br\/n1\/wp-json\/wp\/v2\/posts\/24078"}],"collection":[{"href":"https:\/\/novosaopaulo.com.br\/n1\/wp-json\/wp\/v2\/posts"}],"about":[{"href":"https:\/\/novosaopaulo.com.br\/n1\/wp-json\/wp\/v2\/types\/post"}],"author":[{"embeddable":true,"href":"https:\/\/novosaopaulo.com.br\/n1\/wp-json\/wp\/v2\/users\/1"}],"replies":[{"embeddable":true,"href":"https:\/\/novosaopaulo.com.br\/n1\/wp-json\/wp\/v2\/comments?post=24078"}],"version-history":[{"count":1,"href":"https:\/\/novosaopaulo.com.br\/n1\/wp-json\/wp\/v2\/posts\/24078\/revisions"}],"predecessor-version":[{"id":24079,"href":"https:\/\/novosaopaulo.com.br\/n1\/wp-json\/wp\/v2\/posts\/24078\/revisions\/24079"}],"wp:featuredmedia":[{"embeddable":true,"href":"https:\/\/novosaopaulo.com.br\/n1\/wp-json\/wp\/v2\/media\/23327"}],"wp:attachment":[{"href":"https:\/\/novosaopaulo.com.br\/n1\/wp-json\/wp\/v2\/media?parent=24078"}],"wp:term":[{"taxonomy":"category","embeddable":true,"href":"https:\/\/novosaopaulo.com.br\/n1\/wp-json\/wp\/v2\/categories?post=24078"},{"taxonomy":"post_tag","embeddable":true,"href":"https:\/\/novosaopaulo.com.br\/n1\/wp-json\/wp\/v2\/tags?post=24078"}],"curies":[{"name":"wp","href":"https:\/\/api.w.org\/{rel}","templated":true}]}}