{"id":24037,"date":"2025-05-22T18:46:22","date_gmt":"2025-05-22T21:46:22","guid":{"rendered":"https:\/\/novosaopaulo.com.br\/n1\/?p=24037"},"modified":"2025-05-22T18:54:25","modified_gmt":"2025-05-22T21:54:25","slug":"monsenhor-dorival-sera-homenageado-pela-camara-de-mogi-por-seus-40-anos-de-sacerdocio","status":"publish","type":"post","link":"https:\/\/novosaopaulo.com.br\/n1\/monsenhor-dorival-sera-homenageado-pela-camara-de-mogi-por-seus-40-anos-de-sacerdocio\/","title":{"rendered":"Monsenhor Dorival ser\u00e1 homenageado pela C\u00e2mara de Mogi por seus 40 anos de sacerd\u00f3cio"},"content":{"rendered":"\n<p>A C\u00e2mara Municipal de Mogi das Cruzes realizar\u00e1 uma sess\u00e3o solene no dia 28 de maio, \u00e0s 19h30, para conceder o Diploma de Honra ao M\u00e9rito ao Reverend\u00edssimo Monsenhor Dorival Aparecido de Moraes, em reconhecimento aos seus 40 anos de dedica\u00e7\u00e3o ao sacerd\u00f3cio e aos relevantes servi\u00e7os prestados \u00e0 comunidade cat\u00f3lica da cidade e do Alto Tiet\u00ea. A iniciativa da homenagem \u00e9 do vereador Johnross (PRD), que destacou a import\u00e2ncia do monsenhor para a comunidade mogiana e sua trajet\u00f3ria religiosa.<\/p>\n\n\n\n<p>A Celebra\u00e7\u00e3o Eucar\u00edstica do Jubileu de Esmeralda vai ser realizada no dia 2 de junho, \u00e0s 19h, na Catedral de Santana presidida pelo cardeal Dom Odilo Pedro Scherer concelebrada pelo Bispo Diocesano Dom Pedro Luiz Stringhini, e outros bispos e sacerdotes.<\/p>\n\n\n\n<p>Natural de Taubat\u00e9 (SP), Monsenhor Dorival nasceu em 22 de mar\u00e7o de 1954. Foi ordenado di\u00e1cono em 20 de janeiro de 1985, na Par\u00f3quia S\u00e3o Sebasti\u00e3o, em Suzano (SP), e presb\u00edtero em 2 de junho do mesmo ano, pelas m\u00e3os de Dom Em\u00edlio Pignoli. Ao longo de sua jornada, atuou como p\u00e1roco em diversas par\u00f3quias, incluindo a Par\u00f3quia Nossa Senhora de Lourdes, em Po\u00e1, e o Santu\u00e1rio Sagrado Cora\u00e7\u00e3o de Jesus, em Mogi das Cruzes. Desde 2021, \u00e9 p\u00e1roco e cura da Catedral Diocesana de Sant\u2019Ana, onde tem conduzido um intenso trabalho de restaura\u00e7\u00e3o do templo e promovido uma evangeliza\u00e7\u00e3o acolhedora e ativa. Em 2000, ele recebeu o T\u00edtulo de Cidad\u00e3o Mogiano, uma das maiores honrarias que a cidade entrega \u00e0s pessoas que fazem o bem pela popula\u00e7\u00e3o.<\/p>\n\n\n\n<p>Em 2 de fevereiro de 2024, recebeu o t\u00edtulo de Monsenhor Capel\u00e3o de Sua Santidade, concedido pelo Papa Francisco, a pedido do Bispo Diocesano Dom Pedro Luiz Stringhini, em reconhecimento \u00e0 sua dedica\u00e7\u00e3o ao sacerd\u00f3cio e aos relevantes servi\u00e7os prestados \u00e0 Igreja e ao povo de Deus.<\/p>\n\n\n\n<p>Um dos momentos mais marcantes de seu minist\u00e9rio \u00e9 a Missa de Nossa Senhora Rosa M\u00edstica, realizada todo dia 15 de cada m\u00eas, h\u00e1 35 anos. Essa celebra\u00e7\u00e3o re\u00fane milhares de fi\u00e9is do Alto Tiet\u00ea e se destaca pelo impacto social, com toneladas de mantimentos doados e distribu\u00eddos a institui\u00e7\u00f5es e pessoas assistidas por elas.<\/p>\n\n\n\n<p>Al\u00e9m de suas fun\u00e7\u00f5es paroquiais, Monsenhor Dorival \u00e9 autor de tr\u00eas livros: \u201cQuando Deus Decide Falar\u201d, \u201cA B\u00edblia do D\u00edzimo\u201d e \u201cO D\u00edzimo e as Ofertas\u201d. Tamb\u00e9m gravou dois CDs musicais: \u201c2000 Anos com Maria\u201d e \u201cMaria da Paz, Rumo ao Novo Mil\u00eanio\u201d.<\/p>\n\n\n\n<p>\u201cQuero agradecer a Deus, a Diocese que me acolheu e ao povo de Deus a quem eu sirvo amando e amo servindo. E convido a todos para participar deste momento especial de f\u00e9, gratid\u00e3o e celebra\u00e7\u00e3o\u201d, ressaltou o Monsenhor Dorival.<\/p>\n\n\n\n<p>Convite Especial<\/p>\n\n\n\n<p>\u00c9 com grande alegria que convidamos para as comemora\u00e7\u00f5es do Jubileu de Esmeralda &#8211; 40 anos de sacerd\u00f3cio &#8211; do Monsenhor Dorival Aparecido de Moraes, p\u00e1roco e cura da Catedral de Sant\u2019Ana.<\/p>\n\n\n\n<p>Programa\u00e7\u00e3o:<\/p>\n\n\n\n<p>\ud83d\udccd Dia 28 de maio de 2025, \u00e0s 19h30<br>Sess\u00e3o Solene na C\u00e2mara Municipal de Mogi das Cruzes<br>Entrega do Diploma de Honra ao M\u00e9rito ao Monsenhor Dorival<br>Endere\u00e7o: Av. Vereador Narciso Yague Guimar\u00e3es, 381 \u2013 Centro C\u00edvico \u2013 Mogi das Cruzes\/SP<\/p>\n\n\n\n<p>\ud83d\udccd Dia 02 de junho de 2025, \u00e0s 19h00<br>Celebra\u00e7\u00e3o Eucar\u00edstica em A\u00e7\u00e3o de Gra\u00e7as<br>Presidida por Sua Emin\u00eancia Dom Odilo Pedro, Cardeal Scherer,<br>e concelebrada por Dom Pedro Luiz Stringhini, Bispo Diocesano.<br>Local: Catedral de Sant\u2019Ana \u2013 Pra\u00e7a Coronel Benedito de Almeida, 69 \u2013 Centro \u2013 Mogi das Cruzes\/SP<\/p>\n\n\n\n<p>Todos est\u00e3o convidados a participar deste momento especial de f\u00e9, gratid\u00e3o e celebra\u00e7\u00e3o!<\/p>\n\n\n\n<p>\u201cO Esp\u00edrito do Senhor est\u00e1 sobre mim, pois Ele me ungiu para evangelizar.\u201d<br>Lc 4,18<\/p>\n\n\n\n<p><\/p>\n\n\n\n<figure class=\"wp-block-image size-full\"><img fetchpriority=\"high\" decoding=\"async\" width=\"578\" height=\"771\" src=\"https:\/\/novosaopaulo.com.br\/n1\/wp-content\/uploads\/2025\/05\/Dorival-Missa-Convite-Especial-2025.jpg\" alt=\"\" class=\"wp-image-24045\" srcset=\"https:\/\/novosaopaulo.com.br\/n1\/wp-content\/uploads\/2025\/05\/Dorival-Missa-Convite-Especial-2025.jpg 578w, https:\/\/novosaopaulo.com.br\/n1\/wp-content\/uploads\/2025\/05\/Dorival-Missa-Convite-Especial-2025-225x300.jpg 225w\" sizes=\"(max-width: 578px) 100vw, 578px\" \/><\/figure>\n\n\n\n<p><\/p>\n\n\n\n<p><\/p>\n\n\n\n<figure class=\"wp-block-gallery has-nested-images columns-default is-cropped wp-block-gallery-1 is-layout-flex wp-block-gallery-is-layout-flex\">\n<figure class=\"wp-block-image size-large\"><a href=\"https:\/\/novosaopaulo.com.br\/n1\/wp-content\/uploads\/2025\/05\/WhatsApp-Image-2025-05-22-at-15.03.51.jpeg\"><img decoding=\"async\" width=\"682\" height=\"1024\" data-id=\"24039\" src=\"https:\/\/novosaopaulo.com.br\/n1\/wp-content\/uploads\/2025\/05\/WhatsApp-Image-2025-05-22-at-15.03.51-682x1024.jpeg\" alt=\"\" class=\"wp-image-24039\" srcset=\"https:\/\/novosaopaulo.com.br\/n1\/wp-content\/uploads\/2025\/05\/WhatsApp-Image-2025-05-22-at-15.03.51-682x1024.jpeg 682w, https:\/\/novosaopaulo.com.br\/n1\/wp-content\/uploads\/2025\/05\/WhatsApp-Image-2025-05-22-at-15.03.51-200x300.jpeg 200w, https:\/\/novosaopaulo.com.br\/n1\/wp-content\/uploads\/2025\/05\/WhatsApp-Image-2025-05-22-at-15.03.51.jpeg 693w\" sizes=\"(max-width: 682px) 100vw, 682px\" \/><\/a><\/figure>\n\n\n\n<figure class=\"wp-block-image size-large\"><a href=\"https:\/\/novosaopaulo.com.br\/n1\/wp-content\/uploads\/2025\/05\/WhatsApp-Image-2025-05-22-at-15.03.52.jpeg\"><img decoding=\"async\" width=\"1024\" height=\"682\" data-id=\"24040\" src=\"https:\/\/novosaopaulo.com.br\/n1\/wp-content\/uploads\/2025\/05\/WhatsApp-Image-2025-05-22-at-15.03.52-1024x682.jpeg\" alt=\"\" class=\"wp-image-24040\" srcset=\"https:\/\/novosaopaulo.com.br\/n1\/wp-content\/uploads\/2025\/05\/WhatsApp-Image-2025-05-22-at-15.03.52-1024x682.jpeg 1024w, https:\/\/novosaopaulo.com.br\/n1\/wp-content\/uploads\/2025\/05\/WhatsApp-Image-2025-05-22-at-15.03.52-300x200.jpeg 300w, https:\/\/novosaopaulo.com.br\/n1\/wp-content\/uploads\/2025\/05\/WhatsApp-Image-2025-05-22-at-15.03.52-768x512.jpeg 768w, https:\/\/novosaopaulo.com.br\/n1\/wp-content\/uploads\/2025\/05\/WhatsApp-Image-2025-05-22-at-15.03.52.jpeg 1040w\" sizes=\"(max-width: 1024px) 100vw, 1024px\" \/><\/a><\/figure>\n\n\n\n<figure class=\"wp-block-image size-large\"><a href=\"https:\/\/novosaopaulo.com.br\/n1\/wp-content\/uploads\/2025\/05\/WhatsApp-Image-2025-05-22-at-15.03.52-1.jpeg\"><img loading=\"lazy\" decoding=\"async\" width=\"811\" height=\"540\" data-id=\"24038\" src=\"https:\/\/novosaopaulo.com.br\/n1\/wp-content\/uploads\/2025\/05\/WhatsApp-Image-2025-05-22-at-15.03.52-1.jpeg\" alt=\"\" class=\"wp-image-24038\" srcset=\"https:\/\/novosaopaulo.com.br\/n1\/wp-content\/uploads\/2025\/05\/WhatsApp-Image-2025-05-22-at-15.03.52-1.jpeg 811w, https:\/\/novosaopaulo.com.br\/n1\/wp-content\/uploads\/2025\/05\/WhatsApp-Image-2025-05-22-at-15.03.52-1-300x200.jpeg 300w, https:\/\/novosaopaulo.com.br\/n1\/wp-content\/uploads\/2025\/05\/WhatsApp-Image-2025-05-22-at-15.03.52-1-768x511.jpeg 768w\" sizes=\"(max-width: 811px) 100vw, 811px\" \/><\/a><\/figure>\n<\/figure>\n","protected":false},"excerpt":{"rendered":"<p>A C\u00e2mara Municipal de Mogi das Cruzes realizar\u00e1 uma sess\u00e3o solene no dia 28 de&#8230;<\/p>\n","protected":false},"author":1,"featured_media":24041,"comment_status":"open","ping_status":"open","sticky":false,"template":"","format":"standard","meta":{"footnotes":""},"categories":[34],"tags":[],"featured_image_urls":{"full":["https:\/\/novosaopaulo.com.br\/n1\/wp-content\/uploads\/2025\/05\/WhatsApp-Image-2025-05-22-at-15.03.51-1.jpeg",1040,693,false],"thumbnail":["https:\/\/novosaopaulo.com.br\/n1\/wp-content\/uploads\/2025\/05\/WhatsApp-Image-2025-05-22-at-15.03.51-1-150x150.jpeg",150,150,true],"medium":["https:\/\/novosaopaulo.com.br\/n1\/wp-content\/uploads\/2025\/05\/WhatsApp-Image-2025-05-22-at-15.03.51-1-300x200.jpeg",300,200,true],"medium_large":["https:\/\/novosaopaulo.com.br\/n1\/wp-content\/uploads\/2025\/05\/WhatsApp-Image-2025-05-22-at-15.03.51-1-768x512.jpeg",640,427,true],"large":["https:\/\/novosaopaulo.com.br\/n1\/wp-content\/uploads\/2025\/05\/WhatsApp-Image-2025-05-22-at-15.03.51-1-1024x682.jpeg",640,426,true],"1536x1536":["https:\/\/novosaopaulo.com.br\/n1\/wp-content\/uploads\/2025\/05\/WhatsApp-Image-2025-05-22-at-15.03.51-1.jpeg",1040,693,false],"2048x2048":["https:\/\/novosaopaulo.com.br\/n1\/wp-content\/uploads\/2025\/05\/WhatsApp-Image-2025-05-22-at-15.03.51-1.jpeg",1040,693,false],"newsever-slider-full":["https:\/\/novosaopaulo.com.br\/n1\/wp-content\/uploads\/2025\/05\/WhatsApp-Image-2025-05-22-at-15.03.51-1.jpeg",1040,693,false],"newsever-featured":["https:\/\/novosaopaulo.com.br\/n1\/wp-content\/uploads\/2025\/05\/WhatsApp-Image-2025-05-22-at-15.03.51-1-1024x682.jpeg",1024,682,true],"newsever-medium":["https:\/\/novosaopaulo.com.br\/n1\/wp-content\/uploads\/2025\/05\/WhatsApp-Image-2025-05-22-at-15.03.51-1-720x475.jpeg",720,475,true]},"author_info":{"display_name":"Reda\u00e7\u00e3o","author_link":"https:\/\/novosaopaulo.com.br\/n1\/author\/g5poa\/"},"category_info":"<a href=\"https:\/\/novosaopaulo.com.br\/n1\/category\/alto-tiete\/\" rel=\"category tag\">Alto Tiet\u00ea<\/a>","tag_info":"Alto Tiet\u00ea","comment_count":"0","_links":{"self":[{"href":"https:\/\/novosaopaulo.com.br\/n1\/wp-json\/wp\/v2\/posts\/24037"}],"collection":[{"href":"https:\/\/novosaopaulo.com.br\/n1\/wp-json\/wp\/v2\/posts"}],"about":[{"href":"https:\/\/novosaopaulo.com.br\/n1\/wp-json\/wp\/v2\/types\/post"}],"author":[{"embeddable":true,"href":"https:\/\/novosaopaulo.com.br\/n1\/wp-json\/wp\/v2\/users\/1"}],"replies":[{"embeddable":true,"href":"https:\/\/novosaopaulo.com.br\/n1\/wp-json\/wp\/v2\/comments?post=24037"}],"version-history":[{"count":5,"href":"https:\/\/novosaopaulo.com.br\/n1\/wp-json\/wp\/v2\/posts\/24037\/revisions"}],"predecessor-version":[{"id":24049,"href":"https:\/\/novosaopaulo.com.br\/n1\/wp-json\/wp\/v2\/posts\/24037\/revisions\/24049"}],"wp:featuredmedia":[{"embeddable":true,"href":"https:\/\/novosaopaulo.com.br\/n1\/wp-json\/wp\/v2\/media\/24041"}],"wp:attachment":[{"href":"https:\/\/novosaopaulo.com.br\/n1\/wp-json\/wp\/v2\/media?parent=24037"}],"wp:term":[{"taxonomy":"category","embeddable":true,"href":"https:\/\/novosaopaulo.com.br\/n1\/wp-json\/wp\/v2\/categories?post=24037"},{"taxonomy":"post_tag","embeddable":true,"href":"https:\/\/novosaopaulo.com.br\/n1\/wp-json\/wp\/v2\/tags?post=24037"}],"curies":[{"name":"wp","href":"https:\/\/api.w.org\/{rel}","templated":true}]}}