{"id":24013,"date":"2025-05-21T12:29:35","date_gmt":"2025-05-21T15:29:35","guid":{"rendered":"https:\/\/novosaopaulo.com.br\/n1\/?p=24013"},"modified":"2025-05-21T12:29:36","modified_gmt":"2025-05-21T15:29:36","slug":"vybbe-lanca-instituto-social-em-fortaleza-com-foco-em-cultura-educacao-e-inclusao","status":"publish","type":"post","link":"https:\/\/novosaopaulo.com.br\/n1\/vybbe-lanca-instituto-social-em-fortaleza-com-foco-em-cultura-educacao-e-inclusao\/","title":{"rendered":"Vybbe lan\u00e7a instituto social em Fortaleza com foco em cultura, educa\u00e7\u00e3o e inclus\u00e3o"},"content":{"rendered":"\n<p>Iniciativa celebra os cinco anos da produtora e marca o in\u00edcio de um novo cap\u00edtulo de impacto social<br>no pa\u00eds<\/p>\n\n\n\n<p>A Vybbe, uma das maiores pot\u00eancias da m\u00fasica e do entretenimento no Brasil, lan\u00e7ou oficialmente<br>nesta ter\u00e7a-feira (20), em Fortaleza, o Instituto Vybbe, uma iniciativa voltada \u00e0 transforma\u00e7\u00e3o de<br>vidas por meio da cultura, da educa\u00e7\u00e3o e da gera\u00e7\u00e3o de renda. A cerim\u00f4nia de lan\u00e7amento<br>aconteceu durante um almo\u00e7o especial e contou com a presen\u00e7a de artistas, empres\u00e1rios,<br>autoridades e representantes de institui\u00e7\u00f5es sociais.<br>O Instituto nasce como um bra\u00e7o social da produtora, que completa cinco anos em 2025, e tem como<br>miss\u00e3o impulsionar a sociedade e o ecossistema social, com foco em jovens e adultos em situa\u00e7\u00e3o<br>de vulnerabilidade. A ideia \u00e9 come\u00e7ar por Fortaleza e, com o tempo, ampliar sua atua\u00e7\u00e3o pelo Brasil.<br>Entre os principais valores est\u00e3o autenticidade, inova\u00e7\u00e3o social, excel\u00eancia, coopera\u00e7\u00e3o e<br>transpar\u00eancia.<br>O projeto foi apresentado pelos s\u00f3cios da Vybbe \u2014 Carlos Aristides, Armando Carneiro, Samuel<br>Aristides, Everton Silveira \u2014 al\u00e9m de Isabelle Tem\u00f3teo, que representou o marido, s\u00f3cio e<br>embaixador do Instituto, o cantor Xand Avi\u00e3o. Tamb\u00e9m estiveram na cerim\u00f4nia a presidente do<br>Instituto, Isabelle Nogueira, e a vice-presidente, Eveline Silveira.<br>Com base em tr\u00eas pilares \u2014 cultura, educa\u00e7\u00e3o e gera\u00e7\u00e3o de renda \u2014 o Instituto Vybbe j\u00e1 nasce com<br>a\u00e7\u00f5es em andamento: aulas de instrumentos musicais como viol\u00e3o, teclado, violino, violoncelo e<br>sanfona; cursos de capacita\u00e7\u00e3o em Libras, audiodescri\u00e7\u00e3o e maquiagem; atendimentos de sa\u00fade<br>(m\u00e9dico, psicol\u00f3gico e nutricional); apoio \u00e0 cultura nordestina com edital para quadrilhas juninas e<br>realiza\u00e7\u00e3o de uma feira cultural do forr\u00f3; al\u00e9m do projeto \u201cMelodias que Permanecem\u201d, voltado ao<br>acolhimento de m\u00fasicos afastados do mercado de trabalho.<br>O lan\u00e7amento contou com a presen\u00e7a dos embaixadores do Instituto \u2014 os cantores Z\u00e9 Vaqueiro e<br>Guilherme Dantas, al\u00e9m de artistas da Vybbe como Manim Vaqueiro, Z\u00e9 Cantor e Caleb Capit\u00e3o.<br>Institui\u00e7\u00f5es parceiras tamb\u00e9m estiveram no coquetel, como o Instituto dos Cegos do Cear\u00e1, Instituto<br>dos Surdos do Cear\u00e1, Instituto Basil\u00e9ia, Hospital Infantil SOPAI, IPREDE e Instituto Vida Videira. O<br>pastor Costa Neto conduziu um momento especial de ora\u00e7\u00e3o e b\u00ean\u00e7\u00e3o \u00e0 nova iniciativa.<br>Entre as autoridades presentes estavam a vice-prefeita de Fortaleza e secret\u00e1ria dos Direitos<br>Humanos e Desenvolvimento Social, Gabriella Aguiar, representantes do gabinete da primeira-dama<br>do Estado, Lia de Freitas, e da Assembleia Legislativa do Cear\u00e1, Tainah Marinho.<br>O Instituto Vybbe simboliza uma nova fase da empresa, agora comprometida tamb\u00e9m com o impacto<br>social e com a constru\u00e7\u00e3o de uma sociedade mais justa, acess\u00edvel e inspiradora.<br>Siga o Instituto Vybbe nas redes sociais<\/p>\n\n\n\n<p><a href=\"https:\/\/www.instagram.com\/institutovybbe\/\">Instagram<\/a><\/p>\n","protected":false},"excerpt":{"rendered":"<p>Iniciativa celebra os cinco anos da produtora e marca o in\u00edcio de um novo cap\u00edtulo&#8230;<\/p>\n","protected":false},"author":1,"featured_media":24014,"comment_status":"open","ping_status":"open","sticky":false,"template":"","format":"standard","meta":{"footnotes":""},"categories":[2],"tags":[],"featured_image_urls":{"full":["https:\/\/novosaopaulo.com.br\/n1\/wp-content\/uploads\/2025\/05\/image_editor_output_image1586303979-17478265188898803450239191925556.webp",923,772,false],"thumbnail":["https:\/\/novosaopaulo.com.br\/n1\/wp-content\/uploads\/2025\/05\/image_editor_output_image1586303979-17478265188898803450239191925556-150x150.webp",150,150,true],"medium":["https:\/\/novosaopaulo.com.br\/n1\/wp-content\/uploads\/2025\/05\/image_editor_output_image1586303979-17478265188898803450239191925556-300x251.webp",300,251,true],"medium_large":["https:\/\/novosaopaulo.com.br\/n1\/wp-content\/uploads\/2025\/05\/image_editor_output_image1586303979-17478265188898803450239191925556-768x642.webp",640,535,true],"large":["https:\/\/novosaopaulo.com.br\/n1\/wp-content\/uploads\/2025\/05\/image_editor_output_image1586303979-17478265188898803450239191925556.webp",640,535,false],"1536x1536":["https:\/\/novosaopaulo.com.br\/n1\/wp-content\/uploads\/2025\/05\/image_editor_output_image1586303979-17478265188898803450239191925556.webp",923,772,false],"2048x2048":["https:\/\/novosaopaulo.com.br\/n1\/wp-content\/uploads\/2025\/05\/image_editor_output_image1586303979-17478265188898803450239191925556.webp",923,772,false],"newsever-slider-full":["https:\/\/novosaopaulo.com.br\/n1\/wp-content\/uploads\/2025\/05\/image_editor_output_image1586303979-17478265188898803450239191925556.webp",923,772,false],"newsever-featured":["https:\/\/novosaopaulo.com.br\/n1\/wp-content\/uploads\/2025\/05\/image_editor_output_image1586303979-17478265188898803450239191925556.webp",923,772,false],"newsever-medium":["https:\/\/novosaopaulo.com.br\/n1\/wp-content\/uploads\/2025\/05\/image_editor_output_image1586303979-17478265188898803450239191925556-720x475.webp",720,475,true]},"author_info":{"display_name":"Reda\u00e7\u00e3o","author_link":"https:\/\/novosaopaulo.com.br\/n1\/author\/g5poa\/"},"category_info":"<a href=\"https:\/\/novosaopaulo.com.br\/n1\/category\/cidades\/\" rel=\"category tag\">Cidades<\/a>","tag_info":"Cidades","comment_count":"0","_links":{"self":[{"href":"https:\/\/novosaopaulo.com.br\/n1\/wp-json\/wp\/v2\/posts\/24013"}],"collection":[{"href":"https:\/\/novosaopaulo.com.br\/n1\/wp-json\/wp\/v2\/posts"}],"about":[{"href":"https:\/\/novosaopaulo.com.br\/n1\/wp-json\/wp\/v2\/types\/post"}],"author":[{"embeddable":true,"href":"https:\/\/novosaopaulo.com.br\/n1\/wp-json\/wp\/v2\/users\/1"}],"replies":[{"embeddable":true,"href":"https:\/\/novosaopaulo.com.br\/n1\/wp-json\/wp\/v2\/comments?post=24013"}],"version-history":[{"count":1,"href":"https:\/\/novosaopaulo.com.br\/n1\/wp-json\/wp\/v2\/posts\/24013\/revisions"}],"predecessor-version":[{"id":24015,"href":"https:\/\/novosaopaulo.com.br\/n1\/wp-json\/wp\/v2\/posts\/24013\/revisions\/24015"}],"wp:featuredmedia":[{"embeddable":true,"href":"https:\/\/novosaopaulo.com.br\/n1\/wp-json\/wp\/v2\/media\/24014"}],"wp:attachment":[{"href":"https:\/\/novosaopaulo.com.br\/n1\/wp-json\/wp\/v2\/media?parent=24013"}],"wp:term":[{"taxonomy":"category","embeddable":true,"href":"https:\/\/novosaopaulo.com.br\/n1\/wp-json\/wp\/v2\/categories?post=24013"},{"taxonomy":"post_tag","embeddable":true,"href":"https:\/\/novosaopaulo.com.br\/n1\/wp-json\/wp\/v2\/tags?post=24013"}],"curies":[{"name":"wp","href":"https:\/\/api.w.org\/{rel}","templated":true}]}}