{"id":24011,"date":"2025-05-21T12:27:08","date_gmt":"2025-05-21T15:27:08","guid":{"rendered":"https:\/\/novosaopaulo.com.br\/n1\/?p=24011"},"modified":"2025-05-21T12:27:09","modified_gmt":"2025-05-21T15:27:09","slug":"a-crise-legislativo-judiciario","status":"publish","type":"post","link":"https:\/\/novosaopaulo.com.br\/n1\/a-crise-legislativo-judiciario\/","title":{"rendered":"A crise Legislativo-Judici\u00e1rio"},"content":{"rendered":"\n<p>O n\u00famero de decis\u00f5es do Supremo Tribunal Federal (STF) contra Senadores e Deputados Federais aumentou 20 vezes nas \u00faltimas duas d\u00e9cadas. De 36 entre os anos de 1988 e 2004, os feitos saltaram para 704 de 2005 at\u00e9 abril \u00faltimo, o que, num c\u00e1lculo aritm\u00e9tico simples aponta que ocorreram mais procedimentos punitivos do que o n\u00famero de parlamentares que comp\u00f5em as duas Casas do Congresso Nacional: 513 deputados e 81 senadores. Certo que nem todos foram punidos.<br>Pris\u00f5es preventivas, opera\u00e7\u00f5es de busca e apreens\u00e3o em gabinetes, resid\u00eancias e empresas, condena\u00e7\u00f5es e o encarceramento dos parlamentares feitos r\u00e9us, transformam o tribunal em protagonista da arena pol\u00edtica e acirram a tens\u00e3o Legislativo-Judici\u00e1rio. A cada procedimento sobre congressistas, amplia-se a articula\u00e7\u00e3o pela tramita\u00e7\u00e3o e vota\u00e7\u00e3o de projetos que visam limitar o poder dos ministros e at\u00e9 reduzIr a um per\u00edodo fixo seus mandatos, que atualmente se estendem at\u00e9 o dia em que o titular completa 75 anos de idade. A Na\u00e7\u00e3o tem assistido, ainda, o bate-bocas de ministros e parlamentares por conta da invas\u00e3o de searas alheias.<br>O levantamento \u00e9 do jornal \u201cO Estado de S. Paulo\u201d (Estad\u00e3o 19\/05\/2025 &#8211; A ), que revela terem azedado grandemente as rela\u00e7\u00f5es STF &#8211; Parlamento a partir do julgamento do Mensal\u00e3o e da Opera\u00e7\u00e3o Lava Jato, altera\u00e7\u00f5es na Constitui\u00e7\u00e3o e mudan\u00e7as interpretativas do tribunal sobre as leis.<br>O processo do STF sobre parlamentares segue hoje por tr\u00eas \u00e1reas de atua\u00e7\u00e3o. A primeira \u00e9 a criminal, que inclui processos iniciados diretamente no Supremo, como autoriza\u00e7\u00f5es para pris\u00f5es. A segunda \u00e9 a eleitoral, em que os ministros julgam recursos contra decis\u00f5es dos tribunais regionais, como em casos de cassa\u00e7\u00e3o de mandato. A terceira envolve disputas parlamentares internas, quando deputados e senadores acionam a Corte para dirimir d\u00favidas em projetos votados.<br>Data v\u00eania para lembrar que Legislativo, Judici\u00e1rio e tamb\u00e9m Executivo s\u00e3o os Tr\u00eas Poderes da Rep\u00fablica, descritos e agasalhados na Constitui\u00e7\u00e3o, que os estatui como independentes e harm\u00f4nicos entre si. N\u00e3o \u00e9 exagerado raciocinar que, nestas condi\u00e7\u00f5es, quem n\u00e3o zela pela harmonia entre os tr\u00eas entes do Poder, pode estar agindo inconstitucionalmente e ser pass\u00edvel a san\u00e7\u00f5es por conta disso.<br>Embora tenha minhas convic\u00e7\u00f5es sobre o problema, penso n\u00e3o ser apropriado aqui extern\u00e1-las, pois n\u00e3o fa\u00e7o parte dos colegiados com poderes para resolver a contenda. Acho, no entanto, que os membros do Legislativo, Judici\u00e1rio e Executivo t\u00eam o dever de respeitar o ordenamento jur\u00eddico controlador de suas fun\u00e7\u00f5es e jamais exceder ou omitir-se na sua defesa e regularidade. Disso dependem a paz, o desenvolvimento e at\u00e9 a ordem institucional. Deputados e senadores t\u00eam o dever de elaborar as leis e tamb\u00e9m discutir e votar aquelas preparada pelo Executivo ou iniciativa popular, dentro dos mandamentos constitucionais. O Executivo, al\u00e9m de administrar a coisa p\u00fablica, tem de cumprir e fazer cumprir as leis (pelo povo e institui\u00e7\u00f5es). Finalmente, o Judici\u00e1rio, guardi\u00e3o da Constitui\u00e7\u00e3o, tem a compatibilidade constitucional como tarefa principal. N\u00e3o deve um interferir nas atribui\u00e7\u00f5es dos dois outros porque a\u00ed, em vez da paz, a decorr\u00eancia \u00e9 a crise e suas consequ\u00eancias. Que todos atuem dentro da melhor pr\u00e1tica poss\u00edvel para seus postos. Isso far\u00e1 bem tanto ao Pa\u00eds quanto \u00e0 popula\u00e7\u00e3o\u2026<\/p>\n\n\n\n<p>Tenente Dirceu Cardoso Gon\u00e7alves &#8211; dirigente da ASPOMIL (Associa\u00e7\u00e3o de Assist. Social dos Policiais Militares de S\u00e3o Paulo).<\/p>\n","protected":false},"excerpt":{"rendered":"<p>O n\u00famero de decis\u00f5es do Supremo Tribunal Federal (STF) contra Senadores e Deputados Federais aumentou&#8230;<\/p>\n","protected":false},"author":1,"featured_media":23327,"comment_status":"open","ping_status":"open","sticky":false,"template":"","format":"standard","meta":{"footnotes":""},"categories":[9],"tags":[],"featured_image_urls":{"full":["https:\/\/novosaopaulo.com.br\/n1\/wp-content\/uploads\/2025\/04\/Tenente-Dirceu-Cardoso-Goncalves.jpg",600,564,false],"thumbnail":["https:\/\/novosaopaulo.com.br\/n1\/wp-content\/uploads\/2025\/04\/Tenente-Dirceu-Cardoso-Goncalves-150x150.jpg",150,150,true],"medium":["https:\/\/novosaopaulo.com.br\/n1\/wp-content\/uploads\/2025\/04\/Tenente-Dirceu-Cardoso-Goncalves-300x282.jpg",300,282,true],"medium_large":["https:\/\/novosaopaulo.com.br\/n1\/wp-content\/uploads\/2025\/04\/Tenente-Dirceu-Cardoso-Goncalves.jpg",600,564,false],"large":["https:\/\/novosaopaulo.com.br\/n1\/wp-content\/uploads\/2025\/04\/Tenente-Dirceu-Cardoso-Goncalves.jpg",600,564,false],"1536x1536":["https:\/\/novosaopaulo.com.br\/n1\/wp-content\/uploads\/2025\/04\/Tenente-Dirceu-Cardoso-Goncalves.jpg",600,564,false],"2048x2048":["https:\/\/novosaopaulo.com.br\/n1\/wp-content\/uploads\/2025\/04\/Tenente-Dirceu-Cardoso-Goncalves.jpg",600,564,false],"newsever-slider-full":["https:\/\/novosaopaulo.com.br\/n1\/wp-content\/uploads\/2025\/04\/Tenente-Dirceu-Cardoso-Goncalves.jpg",600,564,false],"newsever-featured":["https:\/\/novosaopaulo.com.br\/n1\/wp-content\/uploads\/2025\/04\/Tenente-Dirceu-Cardoso-Goncalves.jpg",600,564,false],"newsever-medium":["https:\/\/novosaopaulo.com.br\/n1\/wp-content\/uploads\/2025\/04\/Tenente-Dirceu-Cardoso-Goncalves-600x475.jpg",600,475,true]},"author_info":{"display_name":"Reda\u00e7\u00e3o","author_link":"https:\/\/novosaopaulo.com.br\/n1\/author\/g5poa\/"},"category_info":"<a href=\"https:\/\/novosaopaulo.com.br\/n1\/category\/geral\/\" rel=\"category tag\">Geral<\/a>","tag_info":"Geral","comment_count":"0","_links":{"self":[{"href":"https:\/\/novosaopaulo.com.br\/n1\/wp-json\/wp\/v2\/posts\/24011"}],"collection":[{"href":"https:\/\/novosaopaulo.com.br\/n1\/wp-json\/wp\/v2\/posts"}],"about":[{"href":"https:\/\/novosaopaulo.com.br\/n1\/wp-json\/wp\/v2\/types\/post"}],"author":[{"embeddable":true,"href":"https:\/\/novosaopaulo.com.br\/n1\/wp-json\/wp\/v2\/users\/1"}],"replies":[{"embeddable":true,"href":"https:\/\/novosaopaulo.com.br\/n1\/wp-json\/wp\/v2\/comments?post=24011"}],"version-history":[{"count":1,"href":"https:\/\/novosaopaulo.com.br\/n1\/wp-json\/wp\/v2\/posts\/24011\/revisions"}],"predecessor-version":[{"id":24012,"href":"https:\/\/novosaopaulo.com.br\/n1\/wp-json\/wp\/v2\/posts\/24011\/revisions\/24012"}],"wp:featuredmedia":[{"embeddable":true,"href":"https:\/\/novosaopaulo.com.br\/n1\/wp-json\/wp\/v2\/media\/23327"}],"wp:attachment":[{"href":"https:\/\/novosaopaulo.com.br\/n1\/wp-json\/wp\/v2\/media?parent=24011"}],"wp:term":[{"taxonomy":"category","embeddable":true,"href":"https:\/\/novosaopaulo.com.br\/n1\/wp-json\/wp\/v2\/categories?post=24011"},{"taxonomy":"post_tag","embeddable":true,"href":"https:\/\/novosaopaulo.com.br\/n1\/wp-json\/wp\/v2\/tags?post=24011"}],"curies":[{"name":"wp","href":"https:\/\/api.w.org\/{rel}","templated":true}]}}