{"id":23984,"date":"2025-05-20T17:26:22","date_gmt":"2025-05-20T20:26:22","guid":{"rendered":"https:\/\/novosaopaulo.com.br\/n1\/?p=23984"},"modified":"2025-05-20T17:26:56","modified_gmt":"2025-05-20T20:26:56","slug":"expo-cult-semana-de-arte-do-agora-estende-prazo-de-visitacao-ate-dia-31-5","status":"publish","type":"post","link":"https:\/\/novosaopaulo.com.br\/n1\/expo-cult-semana-de-arte-do-agora-estende-prazo-de-visitacao-ate-dia-31-5\/","title":{"rendered":"Expo Cult &#8211; Semana de Arte do Agora estende prazo de visita\u00e7\u00e3o at\u00e9 dia 31\/5"},"content":{"rendered":"\n<p>S\u00e3o mais de 60 pinturas de Adriana Garibaldi; Cl\u00f3vis Camargo, Ivaan Jansen, Lua, Simone Fiorani Momente, Fabrini Crisci, Luiza Volpato e Geraldo Lacerdine<br>A mostra, com entrada franca, acontece na Lacerdine Galeria de Arte, que fica a 300 metros da Esta\u00e7\u00e3o Paulista do metr\u00f4<\/p>\n\n\n\n<p>Ap\u00f3s o sucesso da primeira semana da 1\u00aa Expo Cult \u2013 Semana de Arte do Agora, a Lacerdine Galeria de Arte (Avenida Ang\u00e9lica, 2578), estender\u00e1 a mostra at\u00e9 dia 31 de maio. S\u00e3o oito artistas expondo 60 pinturas. \u201cMais de mil pessoas j\u00e1 viram a exposi\u00e7\u00e3o com obras desses renomados artistas. E como est\u00e1 sendo muito bem aceita pelo p\u00fablico, resolvemos prolongar o prazo para que mais pessoas possam apreci\u00e1-la\u201d, afirma Geraldo Lacerdine, artista pl\u00e1stico expressionista contempor\u00e2neo, criador da galeria e curador da Expo Cult.<\/p>\n\n\n\n<p>Lacerdine explica que essa primeira edi\u00e7\u00e3o da Expo Cult tem uma liga\u00e7\u00e3o grande com o seu trabalho, que sempre esteve relacionado com quest\u00f5es sociais da atualidade, como a diversidade, preserva\u00e7\u00e3o ambiental, a luta contra o racismo, igualdade de g\u00eanero, entre outras. \u201cN\u00f3s artistas temos uma grande contribui\u00e7\u00e3o para a sociedade, a partir do que criamos, para mostrar que a realidade pode sim ser mudada e ser melhor a cada dia\u201d, reflete.<\/p>\n\n\n\n<p>Inaugurada h\u00e1 pouco mais de dois meses, a Lacerdine Galeria de Arte \u00e9 um novo espa\u00e7o multicultural da capital de 400 m2, com lounge, mezanino e \u00e1rea externa. Al\u00e9m de abrigar o Caf\u00e9 Falasartes.<br>Al\u00e9m da exposi\u00e7\u00e3o, a galeria promove o Clube do Livro, todas as quintas-feira, \u00e0s 19h; e Conta\u00e7\u00e3o de Hist\u00f3rias, aos s\u00e1bados, \u00e0s 16h. A programa\u00e7\u00e3o \u00e9 aberta a todas as idades e gratuita.<\/p>\n\n\n\n<p>Artistas e suas obras<\/p>\n\n\n\n<p>Adriana Garibaldi, nascida em 1951, em Buenos Aires\/Argentina, onde estudou na Faculdade de Belas Artes e no Ateli\u00ea de Jorge Ludue\u00f1a, um dos pintores expressionistas contempor\u00e2neos mais influentes. Desde 1978, vive e trabalha em S\u00e3o Paulo\/SP. Seus desenhos s\u00e3o principalmente da figura humana.<\/p>\n\n\n\n<p>\u201cEssas obras retratam uma guerra interna entre o que se sente e o que se \u00e9 espiritualmente. O que se mostra para o mundo \u00e9 uma cara est\u00e1tica, mas tem essa explos\u00e3o de luz e de cor nos olhos, uma expans\u00e3o da pr\u00f3pria alma, da consci\u00eancia do ser humano. A base do meu trabalho \u00e9 esse paralelo entre o que seria o mundo f\u00edsico e o mundo da ess\u00eancia\u201d, afirma Adriana. Pinturas de acr\u00edlico sobre tela (100&#215;140 cm).<\/p>\n\n\n\n<p>Cl\u00f3vis Camargo, natural de Porto Alegre\/RS, mas viveu a maior parte de sua vida em S\u00e3o Paulo. Formou-se em Desenho Industrial pela FAAP\/SP. Seguiu sua carreira no campo criativo &#8211; como Designer de Produto em Comunica\u00e7\u00e3o Visual e como Designer Gr\u00e1fico.Atualmente, dedica-se exclusivamente \u00e0s suas cria\u00e7\u00f5es art\u00edsticas.<\/p>\n\n\n\n<p>\u201cComecei a criar a est\u00e9tica dessas pinturas pelos olhos, porque s\u00e3o o espelho da alma. O meu trabalho traz essa solid\u00e3o, uma certa melancolia, ao mesmo tempo \u00e9 questionador da alma humana. E ele, tamb\u00e9m, \u00e9 singelo e simples. Esse meu personagem se chama Dom\u201d, diz Camargo. Pinturas \u2013 \u00f3leo sobre canvas de algod\u00e3o (100x80x0,4 cm).<\/p>\n\n\n\n<p>Fabrini Crisci &#8211; Paulista, nascido em 1964, como m\u00e1gico recebeu o 1\u00ba pr\u00eamio no Mundial de M\u00e1gicas da FISM (Federa\u00e7\u00e3o Internacional de Sociedades M\u00e1gicas), na Holanda (1988). Ao se dedicar a pintura, de um estilo inconfund\u00edvel, marcado por personagens exuberantes e cen\u00e1rios on\u00edricos. Em 2005, a convite do Diretor do Teatro Princesa Grace, em M\u00f4naco, criou o p\u00f4ster do Monte Carlo Magic Stars e que a pedido do Pr\u00edncipe Albert II (M\u00f4naco) se tornou um selo postal comemorativo do principado.<\/p>\n\n\n\n<p>\u201cA minha arte vem da minha viv\u00eancia do circo, do espet\u00e1culo que eu trabalhei durante mais de 40 anos por todo o mundo. S\u00f3 em Paris atuei durante 20 anos no Moulin Rouge, no Crazy Horse. Toda a minha arte vem dessa trajet\u00f3ria, do ilusionismo, porque eu na base sou um m\u00e1gico. Todas as minhas pinturas t\u00eam um pouco da m\u00e1gica, de ilus\u00e3o\u201d, conta Crisci. Pinturas de acr\u00edlica sobre tela (70 x 100 cm).<br>Luiza Volpato &#8211; Artista visual, soci\u00f3loga e advogada, com ingresso nas artes em 2019. Iniciou os estudos em pintura a \u00f3leo sob a orienta\u00e7\u00e3o do renomado artista pl\u00e1stico Roberto de Souza, membro da Academia Brasileira de Belas Artes. Atualmente, se dedica ao aprofundamento das t\u00e9cnicas de pintura a \u00f3leo em formato digital. Estuda Fine Art, com o objetivo de garantir refinamento em cada uma de suas cria\u00e7\u00f5es.<\/p>\n\n\n\n<p>\u201cNo meu trabalho gosto muito desse movimento de expressionismo, onde os rostos n\u00e3o necessariamente s\u00e3o identificados. Tamb\u00e9m mostro a magia do antigo, de se transportar para um local que nunca vivemos. E de apresentar tamb\u00e9m o novo, por isso o digital. Transcendo quando desenho. Me emociono. Minhas pinturas quero que leve a pessoa a renovar, pensar e sonhar\u201d, afirma Luiza. Pinturas de acr\u00edlica sobre tela.<\/p>\n\n\n\n<p>Lua &#8211; Desde 2016, a artista constr\u00f3i sua trajet\u00f3ria nas artes pl\u00e1sticas com um olhar cada vez mais atento ao sil\u00eancio, \u00e0 clareza e \u00e0 sutileza dos sentimentos. Participou de exposi\u00e7\u00f5es e feiras no Brasil e no exterior, e foi premiada com o primeiro lugar no VI Sal\u00e3o de Artes de Indaiatuba-SP.<\/p>\n\n\n\n<p>\u201cMeu trabalho \u00e9 uma introspec\u00e7\u00e3o sobre o sil\u00eancio que est\u00e1 dentro de mim. Meus trabalhos falam sobre mim, mas tamb\u00e9m sobre hist\u00f3rias de pessoas que eu conhe\u00e7o ou escuto falar, e tamb\u00e9m hist\u00f3rias de m\u00fasicas que me inspiram. As imagens falam muito sobre liberdade, sabedoria e espiritualidade\u201d, explica Lua. Pinturas acr\u00edlicas sobre tela (80 x 100 cm).<\/p>\n\n\n\n<p>Ivaan Hansen &#8211; Artista visual e fil\u00f3sofo com mais de duas d\u00e9cadas de atua\u00e7\u00e3o na pintura em tela. O catarinense, mora em Goi\u00e2nia, j\u00e1 participou de exposi\u00e7\u00f5es no Brasil e teve inser\u00e7\u00f5es em publica\u00e7\u00f5es e projetos internacionais. A figura humana est\u00e1 sempre presente em suas obras. Um corpo que carrega o peso e o milagre de continuar existindo.<\/p>\n\n\n\n<p>\u201cEu represento movimenta\u00e7\u00f5es humanas. Pinto a tristeza no olhar. Sempre fa\u00e7o figura humana como protagonista e sobre a cabe\u00e7a quest\u00f5es simb\u00f3licas. Pinto figuras humanas numa situa\u00e7\u00e3o existencialista, \u00e9 arte filos\u00f3fica, colocando sobre a cabe\u00e7a elementos que passam uma mensagem, que demonstram movimenta\u00e7\u00f5es do cotidiano, quest\u00f5es emocionais e questionamentos. Esse \u00e9 o cerne da quest\u00e3o\u201d, conta Ivaan. Pintura de acr\u00edlico sobre tela (100&#215;150 cm).<\/p>\n\n\n\n<p>Simone Fiorani Momente &#8211; Natural de S\u00e3o Paulo, j\u00e1 fez pintura a \u00f3leo, acr\u00edlico, porcelana e aquarela. Fez cursos como o \u2018Encontre sua Arte\u2019, da Belca, quando veio a paix\u00e3o pela colagem, encontrando sua arte autoral. Participou de exposi\u00e7\u00f5es no Brasil e no Exterior (Portugal) e teve suas obras publicadas em revistas como ArtNow Report e Arte &amp; Estilo.<\/p>\n\n\n\n<p>\u201cA minha arte, basicamente, vem de minhas viv\u00eancias da inf\u00e2ncia com pais e amigos. Os c\u00edrculos, esse movimento de ondas, s\u00e3o portais, alian\u00e7as que fazemos na vida. E mostra como a vida oscila. Os portais s\u00e3o o passado e ao mesmo tempo projetam para o futuro. O que entendemos que devemos viver agora para nos prepararmos para sermos melhores. O papel proporciona isso. E \u00e9 lindo!\u201d, afirma Simone. Pinturas de t\u00e9cnica mista: colagem, aquarela e desenho (59,5 x 77cm).<\/p>\n\n\n\n<p>Geraldo Lacerdine \u2013 Artista Nascido em 1977, em Minas Gerais. Formado em filosofia com especializa\u00e7\u00e3o em filosofia da arte, teatro, gest\u00e3o educacional e psican\u00e1lise. Suas obras se desdobram em po\u00e9ticas, figurativas e sacras. Se dedica \u00e0 arte h\u00e1 mais de 25 anos. \u00c9 ex-padre da Ordem dos Jesu\u00edtas e por anos atuou como diretor de comunica\u00e7\u00e3o da ANEAS \u2013 Rede Jesu\u00edta de Educa\u00e7\u00e3o e na dire\u00e7\u00e3o do Col\u00e9gio S\u00e3o Lu\u00eds, em S\u00e3o Paulo.<\/p>\n\n\n\n<p>\u201cAs obras s\u00e3o da exposi\u00e7\u00e3o \u2018O Mundo Singular das Crian\u00e7as\u2019 que promove uma reflex\u00e3o de como ajudar as crian\u00e7as a serem adultos melhores, a partir das brincadeiras e da liberdade de brincarem do que quiserem, meninos de bonecas e meninas de carrinhos. Tamb\u00e9m tenho expostas algumas obras sacras, que questionam a representa\u00e7\u00e3o tradicional da arte sacra e buscam um olhar mais inclusivo e diverso\u201d, diz Lacerdine. Pintura em acr\u00edlico sobre tela e aplica\u00e7\u00e3o de folha de ouro (100&#215;140 cm).<br>LACERDINE GALERIA DE ARTE<br>1\u00aa Expo Cult: at\u00e9 31 de maio<br>De segunda a s\u00e1bado, das 10h \u00e0s 20h<br>Avenida Ang\u00e9lica, 2578 \u2013 Higien\u00f3polis<br>Entrada gratuita<br>Organiza\u00e7\u00e3o e Curadoria: Geraldo Lacerdine<br>Instagram: @lacerdine<\/p>\n\n\n\n<p>Cr\u00e9dito da foto: Fernando Jansen.<\/p>\n","protected":false},"excerpt":{"rendered":"<p>S\u00e3o mais de 60 pinturas de Adriana Garibaldi; Cl\u00f3vis Camargo, Ivaan Jansen, Lua, Simone Fiorani&#8230;<\/p>\n","protected":false},"author":1,"featured_media":23976,"comment_status":"open","ping_status":"open","sticky":false,"template":"","format":"standard","meta":{"footnotes":""},"categories":[2],"tags":[],"featured_image_urls":{"full":["https:\/\/novosaopaulo.com.br\/n1\/wp-content\/uploads\/2025\/05\/WhatsApp-Image-2025-05-20-at-13.38.10.jpeg",800,534,false],"thumbnail":["https:\/\/novosaopaulo.com.br\/n1\/wp-content\/uploads\/2025\/05\/WhatsApp-Image-2025-05-20-at-13.38.10-150x150.jpeg",150,150,true],"medium":["https:\/\/novosaopaulo.com.br\/n1\/wp-content\/uploads\/2025\/05\/WhatsApp-Image-2025-05-20-at-13.38.10-300x200.jpeg",300,200,true],"medium_large":["https:\/\/novosaopaulo.com.br\/n1\/wp-content\/uploads\/2025\/05\/WhatsApp-Image-2025-05-20-at-13.38.10-768x513.jpeg",640,428,true],"large":["https:\/\/novosaopaulo.com.br\/n1\/wp-content\/uploads\/2025\/05\/WhatsApp-Image-2025-05-20-at-13.38.10.jpeg",640,427,false],"1536x1536":["https:\/\/novosaopaulo.com.br\/n1\/wp-content\/uploads\/2025\/05\/WhatsApp-Image-2025-05-20-at-13.38.10.jpeg",800,534,false],"2048x2048":["https:\/\/novosaopaulo.com.br\/n1\/wp-content\/uploads\/2025\/05\/WhatsApp-Image-2025-05-20-at-13.38.10.jpeg",800,534,false],"newsever-slider-full":["https:\/\/novosaopaulo.com.br\/n1\/wp-content\/uploads\/2025\/05\/WhatsApp-Image-2025-05-20-at-13.38.10.jpeg",800,534,false],"newsever-featured":["https:\/\/novosaopaulo.com.br\/n1\/wp-content\/uploads\/2025\/05\/WhatsApp-Image-2025-05-20-at-13.38.10.jpeg",800,534,false],"newsever-medium":["https:\/\/novosaopaulo.com.br\/n1\/wp-content\/uploads\/2025\/05\/WhatsApp-Image-2025-05-20-at-13.38.10-720x475.jpeg",720,475,true]},"author_info":{"display_name":"Reda\u00e7\u00e3o","author_link":"https:\/\/novosaopaulo.com.br\/n1\/author\/g5poa\/"},"category_info":"<a href=\"https:\/\/novosaopaulo.com.br\/n1\/category\/cidades\/\" rel=\"category tag\">Cidades<\/a>","tag_info":"Cidades","comment_count":"0","_links":{"self":[{"href":"https:\/\/novosaopaulo.com.br\/n1\/wp-json\/wp\/v2\/posts\/23984"}],"collection":[{"href":"https:\/\/novosaopaulo.com.br\/n1\/wp-json\/wp\/v2\/posts"}],"about":[{"href":"https:\/\/novosaopaulo.com.br\/n1\/wp-json\/wp\/v2\/types\/post"}],"author":[{"embeddable":true,"href":"https:\/\/novosaopaulo.com.br\/n1\/wp-json\/wp\/v2\/users\/1"}],"replies":[{"embeddable":true,"href":"https:\/\/novosaopaulo.com.br\/n1\/wp-json\/wp\/v2\/comments?post=23984"}],"version-history":[{"count":2,"href":"https:\/\/novosaopaulo.com.br\/n1\/wp-json\/wp\/v2\/posts\/23984\/revisions"}],"predecessor-version":[{"id":23987,"href":"https:\/\/novosaopaulo.com.br\/n1\/wp-json\/wp\/v2\/posts\/23984\/revisions\/23987"}],"wp:featuredmedia":[{"embeddable":true,"href":"https:\/\/novosaopaulo.com.br\/n1\/wp-json\/wp\/v2\/media\/23976"}],"wp:attachment":[{"href":"https:\/\/novosaopaulo.com.br\/n1\/wp-json\/wp\/v2\/media?parent=23984"}],"wp:term":[{"taxonomy":"category","embeddable":true,"href":"https:\/\/novosaopaulo.com.br\/n1\/wp-json\/wp\/v2\/categories?post=23984"},{"taxonomy":"post_tag","embeddable":true,"href":"https:\/\/novosaopaulo.com.br\/n1\/wp-json\/wp\/v2\/tags?post=23984"}],"curies":[{"name":"wp","href":"https:\/\/api.w.org\/{rel}","templated":true}]}}