{"id":23973,"date":"2025-05-20T09:01:43","date_gmt":"2025-05-20T12:01:43","guid":{"rendered":"https:\/\/novosaopaulo.com.br\/n1\/?p=23973"},"modified":"2025-05-20T09:01:44","modified_gmt":"2025-05-20T12:01:44","slug":"o-tempo-de-alcancar-o-mundo-novo","status":"publish","type":"post","link":"https:\/\/novosaopaulo.com.br\/n1\/o-tempo-de-alcancar-o-mundo-novo\/","title":{"rendered":"O tempo de alcan\u00e7ar o Mundo Novo"},"content":{"rendered":"\n<p>A tend\u00eancia pol\u00edtica e administrativa costuma mudar a cada 15 ou 20 anos em todo o mundo, especialmente nos pa\u00edses que se apresentam como de regime democr\u00e1tico. No final do ano passado, depois que Donald Trump se elegeu para o segundo mandato presidencial nos Estados Unidos, pensou-se que o planeta entraria num novo ciclo. Mas o que poder\u00e1 ser ainda mais determinante \u00e0 mudan\u00e7a estava por acontecer: a morte do Papa Francisco e a elei\u00e7\u00e3o de Le\u00e3o XIV para suced\u00ea-lo.<br>Trump sacudiu o mundo com o aumento das tarifas no com\u00e9rcio internacional de seu pais \u2013 a maior economia dos quase 200 pa\u00edses do sistema. Mas o que chama aten\u00e7\u00e3o e abre novas expectativas \u00e9 o novo Papa, que \u2013 ao contr\u00e1rio de antecessores \u2013 n\u00e3o \u00e9 militante e nem simpatizante declarado de direita, nem de esquerda. Espera-se dele o necess\u00e1rio ju\u00edzo e equil\u00edbrio para que sua poss\u00edvel neutralidade ideol\u00f3gica o permita dialogar com todas as correntes e executar o que melhor possa atender aos interesses da Igreja e dos seus quase 1,5 bilh\u00e3o de seguidores. Livre de amarras e parcerias com governos muitas vezes equivocados, a milenar institui\u00e7\u00e3o poder\u00e1 melhor atender, assistir e encaminhar seus fi\u00e9is e contribuir para a evolu\u00e7\u00e3o da sociedade.<br>A pol\u00edtica internacional vem conturbada h\u00e1 pelo menos tr\u00eas d\u00e9cadas. Direita e esquerda jogam duras quedas de bra\u00e7o e n\u00e3o chegam ao ponto. N\u00e3o h\u00e1 procedimento mais indevido do que, depois da derrocada da Uni\u00e3o Sovi\u00e9tica \u2013 que se esfacelou na virada dos anos 80 para 90 \u2013 os l\u00edderes de esquerda da Am\u00e9rica Latina tentaram aqui montar a URSAL, uma rep\u00fablica ao padr\u00e3o sovi\u00e9tico, que nem chegou a sair do papel por ser invi\u00e1vel mas rendeu muitos e enganosos discursos. Nas \u00faltimas d\u00e9cadas, o povo de dezenas de pa\u00edses tem se rebelado e votado contra os candidatos dos que se encontram no poder e, pelo visto, n\u00e3o atendem \u00e0s aspira\u00e7\u00f5es comunit\u00e1rias. H\u00e1 exemplos marcantes, como o da Argentina, onde o candidato de direita derrotou o governante de esquerda e em pouco mais de um ano de governo j\u00e1 consertou a economia do pa\u00eds, baixando a infla\u00e7\u00e3o de 30% para 5% ao m\u00eas. H\u00e1, tamb\u00e9m, o mau exemplo da Venezuela, onde o ditador perdeu a elei\u00e7\u00e3o e, mesmo assim, continua governando. Aqui no Brasil temos a inconceb\u00edvel luta Lula-Bolsonaro, que ningu\u00e9m, no momento, seria capaz de prever seguramente como terminar\u00e1.<br>A voracidade das estruturas pol\u00edticas e de seus integrantes constituem o grande entrave ao desenvolvimento. As Constitui\u00e7\u00f5es \u2013 inclusive a brasileira \u2013 elaboradas em tempos onde a classe pol\u00edtica carregava o estandarte do regime democr\u00e1tico como escudo, perecem, na maioria das vezes, diante do interesse e da for\u00e7a dos pol\u00edticos e servidores de altos escal\u00f5es, que n\u00e3o vacilam em ignorar os mandamentos de suas cartas magnas para implantar seus interesses que, muitas vezes, vilipendiar o regime pol\u00edtico e provocam trauma \u00e0 economia do Estado.<br>O mundo j\u00e1 viu e entendeu que os movimentos de Donald Trump, embora impactem 180 pa\u00edses que transacionam com os EUA, tem como objetivo principal, socorrer a economia americana que sofre com a presen\u00e7a do d\u00f3lar como moeda internacional sujeita a d\u00e9ficit inflacion\u00e1rio. Tudo o mais que o governo estadunidense realizar, n\u00e3o ter\u00e1 o mesmo e extenso impacto do \u201ctarifa\u00e7o\u201d. Com ele, o presidente quer potencializar a economia.<br>A grande inc\u00f3gnita no momento est\u00e1 no papa Le\u00e3o XIV. Norte-americano nato, teve ele significativa parte de sua atua\u00e7\u00e3o na Igreja do Peru, onde chegou a ser o dirigente m\u00e1ximo. Atuou os \u00faltimos anos no Vaticano, em altas fun\u00e7\u00f5es. O mundo espera que sua cultura e conhecimento sejam a grande alavanca para colocar a igreja a servi\u00e7o dos povos, pacificar a rela\u00e7\u00e3o entre as na\u00e7\u00f5es e criar ambiente favor\u00e1vel para que os povos vivam e convivam bem. E que, se poss\u00edvel, a Igreja Cat\u00f3lica Apost\u00f3lica Romana sirva de exemplo indutor para as demais institui\u00e7\u00f5es religiosas \u2013 crist\u00e3s ou n\u00e3o \u2013 tamb\u00e9m atuem no socorro e promo\u00e7\u00e3o da vida humana\u2026<br>Tenente Dirceu Cardoso Gon\u00e7alves &#8211; dirigente da ASPOMIL (Associa\u00e7\u00e3o de Assist. Social dos Policiais Militares de S\u00e3o Paulo).<\/p>\n","protected":false},"excerpt":{"rendered":"<p>A tend\u00eancia pol\u00edtica e administrativa costuma mudar a cada 15 ou 20 anos em todo&#8230;<\/p>\n","protected":false},"author":1,"featured_media":23327,"comment_status":"open","ping_status":"open","sticky":false,"template":"","format":"standard","meta":{"footnotes":""},"categories":[9],"tags":[],"featured_image_urls":{"full":["https:\/\/novosaopaulo.com.br\/n1\/wp-content\/uploads\/2025\/04\/Tenente-Dirceu-Cardoso-Goncalves.jpg",600,564,false],"thumbnail":["https:\/\/novosaopaulo.com.br\/n1\/wp-content\/uploads\/2025\/04\/Tenente-Dirceu-Cardoso-Goncalves-150x150.jpg",150,150,true],"medium":["https:\/\/novosaopaulo.com.br\/n1\/wp-content\/uploads\/2025\/04\/Tenente-Dirceu-Cardoso-Goncalves-300x282.jpg",300,282,true],"medium_large":["https:\/\/novosaopaulo.com.br\/n1\/wp-content\/uploads\/2025\/04\/Tenente-Dirceu-Cardoso-Goncalves.jpg",600,564,false],"large":["https:\/\/novosaopaulo.com.br\/n1\/wp-content\/uploads\/2025\/04\/Tenente-Dirceu-Cardoso-Goncalves.jpg",600,564,false],"1536x1536":["https:\/\/novosaopaulo.com.br\/n1\/wp-content\/uploads\/2025\/04\/Tenente-Dirceu-Cardoso-Goncalves.jpg",600,564,false],"2048x2048":["https:\/\/novosaopaulo.com.br\/n1\/wp-content\/uploads\/2025\/04\/Tenente-Dirceu-Cardoso-Goncalves.jpg",600,564,false],"newsever-slider-full":["https:\/\/novosaopaulo.com.br\/n1\/wp-content\/uploads\/2025\/04\/Tenente-Dirceu-Cardoso-Goncalves.jpg",600,564,false],"newsever-featured":["https:\/\/novosaopaulo.com.br\/n1\/wp-content\/uploads\/2025\/04\/Tenente-Dirceu-Cardoso-Goncalves.jpg",600,564,false],"newsever-medium":["https:\/\/novosaopaulo.com.br\/n1\/wp-content\/uploads\/2025\/04\/Tenente-Dirceu-Cardoso-Goncalves-600x475.jpg",600,475,true]},"author_info":{"display_name":"Reda\u00e7\u00e3o","author_link":"https:\/\/novosaopaulo.com.br\/n1\/author\/g5poa\/"},"category_info":"<a href=\"https:\/\/novosaopaulo.com.br\/n1\/category\/geral\/\" rel=\"category tag\">Geral<\/a>","tag_info":"Geral","comment_count":"0","_links":{"self":[{"href":"https:\/\/novosaopaulo.com.br\/n1\/wp-json\/wp\/v2\/posts\/23973"}],"collection":[{"href":"https:\/\/novosaopaulo.com.br\/n1\/wp-json\/wp\/v2\/posts"}],"about":[{"href":"https:\/\/novosaopaulo.com.br\/n1\/wp-json\/wp\/v2\/types\/post"}],"author":[{"embeddable":true,"href":"https:\/\/novosaopaulo.com.br\/n1\/wp-json\/wp\/v2\/users\/1"}],"replies":[{"embeddable":true,"href":"https:\/\/novosaopaulo.com.br\/n1\/wp-json\/wp\/v2\/comments?post=23973"}],"version-history":[{"count":1,"href":"https:\/\/novosaopaulo.com.br\/n1\/wp-json\/wp\/v2\/posts\/23973\/revisions"}],"predecessor-version":[{"id":23974,"href":"https:\/\/novosaopaulo.com.br\/n1\/wp-json\/wp\/v2\/posts\/23973\/revisions\/23974"}],"wp:featuredmedia":[{"embeddable":true,"href":"https:\/\/novosaopaulo.com.br\/n1\/wp-json\/wp\/v2\/media\/23327"}],"wp:attachment":[{"href":"https:\/\/novosaopaulo.com.br\/n1\/wp-json\/wp\/v2\/media?parent=23973"}],"wp:term":[{"taxonomy":"category","embeddable":true,"href":"https:\/\/novosaopaulo.com.br\/n1\/wp-json\/wp\/v2\/categories?post=23973"},{"taxonomy":"post_tag","embeddable":true,"href":"https:\/\/novosaopaulo.com.br\/n1\/wp-json\/wp\/v2\/tags?post=23973"}],"curies":[{"name":"wp","href":"https:\/\/api.w.org\/{rel}","templated":true}]}}