{"id":23930,"date":"2025-05-16T21:11:00","date_gmt":"2025-05-17T00:11:00","guid":{"rendered":"https:\/\/novosaopaulo.com.br\/n1\/?p=23930"},"modified":"2025-05-16T21:12:57","modified_gmt":"2025-05-17T00:12:57","slug":"christine-valenca-cantora-compositora-e-multi-instrumentista-se-apresenta-no-mandarim-da-lagoa-em-um-show-regado-a-historias","status":"publish","type":"post","link":"https:\/\/novosaopaulo.com.br\/n1\/christine-valenca-cantora-compositora-e-multi-instrumentista-se-apresenta-no-mandarim-da-lagoa-em-um-show-regado-a-historias\/","title":{"rendered":"Christine Valen\u00e7a: cantora, compositora e multi-instrumentista, se apresenta no Mandarim da Lagoa, em um show regado a hist\u00f3rias"},"content":{"rendered":"\n<p>Evento, ao som de MPB e do Pop, acontece no dia 23 de maio, \u00e0s 20h30<\/p>\n\n\n\n<p>Abrilhantando o palco do Mandarim da Lagoa, na Zona Sul do Rio de Janeiro, Christine Valen\u00e7a, prima do cantor Alceu Valen\u00e7a, far\u00e1 um show regado a hist\u00f3rias. A apresenta\u00e7\u00e3o dela, que tamb\u00e9m \u00e9 compositora e multi-instrumentista, levando seu p\u00fablico ao amor \u00e0 flor da pele com sua bel\u00edssima voz, em \u00fanica apresenta\u00e7\u00e3o,  ser\u00e1 no pr\u00f3ximo dia 23, \u00e0s 20h30. <\/p>\n\n\n\n<p>Com participa\u00e7\u00e3o especial da cantora Marina Zanol, Christine Valen\u00e7a mostra ao mundo a MPB (M\u00fasica Popular Brasileira), com Maestria, com sua voz de um timbre \u00fanico e sua bel\u00edssima interpreta\u00e7\u00e3o, cantando e encantando a todos. O repert\u00f3rio da noite conta, ainda, com m\u00fasicas de seu \u00e1lbum \u2018Lentes de A\u0302mbar\u2019, que transitam entre o suave e o visceral, sem esquecer de marcantes arranjos em que Christine assume vocais, \u00f3rg\u00e3o e percuss\u00e3o.<\/p>\n\n\n\n<p>Os ingressos j\u00e1 est\u00e3o \u00e0 venda, no valores de R$35 (antecipados) e de R$40 (na hora). Para adquiri-los, basta acessar o link do Sympla, dispon\u00edvel em https:\/\/www.sympla.com.br\/evento\/christine-valenca-apresenta-show-autoral-no-mandarim-da-lagoa-com-participacoes-especiais\/2944339.<\/p>\n\n\n\n<p>Servi\u00e7o:<\/p>\n\n\n\n<p>Endere\u00e7o: Av. Epit\u00e1cio Pessoa, 3111 &#8211; Lagoa, Rio de Janeiro &#8211; RJ, 22471-003<\/p>\n","protected":false},"excerpt":{"rendered":"<p>Evento, ao som de MPB e do Pop, acontece no dia 23 de maio, \u00e0s&#8230;<\/p>\n","protected":false},"author":1,"featured_media":23931,"comment_status":"open","ping_status":"open","sticky":false,"template":"","format":"standard","meta":{"footnotes":""},"categories":[50],"tags":[],"featured_image_urls":{"full":["https:\/\/novosaopaulo.com.br\/n1\/wp-content\/uploads\/2025\/05\/WhatsApp-Image-2025-05-16-at-20.28.57.jpeg",1080,1382,false],"thumbnail":["https:\/\/novosaopaulo.com.br\/n1\/wp-content\/uploads\/2025\/05\/WhatsApp-Image-2025-05-16-at-20.28.57-150x150.jpeg",150,150,true],"medium":["https:\/\/novosaopaulo.com.br\/n1\/wp-content\/uploads\/2025\/05\/WhatsApp-Image-2025-05-16-at-20.28.57-234x300.jpeg",234,300,true],"medium_large":["https:\/\/novosaopaulo.com.br\/n1\/wp-content\/uploads\/2025\/05\/WhatsApp-Image-2025-05-16-at-20.28.57-768x983.jpeg",640,819,true],"large":["https:\/\/novosaopaulo.com.br\/n1\/wp-content\/uploads\/2025\/05\/WhatsApp-Image-2025-05-16-at-20.28.57-800x1024.jpeg",640,819,true],"1536x1536":["https:\/\/novosaopaulo.com.br\/n1\/wp-content\/uploads\/2025\/05\/WhatsApp-Image-2025-05-16-at-20.28.57.jpeg",1080,1382,false],"2048x2048":["https:\/\/novosaopaulo.com.br\/n1\/wp-content\/uploads\/2025\/05\/WhatsApp-Image-2025-05-16-at-20.28.57.jpeg",1080,1382,false],"newsever-slider-full":["https:\/\/novosaopaulo.com.br\/n1\/wp-content\/uploads\/2025\/05\/WhatsApp-Image-2025-05-16-at-20.28.57-1080x845.jpeg",1080,845,true],"newsever-featured":["https:\/\/novosaopaulo.com.br\/n1\/wp-content\/uploads\/2025\/05\/WhatsApp-Image-2025-05-16-at-20.28.57-1024x1310.jpeg",1024,1310,true],"newsever-medium":["https:\/\/novosaopaulo.com.br\/n1\/wp-content\/uploads\/2025\/05\/WhatsApp-Image-2025-05-16-at-20.28.57-720x475.jpeg",720,475,true]},"author_info":{"display_name":"Reda\u00e7\u00e3o","author_link":"https:\/\/novosaopaulo.com.br\/n1\/author\/g5poa\/"},"category_info":"<a href=\"https:\/\/novosaopaulo.com.br\/n1\/category\/resenha-da-atualidade-com-livia-santana\/\" rel=\"category tag\">Resenha da Atualidade com L\u00edvia Santana<\/a>","tag_info":"Resenha da Atualidade com L\u00edvia Santana","comment_count":"0","_links":{"self":[{"href":"https:\/\/novosaopaulo.com.br\/n1\/wp-json\/wp\/v2\/posts\/23930"}],"collection":[{"href":"https:\/\/novosaopaulo.com.br\/n1\/wp-json\/wp\/v2\/posts"}],"about":[{"href":"https:\/\/novosaopaulo.com.br\/n1\/wp-json\/wp\/v2\/types\/post"}],"author":[{"embeddable":true,"href":"https:\/\/novosaopaulo.com.br\/n1\/wp-json\/wp\/v2\/users\/1"}],"replies":[{"embeddable":true,"href":"https:\/\/novosaopaulo.com.br\/n1\/wp-json\/wp\/v2\/comments?post=23930"}],"version-history":[{"count":2,"href":"https:\/\/novosaopaulo.com.br\/n1\/wp-json\/wp\/v2\/posts\/23930\/revisions"}],"predecessor-version":[{"id":23934,"href":"https:\/\/novosaopaulo.com.br\/n1\/wp-json\/wp\/v2\/posts\/23930\/revisions\/23934"}],"wp:featuredmedia":[{"embeddable":true,"href":"https:\/\/novosaopaulo.com.br\/n1\/wp-json\/wp\/v2\/media\/23931"}],"wp:attachment":[{"href":"https:\/\/novosaopaulo.com.br\/n1\/wp-json\/wp\/v2\/media?parent=23930"}],"wp:term":[{"taxonomy":"category","embeddable":true,"href":"https:\/\/novosaopaulo.com.br\/n1\/wp-json\/wp\/v2\/categories?post=23930"},{"taxonomy":"post_tag","embeddable":true,"href":"https:\/\/novosaopaulo.com.br\/n1\/wp-json\/wp\/v2\/tags?post=23930"}],"curies":[{"name":"wp","href":"https:\/\/api.w.org\/{rel}","templated":true}]}}