{"id":23917,"date":"2025-05-16T18:31:51","date_gmt":"2025-05-16T21:31:51","guid":{"rendered":"https:\/\/novosaopaulo.com.br\/n1\/?p=23917"},"modified":"2025-05-16T18:31:52","modified_gmt":"2025-05-16T21:31:52","slug":"poa-lanca-editais-da-lei-aldir-blanc-com-investimento-de-r-800-mil-para-cultura","status":"publish","type":"post","link":"https:\/\/novosaopaulo.com.br\/n1\/poa-lanca-editais-da-lei-aldir-blanc-com-investimento-de-r-800-mil-para-cultura\/","title":{"rendered":"Po\u00e1 lan\u00e7a editais da Lei Aldir Blanc com investimento de R$ 800 mil para cultura"},"content":{"rendered":"\n<p>Artistas ou agentes culturais podem realizar as inscri\u00e7\u00f5es at\u00e9 o dia 19 de maio<\/p>\n\n\n\n<p>A Secretaria de Cultura de Po\u00e1 anunciou o lan\u00e7amento dos editais 002\/2025 e 003\/2025 da Pol\u00edtica Nacional Aldir Blanc (PNAB), que juntos somam um investimento de mais de R$ 800 mil destinados a projetos e coletivos culturais do munic\u00edpio. A iniciativa tem apoio do Governo Federal, por meio do Minist\u00e9rio da Cultura. As inscri\u00e7\u00f5es para os dois editais est\u00e3o abertas at\u00e9 o dia 19 de maio, e dever\u00e3o ser realizadas exclusivamente pelo e-mail poa.pnab1@gmail.com. Podem participar artistas ou agentes culturais que residam e atuem em Po\u00e1 h\u00e1 pelo menos dois anos, com propostas de qualquer linguagem art\u00edstica.<\/p>\n\n\n\n<p>Os projetos dever\u00e3o ser executados no prazo m\u00e1ximo de 6 meses. De acordo com a pasta, 20% dos recursos ser\u00e3o destinados a a\u00e7\u00f5es realizadas em \u00e1reas perif\u00e9ricas ou por povos e comunidades tradicionais. A a\u00e7\u00e3o integra uma pol\u00edtica p\u00fablica mais ampla voltada ao fortalecimento das express\u00f5es culturais locais, sobretudo em regi\u00f5es perif\u00e9ricas e entre comunidades tradicionais.<\/p>\n\n\n\n<p>Segundo o secret\u00e1rio de Cultura de Po\u00e1, Paulo Barbosa, o lan\u00e7amento do PNAB Po\u00e1 dar\u00e1 um grande passo na valoriza\u00e7\u00e3o da cultura local. \u201cEste \u00e9 um momento hist\u00f3rico para a cultura poaense. Com esses recursos vamos apoiar diretamente quem produz arte e cultura em nossa cidade\u201d, afirma o prefeito<\/p>\n\n\n\n<p>Como parte da implementa\u00e7\u00e3o dos editais, a Prefeitura de Po\u00e1 tamb\u00e9m realizar\u00e1 duas a\u00e7\u00f5es formativas on-line com o objetivo de orientar a comunidade cultural sobre a participa\u00e7\u00e3o nos editais. No dia 14, \u00e0s 19 horas, ser\u00e1 realizada a Leitura Explicativa dos Editais em um encontro via Google Meet, para detalhar os crit\u00e9rios, prazos e formas de inscri\u00e7\u00e3o. J\u00e1 no dia 17, das 9h \u00e0s 12 horas, acontece a Oficina de Escrita de Projetos, tamb\u00e9m on-line, voltada a quem deseja aprimorar a elabora\u00e7\u00e3o das propostas a serem inscritas. Para obter o link das a\u00e7\u00f5es formativas basta entrar em contato com a Secretaria de Cultura.<\/p>\n\n\n\n<p>Para os editais, ser\u00e3o contempladas 26 propostas culturais, divididas da seguinte forma:<\/p>\n\n\n\n<ul>\n<li>Edital 002\/2025 &#8211; Cultura Viva (Pontos e Pont\u00f5es de Cultura): Premia\u00e7\u00e3o de R$ 25 mil para at\u00e9 10 entidades ou coletivos, com ou sem CNPJ, certificados ou n\u00e3o pelo Minist\u00e9rio da Cultura. \u00c9 necess\u00e1rio comprovar pelo menos dois anos de atua\u00e7\u00e3o cultural e possuir endere\u00e7o em Po\u00e1. 30% das vagas s\u00e3o reservadas para culturas populares e tradicionais.<\/li>\n\n\n\n<li>Edital 003\/2025 &#8211; Projetos Culturais: Apoio financeiro para at\u00e9 16 projetos nas seguintes categorias:<\/li>\n\n\n\n<li>5 projetos de R$ 15 mil<\/li>\n\n\n\n<li>5 projetos de R$ 30 mil<\/li>\n\n\n\n<li>6 projetos de R$ 40 mil<\/li>\n<\/ul>\n\n\n\n<p>O edital completo 002\/2025 est\u00e1 na barra de tarefas, do site da Prefeitura de Po\u00e1 (www.poa.sp;gov.br), no link publica\u00e7\u00f5es oficiais. Ao entrar no Di\u00e1rio Oficial basta clicar no link Edi\u00e7\u00e3o n\u00b0 813 09\/05\/2025. o edital completo 003\/2025 ser\u00e1 encontrado a partir da p\u00e1gina 38 do mesmo arquivo.<\/p>\n\n\n\n<p>Para quem tiver d\u00favidas sobre os editais ou quiser orienta\u00e7\u00e3o individual, a Secretaria de Cultura disponibiliza o e-mail cultura@poa.sp.gov.br e o telefone (11) 4638-8804 para agendamento de atendimentos presenciais.<\/p>\n\n\n\n<p>Foto: Nivaldo Alves<\/p>\n","protected":false},"excerpt":{"rendered":"<p>Artistas ou agentes culturais podem realizar as inscri\u00e7\u00f5es at\u00e9 o dia 19 de maio A&#8230;<\/p>\n","protected":false},"author":1,"featured_media":23918,"comment_status":"open","ping_status":"open","sticky":false,"template":"","format":"standard","meta":{"footnotes":""},"categories":[8],"tags":[],"featured_image_urls":{"full":["https:\/\/novosaopaulo.com.br\/n1\/wp-content\/uploads\/2025\/05\/teatro_fachada.jpg",1600,721,false],"thumbnail":["https:\/\/novosaopaulo.com.br\/n1\/wp-content\/uploads\/2025\/05\/teatro_fachada-150x150.jpg",150,150,true],"medium":["https:\/\/novosaopaulo.com.br\/n1\/wp-content\/uploads\/2025\/05\/teatro_fachada-300x135.jpg",300,135,true],"medium_large":["https:\/\/novosaopaulo.com.br\/n1\/wp-content\/uploads\/2025\/05\/teatro_fachada-768x346.jpg",640,288,true],"large":["https:\/\/novosaopaulo.com.br\/n1\/wp-content\/uploads\/2025\/05\/teatro_fachada-1024x461.jpg",640,288,true],"1536x1536":["https:\/\/novosaopaulo.com.br\/n1\/wp-content\/uploads\/2025\/05\/teatro_fachada-1536x692.jpg",1536,692,true],"2048x2048":["https:\/\/novosaopaulo.com.br\/n1\/wp-content\/uploads\/2025\/05\/teatro_fachada.jpg",1600,721,false],"newsever-slider-full":["https:\/\/novosaopaulo.com.br\/n1\/wp-content\/uploads\/2025\/05\/teatro_fachada-1280x721.jpg",1280,721,true],"newsever-featured":["https:\/\/novosaopaulo.com.br\/n1\/wp-content\/uploads\/2025\/05\/teatro_fachada-1024x461.jpg",1024,461,true],"newsever-medium":["https:\/\/novosaopaulo.com.br\/n1\/wp-content\/uploads\/2025\/05\/teatro_fachada-720x475.jpg",720,475,true]},"author_info":{"display_name":"Reda\u00e7\u00e3o","author_link":"https:\/\/novosaopaulo.com.br\/n1\/author\/g5poa\/"},"category_info":"<a href=\"https:\/\/novosaopaulo.com.br\/n1\/category\/poa\/\" rel=\"category tag\">Po\u00e1<\/a>","tag_info":"Po\u00e1","comment_count":"0","_links":{"self":[{"href":"https:\/\/novosaopaulo.com.br\/n1\/wp-json\/wp\/v2\/posts\/23917"}],"collection":[{"href":"https:\/\/novosaopaulo.com.br\/n1\/wp-json\/wp\/v2\/posts"}],"about":[{"href":"https:\/\/novosaopaulo.com.br\/n1\/wp-json\/wp\/v2\/types\/post"}],"author":[{"embeddable":true,"href":"https:\/\/novosaopaulo.com.br\/n1\/wp-json\/wp\/v2\/users\/1"}],"replies":[{"embeddable":true,"href":"https:\/\/novosaopaulo.com.br\/n1\/wp-json\/wp\/v2\/comments?post=23917"}],"version-history":[{"count":1,"href":"https:\/\/novosaopaulo.com.br\/n1\/wp-json\/wp\/v2\/posts\/23917\/revisions"}],"predecessor-version":[{"id":23919,"href":"https:\/\/novosaopaulo.com.br\/n1\/wp-json\/wp\/v2\/posts\/23917\/revisions\/23919"}],"wp:featuredmedia":[{"embeddable":true,"href":"https:\/\/novosaopaulo.com.br\/n1\/wp-json\/wp\/v2\/media\/23918"}],"wp:attachment":[{"href":"https:\/\/novosaopaulo.com.br\/n1\/wp-json\/wp\/v2\/media?parent=23917"}],"wp:term":[{"taxonomy":"category","embeddable":true,"href":"https:\/\/novosaopaulo.com.br\/n1\/wp-json\/wp\/v2\/categories?post=23917"},{"taxonomy":"post_tag","embeddable":true,"href":"https:\/\/novosaopaulo.com.br\/n1\/wp-json\/wp\/v2\/tags?post=23917"}],"curies":[{"name":"wp","href":"https:\/\/api.w.org\/{rel}","templated":true}]}}