{"id":23874,"date":"2025-05-14T18:21:29","date_gmt":"2025-05-14T21:21:29","guid":{"rendered":"https:\/\/novosaopaulo.com.br\/n1\/?p=23874"},"modified":"2025-05-14T18:22:27","modified_gmt":"2025-05-14T21:22:27","slug":"teatro-santander-abre-venda-de-ingressos-para-concerto-de-joao-carlos-martins-eorquestra-bachiana-sesi-sp-em-18-de-junho","status":"publish","type":"post","link":"https:\/\/novosaopaulo.com.br\/n1\/teatro-santander-abre-venda-de-ingressos-para-concerto-de-joao-carlos-martins-eorquestra-bachiana-sesi-sp-em-18-de-junho\/","title":{"rendered":"Teatro Santander abre venda de ingressos para concerto de Jo\u00e3o Carlos Martins eOrquestra Bachiana SESI-SP em 18 de junho"},"content":{"rendered":"\n<p>Apresentado pelo Minist\u00e9rio da Cultura e Santander, espet\u00e1culo destaca o Bolero de<br>Ravel e grandes temas do cinema<\/p>\n\n\n\n<p>O maestro Jo\u00e3o Carlos Martins e a Bachiana Filarm\u00f4nica SESI-SP far\u00e3o uma<br>apresenta\u00e7\u00e3o especial no Teatro Santander, em S\u00e3o Paulo, no dia 18 de junho, \u00e0s 21h.<br>O concerto promete uma noite emocionante para os amantes da m\u00fasica cl\u00e1ssica,<br>com um repert\u00f3rio que celebra a genialidade de Maurice Ravel, incluindo uma<br>interpreta\u00e7\u00e3o de seu ic\u00f4nico Bolero, obra que atravessa gera\u00e7\u00f5es e se mant\u00e9m como<br>um dos mais reconhecidos e aclamados temas da m\u00fasica cl\u00e1ssica.<br>J\u00e1 ao piano, Jo\u00e3o Carlos Martins interpretar\u00e1 algumas faixas que conectam a m\u00fasica \u00e0<br>s\u00e9tima arte, como Insensatez, de Tom Jobim; Libertango, de Astor Piazzolla;<br>Schindler&#8217;s List Main Theme, de John Williams; e Cinema Paradiso, de Ennio<br>Morricone.<br>Os ingressos podem ser adquiridos pela plataforma Sympla. O concerto ser\u00e1 realizado<br>por meio das Leis de Incentivo do Governo Federal e contar\u00e1 com acessibilidade &#8211;<br>libras e audiodescri\u00e7\u00e3o.<br>Servi\u00e7o &#8211; Maestro Jo\u00e3o Carlos Martins e Orquestra Bachiana SESI-SP no Teatro<br>Santander<br>Data: 18 de junho de 2025<br>Hor\u00e1rio: 21h (1h10 de dura\u00e7\u00e3o)<br>Local: Teatro Santander (Av. Pres. Juscelino Kubitschek, 2041 &#8211; Itaim Bibi, S\u00e3o Paulo)<br>Ingressos: A partir de R$19,80. Vendas na bilheteria do Teatro Santander e online no<br>site da Sympla: https:\/\/bileto.sympla.com.br\/event\/105971\/d\/317197<br>Informa\u00e7\u00f5es: fundacao@fundacaobachiana.org.br<br>Sobre Jo\u00e3o Carlos Martins<br>Jo\u00e3o Carlos Martins, maestro e m\u00fasico brasileiro, possui uma trajet\u00f3ria singular no<br>cen\u00e1rio musical do s\u00e9culo XX. Reconhecido como um dos maiores int\u00e9rpretes de<br>Johann Sebastian Bach, sua carreira atingiu o \u00e1pice com a grava\u00e7\u00e3o da obra completa<br>para teclado do renomado compositor. No entanto, sua jornada foi marcada por<br>desafios f\u00edsicos, que ele superou com resili\u00eancia e determina\u00e7\u00e3o, redirecionando sua<br>paix\u00e3o pela m\u00fasica para a reg\u00eancia.<br>Em 2020, Jo\u00e3o Carlos Martins emocionou o mundo ao voltar a tocar piano utilizando<br>luvas bi\u00f4nicas avan\u00e7adas, mostrando sua capacidade de superar obst\u00e1culos e sua<br>criatividade em nome da m\u00fasica.<br>Sobre a Orquestra Bachiana Filarm\u00f4nica SESI-SP<br>A Bachiana Filarm\u00f4nica fez seu primeiro concerto em 2004 na prestigiada Sala S\u00e3o<br>Paulo. Depois disso, com um repert\u00f3rio que inclui sinfonias de Beethoven, Brahms,<br>Tchaikovsky, etc. Em 2006, o maestro Jo\u00e3o Carlos Martins fundou a Orquestra<br>Bachiana Jovem, que tinha por objetivo trabalhar na evolu\u00e7\u00e3o musical de jovens<br>musicistas e ao mesmo tempo democratizar a m\u00fasica cl\u00e1ssica, apresentando-se para<br>pessoas que jamais tiveram acesso \u00e0s salas de concerto.<br>Em 2009 as duas orquestras fundiram-se, formando a Bachiana Filarm\u00f4nica SESI-S\u00e3o<br>Paulo, um grupo composto por alguns dos melhores profissionais brasileiros, e de<br>jovens que se destacaram sobremaneira no universo da m\u00fasica cl\u00e1ssica no Brasil, no<br>total de 65 m\u00fasicos. Naquele ano, foi adotada pelo SESI de S\u00e3o Paulo, formando hoje<br>a maior orquestra da iniciativa privada do Brasil, sem nunca abandonar seus ideais.<\/p>\n","protected":false},"excerpt":{"rendered":"<p>Apresentado pelo Minist\u00e9rio da Cultura e Santander, espet\u00e1culo destaca o Bolero deRavel e grandes temas&#8230;<\/p>\n","protected":false},"author":1,"featured_media":23875,"comment_status":"open","ping_status":"open","sticky":false,"template":"","format":"standard","meta":{"footnotes":""},"categories":[2],"tags":[],"featured_image_urls":{"full":["https:\/\/novosaopaulo.com.br\/n1\/wp-content\/uploads\/2025\/05\/capa-1747250344381_v2_750x421.jpg.webp",750,421,false],"thumbnail":["https:\/\/novosaopaulo.com.br\/n1\/wp-content\/uploads\/2025\/05\/capa-1747250344381_v2_750x421.jpg-150x150.webp",150,150,true],"medium":["https:\/\/novosaopaulo.com.br\/n1\/wp-content\/uploads\/2025\/05\/capa-1747250344381_v2_750x421.jpg-300x168.webp",300,168,true],"medium_large":["https:\/\/novosaopaulo.com.br\/n1\/wp-content\/uploads\/2025\/05\/capa-1747250344381_v2_750x421.jpg.webp",640,359,false],"large":["https:\/\/novosaopaulo.com.br\/n1\/wp-content\/uploads\/2025\/05\/capa-1747250344381_v2_750x421.jpg.webp",640,359,false],"1536x1536":["https:\/\/novosaopaulo.com.br\/n1\/wp-content\/uploads\/2025\/05\/capa-1747250344381_v2_750x421.jpg.webp",750,421,false],"2048x2048":["https:\/\/novosaopaulo.com.br\/n1\/wp-content\/uploads\/2025\/05\/capa-1747250344381_v2_750x421.jpg.webp",750,421,false],"newsever-slider-full":["https:\/\/novosaopaulo.com.br\/n1\/wp-content\/uploads\/2025\/05\/capa-1747250344381_v2_750x421.jpg.webp",750,421,false],"newsever-featured":["https:\/\/novosaopaulo.com.br\/n1\/wp-content\/uploads\/2025\/05\/capa-1747250344381_v2_750x421.jpg.webp",750,421,false],"newsever-medium":["https:\/\/novosaopaulo.com.br\/n1\/wp-content\/uploads\/2025\/05\/capa-1747250344381_v2_750x421.jpg-720x421.webp",720,421,true]},"author_info":{"display_name":"Reda\u00e7\u00e3o","author_link":"https:\/\/novosaopaulo.com.br\/n1\/author\/g5poa\/"},"category_info":"<a href=\"https:\/\/novosaopaulo.com.br\/n1\/category\/cidades\/\" rel=\"category tag\">Cidades<\/a>","tag_info":"Cidades","comment_count":"0","_links":{"self":[{"href":"https:\/\/novosaopaulo.com.br\/n1\/wp-json\/wp\/v2\/posts\/23874"}],"collection":[{"href":"https:\/\/novosaopaulo.com.br\/n1\/wp-json\/wp\/v2\/posts"}],"about":[{"href":"https:\/\/novosaopaulo.com.br\/n1\/wp-json\/wp\/v2\/types\/post"}],"author":[{"embeddable":true,"href":"https:\/\/novosaopaulo.com.br\/n1\/wp-json\/wp\/v2\/users\/1"}],"replies":[{"embeddable":true,"href":"https:\/\/novosaopaulo.com.br\/n1\/wp-json\/wp\/v2\/comments?post=23874"}],"version-history":[{"count":1,"href":"https:\/\/novosaopaulo.com.br\/n1\/wp-json\/wp\/v2\/posts\/23874\/revisions"}],"predecessor-version":[{"id":23876,"href":"https:\/\/novosaopaulo.com.br\/n1\/wp-json\/wp\/v2\/posts\/23874\/revisions\/23876"}],"wp:featuredmedia":[{"embeddable":true,"href":"https:\/\/novosaopaulo.com.br\/n1\/wp-json\/wp\/v2\/media\/23875"}],"wp:attachment":[{"href":"https:\/\/novosaopaulo.com.br\/n1\/wp-json\/wp\/v2\/media?parent=23874"}],"wp:term":[{"taxonomy":"category","embeddable":true,"href":"https:\/\/novosaopaulo.com.br\/n1\/wp-json\/wp\/v2\/categories?post=23874"},{"taxonomy":"post_tag","embeddable":true,"href":"https:\/\/novosaopaulo.com.br\/n1\/wp-json\/wp\/v2\/tags?post=23874"}],"curies":[{"name":"wp","href":"https:\/\/api.w.org\/{rel}","templated":true}]}}