{"id":23869,"date":"2025-05-14T18:19:02","date_gmt":"2025-05-14T21:19:02","guid":{"rendered":"https:\/\/novosaopaulo.com.br\/n1\/?p=23869"},"modified":"2025-05-14T18:19:03","modified_gmt":"2025-05-14T21:19:03","slug":"itaqua-inaugura-pre-escola-no-jardim-buritis-para-atender-575-estudantes","status":"publish","type":"post","link":"https:\/\/novosaopaulo.com.br\/n1\/itaqua-inaugura-pre-escola-no-jardim-buritis-para-atender-575-estudantes\/","title":{"rendered":"Itaqu\u00e1 inaugura pr\u00e9-escola no Jardim Buritis para atender 575 estudantes"},"content":{"rendered":"\n<p>Pr\u00e9dio possui dois pavimentos e 12 salas de aula<\/p>\n\n\n\n<p>A Prefeitura de Itaquaquecetuba inaugurou, na ter\u00e7a-feira (13), a EMEB Professora Francisca Leuda Nogueira da Silva Moreira, no Jardim Buritis. A pr\u00e9-escola tem estrutura moderna e capacidade para 575 estudantes, sendo 425 crian\u00e7as da pr\u00e9-escola, 150 do 1\u00ba ano e 65 vagas remanescentes para 4 e 5 anos.<\/p>\n\n\n\n<p>O pr\u00e9dio possui dois pavimentos com 12 salas de aula, elevador, trocador, refeit\u00f3rio, p\u00e1tio coberto, playground, brinquedoteca, sol\u00e1rio, secretaria, hall de atendimento, sala de reuni\u00e3o, despensa, cozinha, copa, dep\u00f3sito de produtos de limpeza, almoxarifado, estacionamento e sanit\u00e1rios adaptados.<\/p>\n\n\n\n<p>\u201cA nova unidade busca proporcionar um ambiente seguro, moderno e acolhedor para atender ainda mais crian\u00e7as da nossa cidade. Com essa entrega, estamos ampliando o n\u00famero de matr\u00edculas e, consequentemente, auxiliando as mam\u00e3es que precisam trabalhar\u201d, contou a secret\u00e1ria de Educa\u00e7\u00e3o, Maria Cristina Perpetuo.<\/p>\n\n\n\n<p>A cerim\u00f4nia contou com apresenta\u00e7\u00e3o musical dos estudantes e entrega de lembrancinhas. Estiveram presentes no evento o prefeito Eduardo Boigues, autoridades municipais, familiares da patronesse, al\u00e9m de moradores.<\/p>\n\n\n\n<p>\u201cA educa\u00e7\u00e3o \u00e9 um compromisso da gest\u00e3o desde 2021. Hoje estamos entregando a 33\u00aa unidade para proporcionar um ambiente de aprendizado e conforto para as crian\u00e7as se desenvolverem. Essa \u00e9 a porta para alcan\u00e7ar um futuro brilhante\u201d, completou o prefeito.<\/p>\n\n\n\n<figure class=\"wp-block-gallery has-nested-images columns-default is-cropped wp-block-gallery-1 is-layout-flex wp-block-gallery-is-layout-flex\">\n<figure class=\"wp-block-image size-large\"><img fetchpriority=\"high\" decoding=\"async\" width=\"682\" height=\"1024\" data-id=\"23871\" src=\"https:\/\/novosaopaulo.com.br\/n1\/wp-content\/uploads\/2025\/05\/WhatsApp-Image-2025-05-14-at-16.09.15-1-682x1024.jpeg\" alt=\"\" class=\"wp-image-23871\" srcset=\"https:\/\/novosaopaulo.com.br\/n1\/wp-content\/uploads\/2025\/05\/WhatsApp-Image-2025-05-14-at-16.09.15-1-682x1024.jpeg 682w, https:\/\/novosaopaulo.com.br\/n1\/wp-content\/uploads\/2025\/05\/WhatsApp-Image-2025-05-14-at-16.09.15-1-200x300.jpeg 200w, https:\/\/novosaopaulo.com.br\/n1\/wp-content\/uploads\/2025\/05\/WhatsApp-Image-2025-05-14-at-16.09.15-1-768x1153.jpeg 768w, https:\/\/novosaopaulo.com.br\/n1\/wp-content\/uploads\/2025\/05\/WhatsApp-Image-2025-05-14-at-16.09.15-1-1023x1536.jpeg 1023w, https:\/\/novosaopaulo.com.br\/n1\/wp-content\/uploads\/2025\/05\/WhatsApp-Image-2025-05-14-at-16.09.15-1-1024x1537.jpeg 1024w, https:\/\/novosaopaulo.com.br\/n1\/wp-content\/uploads\/2025\/05\/WhatsApp-Image-2025-05-14-at-16.09.15-1.jpeg 1066w\" sizes=\"(max-width: 682px) 100vw, 682px\" \/><\/figure>\n\n\n\n<figure class=\"wp-block-image size-large\"><img decoding=\"async\" width=\"682\" height=\"1024\" data-id=\"23872\" src=\"https:\/\/novosaopaulo.com.br\/n1\/wp-content\/uploads\/2025\/05\/WhatsApp-Image-2025-05-14-at-16.09.15-682x1024.jpeg\" alt=\"\" class=\"wp-image-23872\" srcset=\"https:\/\/novosaopaulo.com.br\/n1\/wp-content\/uploads\/2025\/05\/WhatsApp-Image-2025-05-14-at-16.09.15-682x1024.jpeg 682w, https:\/\/novosaopaulo.com.br\/n1\/wp-content\/uploads\/2025\/05\/WhatsApp-Image-2025-05-14-at-16.09.15-200x300.jpeg 200w, https:\/\/novosaopaulo.com.br\/n1\/wp-content\/uploads\/2025\/05\/WhatsApp-Image-2025-05-14-at-16.09.15-768x1153.jpeg 768w, https:\/\/novosaopaulo.com.br\/n1\/wp-content\/uploads\/2025\/05\/WhatsApp-Image-2025-05-14-at-16.09.15-1023x1536.jpeg 1023w, https:\/\/novosaopaulo.com.br\/n1\/wp-content\/uploads\/2025\/05\/WhatsApp-Image-2025-05-14-at-16.09.15-1024x1537.jpeg 1024w, https:\/\/novosaopaulo.com.br\/n1\/wp-content\/uploads\/2025\/05\/WhatsApp-Image-2025-05-14-at-16.09.15.jpeg 1066w\" sizes=\"(max-width: 682px) 100vw, 682px\" \/><\/figure>\n<\/figure>\n\n\n\n<p>Fotos: Dayane Oliveira<\/p>\n","protected":false},"excerpt":{"rendered":"<p>Pr\u00e9dio possui dois pavimentos e 12 salas de aula A Prefeitura de Itaquaquecetuba inaugurou, na&#8230;<\/p>\n","protected":false},"author":1,"featured_media":23870,"comment_status":"open","ping_status":"open","sticky":false,"template":"","format":"standard","meta":{"footnotes":""},"categories":[34],"tags":[],"featured_image_urls":{"full":["https:\/\/novosaopaulo.com.br\/n1\/wp-content\/uploads\/2025\/05\/WhatsApp-Image-2025-05-14-at-16.09.16.jpeg",1600,1066,false],"thumbnail":["https:\/\/novosaopaulo.com.br\/n1\/wp-content\/uploads\/2025\/05\/WhatsApp-Image-2025-05-14-at-16.09.16-150x150.jpeg",150,150,true],"medium":["https:\/\/novosaopaulo.com.br\/n1\/wp-content\/uploads\/2025\/05\/WhatsApp-Image-2025-05-14-at-16.09.16-300x200.jpeg",300,200,true],"medium_large":["https:\/\/novosaopaulo.com.br\/n1\/wp-content\/uploads\/2025\/05\/WhatsApp-Image-2025-05-14-at-16.09.16-768x512.jpeg",640,427,true],"large":["https:\/\/novosaopaulo.com.br\/n1\/wp-content\/uploads\/2025\/05\/WhatsApp-Image-2025-05-14-at-16.09.16-1024x682.jpeg",640,426,true],"1536x1536":["https:\/\/novosaopaulo.com.br\/n1\/wp-content\/uploads\/2025\/05\/WhatsApp-Image-2025-05-14-at-16.09.16-1536x1023.jpeg",1536,1023,true],"2048x2048":["https:\/\/novosaopaulo.com.br\/n1\/wp-content\/uploads\/2025\/05\/WhatsApp-Image-2025-05-14-at-16.09.16.jpeg",1600,1066,false],"newsever-slider-full":["https:\/\/novosaopaulo.com.br\/n1\/wp-content\/uploads\/2025\/05\/WhatsApp-Image-2025-05-14-at-16.09.16-1280x845.jpeg",1280,845,true],"newsever-featured":["https:\/\/novosaopaulo.com.br\/n1\/wp-content\/uploads\/2025\/05\/WhatsApp-Image-2025-05-14-at-16.09.16-1024x682.jpeg",1024,682,true],"newsever-medium":["https:\/\/novosaopaulo.com.br\/n1\/wp-content\/uploads\/2025\/05\/WhatsApp-Image-2025-05-14-at-16.09.16-720x475.jpeg",720,475,true]},"author_info":{"display_name":"Reda\u00e7\u00e3o","author_link":"https:\/\/novosaopaulo.com.br\/n1\/author\/g5poa\/"},"category_info":"<a href=\"https:\/\/novosaopaulo.com.br\/n1\/category\/alto-tiete\/\" rel=\"category tag\">Alto Tiet\u00ea<\/a>","tag_info":"Alto Tiet\u00ea","comment_count":"0","_links":{"self":[{"href":"https:\/\/novosaopaulo.com.br\/n1\/wp-json\/wp\/v2\/posts\/23869"}],"collection":[{"href":"https:\/\/novosaopaulo.com.br\/n1\/wp-json\/wp\/v2\/posts"}],"about":[{"href":"https:\/\/novosaopaulo.com.br\/n1\/wp-json\/wp\/v2\/types\/post"}],"author":[{"embeddable":true,"href":"https:\/\/novosaopaulo.com.br\/n1\/wp-json\/wp\/v2\/users\/1"}],"replies":[{"embeddable":true,"href":"https:\/\/novosaopaulo.com.br\/n1\/wp-json\/wp\/v2\/comments?post=23869"}],"version-history":[{"count":1,"href":"https:\/\/novosaopaulo.com.br\/n1\/wp-json\/wp\/v2\/posts\/23869\/revisions"}],"predecessor-version":[{"id":23873,"href":"https:\/\/novosaopaulo.com.br\/n1\/wp-json\/wp\/v2\/posts\/23869\/revisions\/23873"}],"wp:featuredmedia":[{"embeddable":true,"href":"https:\/\/novosaopaulo.com.br\/n1\/wp-json\/wp\/v2\/media\/23870"}],"wp:attachment":[{"href":"https:\/\/novosaopaulo.com.br\/n1\/wp-json\/wp\/v2\/media?parent=23869"}],"wp:term":[{"taxonomy":"category","embeddable":true,"href":"https:\/\/novosaopaulo.com.br\/n1\/wp-json\/wp\/v2\/categories?post=23869"},{"taxonomy":"post_tag","embeddable":true,"href":"https:\/\/novosaopaulo.com.br\/n1\/wp-json\/wp\/v2\/tags?post=23869"}],"curies":[{"name":"wp","href":"https:\/\/api.w.org\/{rel}","templated":true}]}}