{"id":23858,"date":"2025-05-14T14:35:37","date_gmt":"2025-05-14T17:35:37","guid":{"rendered":"https:\/\/novosaopaulo.com.br\/n1\/?p=23858"},"modified":"2025-05-14T14:35:38","modified_gmt":"2025-05-14T17:35:38","slug":"feira-toblu-moda-consciente-atitude-solidaria-em-edicao-especial-no-tijuca-tenisclube","status":"publish","type":"post","link":"https:\/\/novosaopaulo.com.br\/n1\/feira-toblu-moda-consciente-atitude-solidaria-em-edicao-especial-no-tijuca-tenisclube\/","title":{"rendered":"Feira TOBLU: Moda Consciente, Atitude Solid\u00e1ria em Edi\u00e7\u00e3o Especial no Tijuca T\u00eanisClube."},"content":{"rendered":"\n<p>Nos dias 30 e 31 de maio e 1o de junho, a Feira TOBLU chega ao Tijuca T\u00eanis Clube, no<br>Rio de Janeiro, para a sua primeira edi\u00e7\u00e3o repleta de moda sustent\u00e1vel, impacto social e<br>educa\u00e7\u00e3o ambiental.<\/p>\n\n\n\n<p>Com entrada solid\u00e1ria (1 kg de alimento n\u00e3o perec\u00edvel, destinado a ONGs parceiras), o<br>evento reunir\u00e1 expositores de brech\u00f3s, marcas de upcycling e iniciativas alinhadas ao slow<br>fashion e artesanal, oferecendo ao p\u00fablico a oportunidade de consumir de forma consciente<br>e respons\u00e1vel.<\/p>\n\n\n\n<p>Al\u00e9m das exposi\u00e7\u00f5es, a programa\u00e7\u00e3o contar\u00e1 com:<br>\u2705 Rodas de conversa com influenciadores da moda sustent\u00e1vel, trazendo reflex\u00f5es sobre<br>consumo consciente e a import\u00e2ncia da educa\u00e7\u00e3o para um futuro mais circular.<br>\u2705 Oficinas pr\u00e1ticas, ensinando t\u00e9cnicas de reaproveitamento de materiais e customiza\u00e7\u00e3o<br>de acess\u00f3rios, promovendo a criatividade e a reutiliza\u00e7\u00e3o no vestu\u00e1rio.<br>\u2705 Gastronomia selecionada, oferecendo op\u00e7\u00f5es saborosas.<br>Solidariedade e impacto social<\/p>\n\n\n\n<p>A Feira TOBLU refor\u00e7a seu compromisso com a solidariedade, contando com a participa\u00e7\u00e3o<br>de ONGs e bazares parceiros, como LBV, APAE, Casa Ronald e Rotary Clube. 90% dos<br>lucros arrecadados ser\u00e3o revertidos para essas causas, fortalecendo iniciativas de apoio<br>social e inclus\u00e3o.<\/p>\n\n\n\n<p>Moda e consci\u00eancia clim\u00e1tica na passarela<br>Um dos momentos mais aguardados ser\u00e1 o desfile de moda consciente com os looks dos expositores com uma releitura ao Movimento Woodstock para os dias atuais.<br>A Feira TOBLU reafirma sua miss\u00e3o de transformar o consumo de moda em uma atitude<br>respons\u00e1vel e acess\u00edvel a todos.<br>N\u00e3o perca essa oportunidade de participar desse movimento por um futuro mais<br>sustent\u00e1vel!<br>\ud83d\udccd Local: Tijuca T\u00eanis Clube<br>\ud83d\udcc5 Data: 30 e 31 de maio e 1o de junho<br>\ud83d\udd50 Hor\u00e1rio: 13h \u00e0s 20h<br>\ud83c\udf9f Entrada: 1 kg de alimento n\u00e3o perec\u00edvel<\/p>\n\n\n\n<p>Para mais informa\u00e7\u00f5es, acompanhe o perfil oficial no Instagram:<\/p>\n\n\n\n<p><a href=\"https:\/\/www.instagram.com\/feiratoblu\">@feiratoblu<\/a>.<\/p>\n\n\n\n<figure class=\"wp-block-gallery has-nested-images columns-default is-cropped wp-block-gallery-1 is-layout-flex wp-block-gallery-is-layout-flex\">\n<figure class=\"wp-block-image size-large\"><img fetchpriority=\"high\" decoding=\"async\" width=\"819\" height=\"1024\" data-id=\"23859\" src=\"https:\/\/novosaopaulo.com.br\/n1\/wp-content\/uploads\/2025\/05\/WhatsApp-Image-2025-05-14-at-13.58.14-819x1024.jpeg\" alt=\"\" class=\"wp-image-23859\" srcset=\"https:\/\/novosaopaulo.com.br\/n1\/wp-content\/uploads\/2025\/05\/WhatsApp-Image-2025-05-14-at-13.58.14-819x1024.jpeg 819w, https:\/\/novosaopaulo.com.br\/n1\/wp-content\/uploads\/2025\/05\/WhatsApp-Image-2025-05-14-at-13.58.14-240x300.jpeg 240w, https:\/\/novosaopaulo.com.br\/n1\/wp-content\/uploads\/2025\/05\/WhatsApp-Image-2025-05-14-at-13.58.14-768x960.jpeg 768w, https:\/\/novosaopaulo.com.br\/n1\/wp-content\/uploads\/2025\/05\/WhatsApp-Image-2025-05-14-at-13.58.14-1024x1280.jpeg 1024w, https:\/\/novosaopaulo.com.br\/n1\/wp-content\/uploads\/2025\/05\/WhatsApp-Image-2025-05-14-at-13.58.14.jpeg 1080w\" sizes=\"(max-width: 819px) 100vw, 819px\" \/><\/figure>\n\n\n\n<figure class=\"wp-block-image size-large\"><img decoding=\"async\" width=\"819\" height=\"1024\" data-id=\"23861\" src=\"https:\/\/novosaopaulo.com.br\/n1\/wp-content\/uploads\/2025\/05\/laritoblu2-819x1024.jpg\" alt=\"\" class=\"wp-image-23861\" srcset=\"https:\/\/novosaopaulo.com.br\/n1\/wp-content\/uploads\/2025\/05\/laritoblu2-819x1024.jpg 819w, https:\/\/novosaopaulo.com.br\/n1\/wp-content\/uploads\/2025\/05\/laritoblu2-240x300.jpg 240w, https:\/\/novosaopaulo.com.br\/n1\/wp-content\/uploads\/2025\/05\/laritoblu2-768x960.jpg 768w, https:\/\/novosaopaulo.com.br\/n1\/wp-content\/uploads\/2025\/05\/laritoblu2-1024x1280.jpg 1024w, https:\/\/novosaopaulo.com.br\/n1\/wp-content\/uploads\/2025\/05\/laritoblu2.jpg 1080w\" sizes=\"(max-width: 819px) 100vw, 819px\" \/><\/figure>\n<\/figure>\n","protected":false},"excerpt":{"rendered":"<p>Nos dias 30 e 31 de maio e 1o de junho, a Feira TOBLU chega&#8230;<\/p>\n","protected":false},"author":1,"featured_media":23860,"comment_status":"open","ping_status":"open","sticky":false,"template":"","format":"standard","meta":{"footnotes":""},"categories":[2],"tags":[],"featured_image_urls":{"full":["https:\/\/novosaopaulo.com.br\/n1\/wp-content\/uploads\/2025\/05\/laritoblu1.jpg",1080,1350,false],"thumbnail":["https:\/\/novosaopaulo.com.br\/n1\/wp-content\/uploads\/2025\/05\/laritoblu1-150x150.jpg",150,150,true],"medium":["https:\/\/novosaopaulo.com.br\/n1\/wp-content\/uploads\/2025\/05\/laritoblu1-240x300.jpg",240,300,true],"medium_large":["https:\/\/novosaopaulo.com.br\/n1\/wp-content\/uploads\/2025\/05\/laritoblu1-768x960.jpg",640,800,true],"large":["https:\/\/novosaopaulo.com.br\/n1\/wp-content\/uploads\/2025\/05\/laritoblu1-819x1024.jpg",640,800,true],"1536x1536":["https:\/\/novosaopaulo.com.br\/n1\/wp-content\/uploads\/2025\/05\/laritoblu1.jpg",1080,1350,false],"2048x2048":["https:\/\/novosaopaulo.com.br\/n1\/wp-content\/uploads\/2025\/05\/laritoblu1.jpg",1080,1350,false],"newsever-slider-full":["https:\/\/novosaopaulo.com.br\/n1\/wp-content\/uploads\/2025\/05\/laritoblu1-1080x845.jpg",1080,845,true],"newsever-featured":["https:\/\/novosaopaulo.com.br\/n1\/wp-content\/uploads\/2025\/05\/laritoblu1-1024x1280.jpg",1024,1280,true],"newsever-medium":["https:\/\/novosaopaulo.com.br\/n1\/wp-content\/uploads\/2025\/05\/laritoblu1-720x475.jpg",720,475,true]},"author_info":{"display_name":"Reda\u00e7\u00e3o","author_link":"https:\/\/novosaopaulo.com.br\/n1\/author\/g5poa\/"},"category_info":"<a href=\"https:\/\/novosaopaulo.com.br\/n1\/category\/cidades\/\" rel=\"category tag\">Cidades<\/a>","tag_info":"Cidades","comment_count":"0","_links":{"self":[{"href":"https:\/\/novosaopaulo.com.br\/n1\/wp-json\/wp\/v2\/posts\/23858"}],"collection":[{"href":"https:\/\/novosaopaulo.com.br\/n1\/wp-json\/wp\/v2\/posts"}],"about":[{"href":"https:\/\/novosaopaulo.com.br\/n1\/wp-json\/wp\/v2\/types\/post"}],"author":[{"embeddable":true,"href":"https:\/\/novosaopaulo.com.br\/n1\/wp-json\/wp\/v2\/users\/1"}],"replies":[{"embeddable":true,"href":"https:\/\/novosaopaulo.com.br\/n1\/wp-json\/wp\/v2\/comments?post=23858"}],"version-history":[{"count":1,"href":"https:\/\/novosaopaulo.com.br\/n1\/wp-json\/wp\/v2\/posts\/23858\/revisions"}],"predecessor-version":[{"id":23862,"href":"https:\/\/novosaopaulo.com.br\/n1\/wp-json\/wp\/v2\/posts\/23858\/revisions\/23862"}],"wp:featuredmedia":[{"embeddable":true,"href":"https:\/\/novosaopaulo.com.br\/n1\/wp-json\/wp\/v2\/media\/23860"}],"wp:attachment":[{"href":"https:\/\/novosaopaulo.com.br\/n1\/wp-json\/wp\/v2\/media?parent=23858"}],"wp:term":[{"taxonomy":"category","embeddable":true,"href":"https:\/\/novosaopaulo.com.br\/n1\/wp-json\/wp\/v2\/categories?post=23858"},{"taxonomy":"post_tag","embeddable":true,"href":"https:\/\/novosaopaulo.com.br\/n1\/wp-json\/wp\/v2\/tags?post=23858"}],"curies":[{"name":"wp","href":"https:\/\/api.w.org\/{rel}","templated":true}]}}