{"id":23851,"date":"2025-05-14T10:18:19","date_gmt":"2025-05-14T13:18:19","guid":{"rendered":"https:\/\/novosaopaulo.com.br\/n1\/?p=23851"},"modified":"2025-05-14T10:18:57","modified_gmt":"2025-05-14T13:18:57","slug":"lauana-prado-grava-raiz-belo-horizonte-com-participacoesespeciais-na-proximo-dia-24","status":"publish","type":"post","link":"https:\/\/novosaopaulo.com.br\/n1\/lauana-prado-grava-raiz-belo-horizonte-com-participacoesespeciais-na-proximo-dia-24\/","title":{"rendered":"Lauana Prado grava \u201cRaiz Belo Horizonte\u201d com participa\u00e7\u00f5esespeciais na pr\u00f3ximo dia 24"},"content":{"rendered":"\n<p>O Mineir\u00e3o vai sediar o evento hist\u00f3rico de grava\u00e7\u00e3o do terceiro \u00e1lbum \u201cRaiz\u201d, com<br>as participa\u00e7\u00f5es de Murilo Huff, Elba Ramalho, Paula Fernandes e outro<\/p>\n\n\n\n<p>Belo Horizonte ser\u00e1 o palco da grava\u00e7\u00e3o do projeto audiovisual mais aguardado do<br>sertanejo, o \u201cLauana Prado &#8211; Raiz\u201d. Em formato open air, a artista promete transformar a<br>capital mineira em uma verdadeira \u201cmoagem sertaneja\u201d. O \u201cRAIZ Belo Horizonte\u201d<br>acontecer\u00e1 no dia 24 de maio, s\u00e1bado, no Mineir\u00e3o, que abrir\u00e1 suas portas a partir das 13h<br>para sediar esse momento hist\u00f3rico, que contar\u00e1 com a participa\u00e7\u00e3o de grandes nomes da<br>m\u00fasica brasileira. Os \u00faltimos ingressos podem ser adquiridos no site oficial do evento (<br>https:\/\/lauanapradoraiz.com.br\/).<br>\u201cO repert\u00f3rio deve mesclar can\u00e7\u00f5es in\u00e9ditas e regrava\u00e7\u00f5es, dividindo a narrativa do novo<br>audiovisual em tr\u00eas momentos distintos \u2013 dia, p\u00f4r do sol e noite. \u201cEu fiz quest\u00e3o de trazer 3<br>tempos, tenho uma hist\u00f3ria para contar em cada um deles, e juntos eles formam um enredo<br>lindo que com certeza tem tudo para encantar e emocionar o p\u00fablico\u201d, explica Lauana.<br>&#8220;Isso \u00e9 Lauana Prado Raiz, eu falei Raiz!&#8221; \u00e9 o bord\u00e3o que conquistou o pa\u00eds. O \u201cRaiz Belo<br>Horizonte\u201d ser\u00e1 o terceiro \u00e1lbum \u201cRaiz\u201d, um dos projetos de maior sucesso na carreira da<br>Lauana e do sertanejo. Para abrilhantar ainda mais o set list em Belo Horizonte, Lauana<br>Prado dividir\u00e1 o palco j\u00e1 est\u00e3o confirmadas as participa\u00e7\u00f5es especiais de Murilo Huff, Paula<br>Fernandes e Elba Ramalho. Novos an\u00fancios v\u00e3o surpreender o p\u00fablico at\u00e9 o dia da<br>grava\u00e7\u00e3o.<br>\u25cf Entre as novidades tamb\u00e9m est\u00e3o um novo conceito para o show, com mudan\u00e7as na<br>cenografia, roteiro e repert\u00f3rio, al\u00e9m de inova\u00e7\u00f5es no formato de ingressos.<br>Atendendo aos pedidos dos f\u00e3s, estreia o exclusivo setor \u201cCamarote Bar do Tet\u00e9u\u201d e<br>um camarote open bar, ampliando as op\u00e7\u00f5es de acesso e proporcionando uma<br>experi\u00eancia ainda mais personalizada e inesquec\u00edvel. Al\u00e9m disso, os f\u00e3s de Belo<br>Horizonte ter\u00e3o a oportunidade de adquirir o ingresso &#8220;RAIZ VIP EXPERIENCE\u201d.<br>Conhe\u00e7a os benef\u00edcios dos novos formatos de ingressos:<br><em>RAIZ VIP EXPERIENCE<\/em><br>\u25cf Entrada exclusiva pelo camarote Bar do Tet\u00e9u<br>\u25cf Espa\u00e7o exclusivo dentro do camarote bar do tet\u00e9u<br>\u25cf Convite individual nomeado como &#8220;Convidado da Lauana Prado&#8221;<br>\u25cf Transporte exclusivo em van, ida e volta do show<br>\u25cf Foto garantida com a Lauana Prado<br>\u25cf Acesso a um espa\u00e7o premium no Family &amp; Friends com open bar e open food<br>\u25cf Kit Raiz com itens personalizados e exclusivos<br>\u25cf Atendimento personalizado com concierge<br>\u25cf entre outros benef\u00edcios<br><em>SETOR CAMAROTE BAR DO TET\u00c9U<\/em><br>\u25cf Entrada exclusiva;<br>\u25cf \u00c1rea elevada;<br>\u25cf Bares e gar\u00e7ons exclusivos;<br>\u25cf Banheiro Vip exclusivo.<br>\u25cf (setor n\u00e3o oferece Open Bar)<br><em>CAMAROTE OPEN BAR<\/em><br>\u25cf Entrada exclusiva;<br>\u25cf Banheiro Vip exclusivo;<br>\u25cf Open bar oferece:<br>\u25cf \u00c1gua com e sem g\u00e1s<br>\u25cf Refrigerante<br>\u25cf Cerveja<br>\u25cf Vodka<br>\u25cf Gin<br>\u25cf Whisky<br>\u25cf Suco<br>\u25cf T\u00f4nica<br>Al\u00e9m da grava\u00e7\u00e3o do \u201cRaiz Belo Horizonte\u201d, o evento contar\u00e1 com um after que presenteia<br>o p\u00fablico com um show de Diego &amp; Victor Hugo, encerrando a noite e celebrando o<br>anivers\u00e1rio de Lauana Prado.<br>Produzida em parceria entre LP Music Business, GTS Talent, Box e Nenety eventos, a<br>grava\u00e7\u00e3o do RAIZ Belo Horizonte conta com o patroc\u00ednio da RAM, a picape oficial da label<br>em 2025, e Betnacional.<br>Grava\u00e7\u00e3o &#8211; RAIZ BELO HORIZONTE<br>Data: 24 de maio, s\u00e1bado<br>Hor\u00e1rio: A partir das 13h<br>Local: Mineir\u00e3o &#8211; Av. Presidente Carlos Luz &#8211; S\u00e3o Luiz, Belo Horizonte &#8211; MG<br>Ingressos: https:\/\/lauanapradoraiz.com.br\/<br>Classifica\u00e7\u00e3o 18 anos<br>Sobre a festa \u201cRAIZ\u201d:<br>A festa \u201cRaiz\u201d traz regrava\u00e7\u00f5es de cl\u00e1ssicos da m\u00fasica sertaneja, com muito mod\u00e3o desde<br>os mais rom\u00e2nticos aos dan\u00e7antes, at\u00e9 o toque especial para al\u00e9m dos artistas sertanejos,<br>como Caetano, Alcione, C\u00e1ssia Eller e outros, que ganham vers\u00f5es com um tempero muito<br>particular, que Lauana soube ponderar da maneira certa, e prometem chamar a aten\u00e7\u00e3o de<br>quem vai ouvir.<br>Com o slogan \u201cA festa mais RAIZ desse Brasil\u201d, que foi um sucesso em todo o Brasil em<br>2024, o seu ano de estreia, com ingressos esgotados em todas as cidades por onde passou<br>e encerrou a temporada com uma transmiss\u00e3o ao vivo no Globoplay e Multishow.<br>Em 2025 j\u00e1 est\u00e3o confirmadas edi\u00e7\u00f5es em Curitiba, Belo Horizonte, Goi\u00e2nia, Campinas,<br>Ribeir\u00e3o Preto, Maring\u00e1, S\u00e3o Paulo e Bras\u00edlia. Al\u00e9m de uma nova modalidade de ingressos<br>o \u201cRAIZ VIP EXPERIENCE\u201d, que proporciona ao f\u00e3 uma experi\u00eancia \u00fanica e exclusiva.<br>Sobre o projeto \u201cRaiz\u201d:<br>\u201cRaiz\u201d \u00e9 um projeto completo criado, arranjado e produzido pela Lauana Prado e que<br>atualmente possui duas edi\u00e7\u00f5es. O \u00e1lbum \u201cRaiz ao vivo em S\u00e3o Paulo\u201d, lan\u00e7ado em 2022,<br>foi sucesso absoluto nas plataformas de m\u00fasica e nos palcos. Com 22 faixas, entre elas<br>v\u00e1rios pot-pourris, o projeto audiovisual posicionou Lauana Prado como um dos principais<br>nomes da gera\u00e7\u00e3o atual do sertanejo. Al\u00e9m de ter se consagrado com can\u00e7\u00f5es como \u201cN\u00e3o<br>Aprendi Dizer Adeus\u201d, sucesso da dupla Leandro &amp; Leonardo; \u201cA Ferro e Fogo\u201d, da dupla<br>Zez\u00e9 Di Camargo &amp; Luciano; \u201c200 Por Hora\u201d, de Jorge &amp; Mateus; \u201cEfeitos\u201d, de Cristiano<br>Ara\u00fajo; que ressaltam as ra\u00edzes sertanejas da cantora, Lauana lan\u00e7ou em 2023 \u201cRaiz ao<br>vivo em S\u00e3o Paulo\u201d, que concorreu ao Grammy Latino na categoria \u201cMelhor \u00c1lbum de<br>M\u00fasica Sertaneja\u201d.<br>A segunda edi\u00e7\u00e3o do projeto, o \u00e1lbum \u201cRaiz Goi\u00e2nia\u201d, lan\u00e7ado em 2023, se tornou o \u00e1lbum<br>mais ouvido no Brasil durante algumas semanas no Spotify. Em 2024 foi o 3\u00ba \u00e1lbum mais<br>ouvido no Spotify Brasil e concorreu ao Grammy Latino na categoria \u201cMelhor \u00c1lbum de<br>M\u00fasica Sertaneja\u201d. No repert\u00f3rio, que possui 25 can\u00e7\u00f5es que refor\u00e7am a versatilidade de<br>Lauana Prado para al\u00e9m do sertanejo, uma das can\u00e7\u00f5es de maior sucesso \u00e9 \u201cEscrito nas<br>Estrelas\u201d, originalmente lan\u00e7ada nos anos 80 por Tet\u00ea Esp\u00edndola, e que ap\u00f3s se tornar<br>meme com M\u00e1rcia Fu, no reality \u201cA Fazenda\u201d, conquistou o pa\u00eds na voz de Lauana Prado.<br>\u201cEscrito nas Estrelas\u201d, foi m\u00fasica mais ouvida nas plataformas de streaming e r\u00e1dios<br>brasileiras no primeiro semestre de 2024, ganhou dois Pr\u00eamios Multishow, sendo nas<br>categorias \u201cSertanejo do ano\u201d e \u201cHit do ano\u201d, foi a 7\u00aa m\u00fasica mais ouvida no repeat e a 8\u00aa<br>mais ouvida no Spotify Brasil. Al\u00e9m de se destacar no Youtube sendo o 5\u00ba entre os 10 clipes<br>mais assistidos na plataforma neste ano.<br>Sobre Lauana Prado:<br>Cantora e compositora com mais de 18 anos de carreira, Lauana se destaca pela versatilidade de<br>uma artista que canta m\u00fasica sertaneja que carrega em sua ess\u00eancia. Em seu repert\u00f3rio de<br>sucessos est\u00e3o: \u201cCobaia\u201d, \u201cViva voz\u201d, \u201cWhisky Vagabundo\u201d e \u201cEscrito nas estrelas\u201d, que foi uma das<br>m\u00fasicas mais ouvidas do Brasil nas r\u00e1dios e plataformas de streaming em 2024. Atualmente suas<br>can\u00e7\u00f5es \u201cKamasutra\u201d e \u201cSaudade Burra\u201d, que comp\u00f5em o \u00e1lbum \u201cLauana Prado Transcende- Ao vivo<br>no Ibirapuera\u201d est\u00e3o em destaque no chart das plataformas de streaming. Lauana Prado soma \u00e0 sua<br>carreira 4 indica\u00e7\u00f5es ao Grammy Latino, premia\u00e7\u00f5es e reconhecimentos internacionais, al\u00e9m de<br>diversos discos e singles premiados no Brasil e em Portugal. A cantora se prepara para gravar a<br>terceira edi\u00e7\u00e3o do premiado audiovisual \u201cRAIZ\u201d em Belo Horizonte, trazendo inova\u00e7\u00e3o e novidades<br>para uma das labels de maior sucesso no pa\u00eds.<\/p>\n\n\n\n<figure class=\"wp-block-gallery has-nested-images columns-default is-cropped wp-block-gallery-1 is-layout-flex wp-block-gallery-is-layout-flex\">\n<figure class=\"wp-block-image size-large\"><a href=\"https:\/\/novosaopaulo.com.br\/n1\/wp-content\/uploads\/2025\/05\/FFF04457.jpg\"><img fetchpriority=\"high\" decoding=\"async\" width=\"598\" height=\"898\" data-id=\"23854\" src=\"https:\/\/novosaopaulo.com.br\/n1\/wp-content\/uploads\/2025\/05\/FFF04457.jpg\" alt=\"\" class=\"wp-image-23854\" srcset=\"https:\/\/novosaopaulo.com.br\/n1\/wp-content\/uploads\/2025\/05\/FFF04457.jpg 598w, https:\/\/novosaopaulo.com.br\/n1\/wp-content\/uploads\/2025\/05\/FFF04457-200x300.jpg 200w\" sizes=\"(max-width: 598px) 100vw, 598px\" \/><\/a><\/figure>\n\n\n\n<figure class=\"wp-block-image size-large\"><a href=\"https:\/\/novosaopaulo.com.br\/n1\/wp-content\/uploads\/2025\/05\/FFF04465.jpg\"><img decoding=\"async\" width=\"829\" height=\"552\" data-id=\"23855\" src=\"https:\/\/novosaopaulo.com.br\/n1\/wp-content\/uploads\/2025\/05\/FFF04465.jpg\" alt=\"\" class=\"wp-image-23855\" srcset=\"https:\/\/novosaopaulo.com.br\/n1\/wp-content\/uploads\/2025\/05\/FFF04465.jpg 829w, https:\/\/novosaopaulo.com.br\/n1\/wp-content\/uploads\/2025\/05\/FFF04465-300x200.jpg 300w, https:\/\/novosaopaulo.com.br\/n1\/wp-content\/uploads\/2025\/05\/FFF04465-768x511.jpg 768w\" sizes=\"(max-width: 829px) 100vw, 829px\" \/><\/a><\/figure>\n\n\n\n<figure class=\"wp-block-image size-large\"><a href=\"https:\/\/novosaopaulo.com.br\/n1\/wp-content\/uploads\/2025\/05\/FFF04476.jpg\"><img decoding=\"async\" width=\"564\" height=\"847\" data-id=\"23853\" src=\"https:\/\/novosaopaulo.com.br\/n1\/wp-content\/uploads\/2025\/05\/FFF04476.jpg\" alt=\"\" class=\"wp-image-23853\" srcset=\"https:\/\/novosaopaulo.com.br\/n1\/wp-content\/uploads\/2025\/05\/FFF04476.jpg 564w, https:\/\/novosaopaulo.com.br\/n1\/wp-content\/uploads\/2025\/05\/FFF04476-200x300.jpg 200w\" sizes=\"(max-width: 564px) 100vw, 564px\" \/><\/a><\/figure>\n<\/figure>\n\n\n\n<p>Fotos: F\u00e1bio Ponce<\/p>\n","protected":false},"excerpt":{"rendered":"<p>O Mineir\u00e3o vai sediar o evento hist\u00f3rico de grava\u00e7\u00e3o do terceiro \u00e1lbum \u201cRaiz\u201d, comas participa\u00e7\u00f5es&#8230;<\/p>\n","protected":false},"author":1,"featured_media":23852,"comment_status":"open","ping_status":"open","sticky":false,"template":"","format":"standard","meta":{"footnotes":""},"categories":[2],"tags":[],"featured_image_urls":{"full":["https:\/\/novosaopaulo.com.br\/n1\/wp-content\/uploads\/2025\/05\/WhatsApp-Image-2025-05-14-at-07.53.02.jpeg",485,728,false],"thumbnail":["https:\/\/novosaopaulo.com.br\/n1\/wp-content\/uploads\/2025\/05\/WhatsApp-Image-2025-05-14-at-07.53.02-150x150.jpeg",150,150,true],"medium":["https:\/\/novosaopaulo.com.br\/n1\/wp-content\/uploads\/2025\/05\/WhatsApp-Image-2025-05-14-at-07.53.02-200x300.jpeg",200,300,true],"medium_large":["https:\/\/novosaopaulo.com.br\/n1\/wp-content\/uploads\/2025\/05\/WhatsApp-Image-2025-05-14-at-07.53.02.jpeg",485,728,false],"large":["https:\/\/novosaopaulo.com.br\/n1\/wp-content\/uploads\/2025\/05\/WhatsApp-Image-2025-05-14-at-07.53.02.jpeg",485,728,false],"1536x1536":["https:\/\/novosaopaulo.com.br\/n1\/wp-content\/uploads\/2025\/05\/WhatsApp-Image-2025-05-14-at-07.53.02.jpeg",485,728,false],"2048x2048":["https:\/\/novosaopaulo.com.br\/n1\/wp-content\/uploads\/2025\/05\/WhatsApp-Image-2025-05-14-at-07.53.02.jpeg",485,728,false],"newsever-slider-full":["https:\/\/novosaopaulo.com.br\/n1\/wp-content\/uploads\/2025\/05\/WhatsApp-Image-2025-05-14-at-07.53.02.jpeg",485,728,false],"newsever-featured":["https:\/\/novosaopaulo.com.br\/n1\/wp-content\/uploads\/2025\/05\/WhatsApp-Image-2025-05-14-at-07.53.02.jpeg",485,728,false],"newsever-medium":["https:\/\/novosaopaulo.com.br\/n1\/wp-content\/uploads\/2025\/05\/WhatsApp-Image-2025-05-14-at-07.53.02-485x475.jpeg",485,475,true]},"author_info":{"display_name":"Reda\u00e7\u00e3o","author_link":"https:\/\/novosaopaulo.com.br\/n1\/author\/g5poa\/"},"category_info":"<a href=\"https:\/\/novosaopaulo.com.br\/n1\/category\/cidades\/\" rel=\"category tag\">Cidades<\/a>","tag_info":"Cidades","comment_count":"0","_links":{"self":[{"href":"https:\/\/novosaopaulo.com.br\/n1\/wp-json\/wp\/v2\/posts\/23851"}],"collection":[{"href":"https:\/\/novosaopaulo.com.br\/n1\/wp-json\/wp\/v2\/posts"}],"about":[{"href":"https:\/\/novosaopaulo.com.br\/n1\/wp-json\/wp\/v2\/types\/post"}],"author":[{"embeddable":true,"href":"https:\/\/novosaopaulo.com.br\/n1\/wp-json\/wp\/v2\/users\/1"}],"replies":[{"embeddable":true,"href":"https:\/\/novosaopaulo.com.br\/n1\/wp-json\/wp\/v2\/comments?post=23851"}],"version-history":[{"count":2,"href":"https:\/\/novosaopaulo.com.br\/n1\/wp-json\/wp\/v2\/posts\/23851\/revisions"}],"predecessor-version":[{"id":23857,"href":"https:\/\/novosaopaulo.com.br\/n1\/wp-json\/wp\/v2\/posts\/23851\/revisions\/23857"}],"wp:featuredmedia":[{"embeddable":true,"href":"https:\/\/novosaopaulo.com.br\/n1\/wp-json\/wp\/v2\/media\/23852"}],"wp:attachment":[{"href":"https:\/\/novosaopaulo.com.br\/n1\/wp-json\/wp\/v2\/media?parent=23851"}],"wp:term":[{"taxonomy":"category","embeddable":true,"href":"https:\/\/novosaopaulo.com.br\/n1\/wp-json\/wp\/v2\/categories?post=23851"},{"taxonomy":"post_tag","embeddable":true,"href":"https:\/\/novosaopaulo.com.br\/n1\/wp-json\/wp\/v2\/tags?post=23851"}],"curies":[{"name":"wp","href":"https:\/\/api.w.org\/{rel}","templated":true}]}}